{"id":132130,"date":"2025-05-27T15:58:11","date_gmt":"2025-05-27T15:58:11","guid":{"rendered":"https:\/\/www.europesays.com\/fr\/132130\/"},"modified":"2025-05-27T15:58:11","modified_gmt":"2025-05-27T15:58:11","slug":"non-les-troupes-de-lotan-ne-se-preparent-pas-a-attaquer-la-russie-depuis-lestonie","status":"publish","type":"post","link":"https:\/\/www.europesays.com\/fr\/132130\/","title":{"rendered":"non, les troupes de l&rsquo;OTAN ne se pr\u00e9parent pas \u00e0 attaquer la Russie depuis l&rsquo;Estonie"},"content":{"rendered":"<p>Une vid\u00e9o circulant en ligne pr\u00e9tend montrer des chars britanniques amass\u00e9s \u00e0 Tallin, la capitale estonienne, dans le cadre d&rsquo;un plan suppos\u00e9 de l&rsquo;OTAN visant \u00e0 \u00ab\u00a0attaquer\u00a0\u00bb la ville russe de Saint-P\u00e9tersbourg.<\/p>\n<p>Un <a href=\"https:\/\/x.com\/leandroOnX\/status\/1923457935142748655\" rel=\"nofollow noopener\" target=\"_blank\" data-ylk=\"slk:message;elm:context_link;itc:0;sec:content-canvas\" class=\"link \"><strong>message<\/strong><\/a> X consult\u00e9 plus de 800 000 fois affirme \u00e0 tort que \u00ab\u00a0l&rsquo;OTAN est arriv\u00e9e en Estonie\u00a0\u00bb et que \u00ab\u00a0les soldats et les chars britanniques \u00e0 Tallinn pr\u00e9voient d&rsquo;attaquer Saint-P\u00e9tersbourg\u00a0\u00bb.<\/p>\n<p>Au moment de la publication de cet article, aucune note de la communaut\u00e9 avertissant les utilisateurs de la fausse information n&rsquo;a \u00e9t\u00e9 ajout\u00e9e au message sur la plateforme appartenant \u00e0 Elon Musk.<\/p>\n<p>La m\u00eame affirmation a \u00e9t\u00e9 amplifi\u00e9e sur d&rsquo;autres r\u00e9seaux sociaux, notamment Instagram et Facebook.<\/p>\n<p>Les images montrent en r\u00e9alit\u00e9 un d\u00e9fil\u00e9 militaire au mois de f\u00e9vrier<\/p>\n<p>EuroVerify a d\u00e9termin\u00e9 que les images montrent en fait les Royal Dragoon Guards de l&rsquo;arm\u00e9e britannique \u00e0 Tallinn le 24 f\u00e9vrier 2025, dans le cadre d&rsquo;un d\u00e9fil\u00e9 c\u00e9l\u00e9brant le jour de l&rsquo;ind\u00e9pendance de l&rsquo;Estonie.<\/p>\n<p><img decoding=\"async\" class=\"caas-img caas-lazy has-preview\" alt=\"Cette vid\u00e9o pr\u00e9tend \u00e0 tort que l'OTAN se pr\u00e9pare \u00e0 attaquer la Russie depuis Tallinn\" src=\"https:\/\/www.europesays.com\/fr\/wp-content\/uploads\/2025\/05\/f17a59172d352d1766099cb8e606d3c8.jpeg\"\/><\/p>\n<p> Cette vid\u00e9o pr\u00e9tend \u00e0 tort que l&rsquo;OTAN se pr\u00e9pare \u00e0 attaquer la Russie depuis Tallinn   &#8211; Euronews 2025 <\/p>\n<p>Plus d&rsquo;un millier de soldats des forces de d\u00e9fense estoniennes et des pays alli\u00e9s de l&rsquo;OTAN ont pris part \u00e0 ce d\u00e9fil\u00e9 militaire annuel qui marquait le 107e anniversaire de l&rsquo;ind\u00e9pendance de l&rsquo;Estonie.<\/p>\n<p>Des v\u00e9hicules du Royaume-Uni, de la France et des \u00c9tats-Unis faisaient partie du cort\u00e8ge annuel.<\/p>\n<p>EuroVerify a identifi\u00e9 <strong>le site de la vid\u00e9o<\/strong> dans le centre de Tallinn, pr\u00e8s du th\u00e9\u00e2tre dramatique estonien.<\/p>\n<p><img decoding=\"async\" class=\"caas-img caas-lazy has-preview\" alt=\"Le site o\u00f9 la vid\u00e9o a \u00e9t\u00e9 film\u00e9e dans le centre de Tallinn, selon l'analyse d'EuroVerify\" src=\"https:\/\/www.europesays.com\/fr\/wp-content\/uploads\/2025\/05\/48d7b868d42cc718474db8a1f7df5dd8.jpeg\"\/><\/p>\n<p> Le site o\u00f9 la vid\u00e9o a \u00e9t\u00e9 film\u00e9e dans le centre de Tallinn, selon l&rsquo;analyse d&rsquo;EuroVerify   &#8211; Euronews 2025 <\/p>\n<p>La m\u00eame adresse a \u00e9t\u00e9 <a href=\"https:\/\/news.err.ee\/1609258811\/independence-day-parade-reroutes-tallinn-traffic\" rel=\"nofollow noopener\" target=\"_blank\" data-ylk=\"slk:ferm\u00e9e \u00e0 la circulation;elm:context_link;itc:0;sec:content-canvas\" class=\"link \"><strong>ferm\u00e9e \u00e0 la circulation<\/strong><\/a> pendant le d\u00e9fil\u00e9 pour permettre le passage des chars.<\/p>\n<p>De plus, en regardant de plus pr\u00e8s la plaque d&rsquo;immatriculation du char vu dans la vid\u00e9o (DT16AA), on constate qu&rsquo;elle correspond \u00e0 celle d&rsquo;un <a href=\"https:\/\/news.err.ee\/1609645424\/uk-daily-fears-in-estonia-over-downsized-british-troop-deployment#lg=1&amp;slide=0\" rel=\"nofollow noopener\" target=\"_blank\" data-ylk=\"slk:char photographi\u00e9;elm:context_link;itc:0;sec:content-canvas\" class=\"link \"><strong>char photographi\u00e9<\/strong><\/a> par l&rsquo;agence de presse estonienne ERR lors du d\u00e9fil\u00e9 de la f\u00eate de l&rsquo;ind\u00e9pendance.<\/p>\n<p><b class=\"c-widget-related__title__text\">Related<\/b><\/p>\n<p>Selon les v\u00e9rificateurs de faits de <a href=\"https:\/\/www.reuters.com\/fact-check\/nato-troops-estonia-2025-independence-day-not-military-escalation-2025-04-09\/\" rel=\"nofollow noopener\" target=\"_blank\" data-ylk=\"slk:Reuters;elm:context_link;itc:0;sec:content-canvas\" class=\"link \"><strong>Reuters<\/strong><\/a>, ce m\u00eame char a \u00e9t\u00e9 photographi\u00e9 en Estonie entre mai et d\u00e9cembre 2024, ce qui prouve qu&rsquo;il ne vient pas \u00ab\u00a0d&rsquo;arriver\u00a0\u00bb dans le pays balte comme l&rsquo;affirment les internautes.<\/p>\n<p>Nous pouvons donc conclure avec certitude que la vid\u00e9o ne montre pas une escalade militaire \u00e0 Tallinn visant \u00e0 attaquer la Russie, mais simplement un char lors de la procession de f\u00e9vrier.<\/p>\n<p>Une campagne de d\u00e9sinformation orchestr\u00e9e par le Kremlin<\/p>\n<p>La vid\u00e9o a circul\u00e9 \u00e0 nouveau ces derni\u00e8res semaines, accompagn\u00e9e d&rsquo;affirmations infond\u00e9es sur une suppos\u00e9e escalade militaire, au moment o\u00f9 des troupes de sept pays alli\u00e9s, dont le Royaume-Uni et la France, participaient \u00e0 des exercices militaires en Estonie.<\/p>\n<p>Ces exercices, dont le nom de code est \u00ab\u00a0H\u00e9risson\u00a0\u00bb, s&rsquo;inscrivent dans le cadre des efforts d\u00e9ploy\u00e9s par l&rsquo;OTAN pour am\u00e9liorer \u00ab\u00a0l&rsquo;interop\u00e9rabilit\u00e9 et l&rsquo;int\u00e9gration\u00a0\u00bb des forces alli\u00e9es, selon l&rsquo;Alliance.<\/p>\n<p>Le compte X \u00e0 l&rsquo;origine de cette fausse d\u00e9claration a fait des all\u00e9gations similaires infond\u00e9es sur l&rsquo;imminence d&rsquo;un \u00ab\u00a0si\u00e8ge de Saint-P\u00e9tersbourg\u00a0\u00bb et partage constamment des informations anti-OTAN et pro-Kremlin.<\/p>\n<p>Des experts en renseignement de source ouverte ont \u00e9tabli un lien entre ce compte et la campagne Matriochka, d\u00e9crite comme <a href=\"https:\/\/www.sgdsn.gouv.fr\/files\/files\/20240611_NP_SGDSN_VIGINUM_Matriochka_EN_VF.pdf\" rel=\"nofollow noopener\" target=\"_blank\" data-ylk=\"slk:une op\u00e9ration &quot;coordonn\u00e9e&quot;;elm:context_link;itc:0;sec:content-canvas\" class=\"link \"><strong>une op\u00e9ration \u00ab\u00a0coordonn\u00e9e\u00a0\u00bb<\/strong><\/a> par la cyber-agence fran\u00e7aise.<\/p>\n","protected":false},"excerpt":{"rendered":"Une vid\u00e9o circulant en ligne pr\u00e9tend montrer des chars britanniques amass\u00e9s \u00e0 Tallin, la capitale estonienne, dans le&hellip;\n","protected":false},"author":2,"featured_media":132131,"comment_status":"","ping_status":"","sticky":false,"template":"","format":"standard","meta":{"footnotes":""},"categories":[1591],"tags":[11,1909,1887,25683,12,1885,1886,132,25684,133],"class_list":{"0":"post-132130","1":"post","2":"type-post","3":"status-publish","4":"format-standard","5":"has-post-thumbnail","7":"category-russie","8":"tag-actualites","9":"tag-estonie","10":"tag-federation-de-russie","11":"tag-lotan","12":"tag-news","13":"tag-russia","14":"tag-russian-federation","15":"tag-russie","16":"tag-saint-petersbourg","17":"tag-video"},"share_on_mastodon":{"url":"https:\/\/pubeurope.com\/@fr\/114580626141137698","error":""},"_links":{"self":[{"href":"https:\/\/www.europesays.com\/fr\/wp-json\/wp\/v2\/posts\/132130","targetHints":{"allow":["GET"]}}],"collection":[{"href":"https:\/\/www.europesays.com\/fr\/wp-json\/wp\/v2\/posts"}],"about":[{"href":"https:\/\/www.europesays.com\/fr\/wp-json\/wp\/v2\/types\/post"}],"author":[{"embeddable":true,"href":"https:\/\/www.europesays.com\/fr\/wp-json\/wp\/v2\/users\/2"}],"replies":[{"embeddable":true,"href":"https:\/\/www.europesays.com\/fr\/wp-json\/wp\/v2\/comments?post=132130"}],"version-history":[{"count":0,"href":"https:\/\/www.europesays.com\/fr\/wp-json\/wp\/v2\/posts\/132130\/revisions"}],"wp:featuredmedia":[{"embeddable":true,"href":"https:\/\/www.europesays.com\/fr\/wp-json\/wp\/v2\/media\/132131"}],"wp:attachment":[{"href":"https:\/\/www.europesays.com\/fr\/wp-json\/wp\/v2\/media?parent=132130"}],"wp:term":[{"taxonomy":"category","embeddable":true,"href":"https:\/\/www.europesays.com\/fr\/wp-json\/wp\/v2\/categories?post=132130"},{"taxonomy":"post_tag","embeddable":true,"href":"https:\/\/www.europesays.com\/fr\/wp-json\/wp\/v2\/tags?post=132130"}],"curies":[{"name":"wp","href":"https:\/\/api.w.org\/{rel}","templated":true}]}}