{"id":132138,"date":"2025-05-27T16:02:09","date_gmt":"2025-05-27T16:02:09","guid":{"rendered":"https:\/\/www.europesays.com\/fr\/132138\/"},"modified":"2025-05-27T16:02:09","modified_gmt":"2025-05-27T16:02:09","slug":"israel-une-amitie-mise-a-mal-par-la-guerre-a-gaza-lexpress","status":"publish","type":"post","link":"https:\/\/www.europesays.com\/fr\/132138\/","title":{"rendered":"Isra\u00ebl : une amiti\u00e9 mise \u00e0 mal par la guerre \u00e0 Gaza \u2013 L&rsquo;Express"},"content":{"rendered":"<p class=\"paragraph article-body-paragraph article__item   article-body-paragraph--first \">Tel-Aviv est-elle en train de perdre l\u2019un de ses principaux soutiens historiques en Europe ? L\u2019Allemagne durcit le ton ces derniers jours vis-\u00e0-vis de la politique men\u00e9e par Isra\u00ebl dans <a href=\"https:\/\/www.lexpress.fr\/monde\/proche-moyen-orient\/attaque-du-hamas-israel-de-nouveau-en-guerre-contre-gaza-5HUCJ5IEKVD6FHMPYLBZMFZ6NQ\/\" target=\"_self\" rel=\"noopener\" title=\"https:\/\/www.lexpress.fr\/monde\/proche-moyen-orient\/attaque-du-hamas-israel-de-nouveau-en-guerre-contre-gaza-5HUCJ5IEKVD6FHMPYLBZMFZ6NQ\/\">la bande de Gaza<\/a>, bombard\u00e9e et assi\u00e9g\u00e9e, et o\u00f9 \u00ab\u00a0la grande majorit\u00e9 des enfants sont d\u00e9sormais confront\u00e9s \u00e0 une privation alimentaire extr\u00eame\u00a0\u00bb comme l\u2019\u00e9crivait <a href=\"https:\/\/www.unicef.fr\/article\/le-risque-avere-de-famine-menace-les-enfants-de-gaza\/\" target=\"_self\" rel=\"noopener\" title=\"https:\/\/www.unicef.fr\/article\/le-risque-avere-de-famine-menace-les-enfants-de-gaza\/\">l\u2019Unicef<\/a> en d\u00e9but de mois. Mardi 27 mai, Berlin et Helsinki ont annonc\u00e9 vouloir \u00ab\u00a0mettre la pression\u00a0\u00bb sur le gouvernement isra\u00e9lien afin de permettre l\u2019acheminement de plus d\u2019aide humanitaire \u00e0 Gaza, o\u00f9 pratiquement aucune denr\u00e9e ne rentre depuis plusieurs semaines.<\/p>\n<p class=\"paragraph article-body-paragraph article__item   \">Apr\u00e8s plus de deux mois d\u2019un total blocage, <a href=\"https:\/\/www.lexpress.fr\/monde\/proche-moyen-orient\/gaza-une-frappe-israelienne-sur-une-ecole-fait-au-moins-33-morts-NU5HTAU3RJG7BOLUXSD5K6WWZU\/\" target=\"_self\" rel=\"noopener\" title=\"https:\/\/www.lexpress.fr\/monde\/proche-moyen-orient\/gaza-une-frappe-israelienne-sur-une-ecole-fait-au-moins-33-morts-NU5HTAU3RJG7BOLUXSD5K6WWZU\/\">Isra\u00ebl<\/a> a laiss\u00e9 passer la semaine derni\u00e8re des livraisons au compte-goutte dans l\u2019enclave, affam\u00e9e et d\u00e9vast\u00e9e par plus de 19 mois de guerre. \u00ab\u00a0Ce que nous voyons dans la bande de Gaza n\u2019est en aucun cas acceptable &#8211; les souffrances qui y sont caus\u00e9es, les tueries &#8211; il faut y mettre un terme\u00a0\u00bb, a d\u00e9nonc\u00e9 le chancelier allemand Friedrich Merz lors d\u2019une conf\u00e9rence de presse en Finlande, apr\u00e8s un entretien avec le Premier ministre Petteri Orpo. \u00ab\u00a0L\u2019aide humanitaire doit y arriver imm\u00e9diatement, nous devons faire pression sur Isra\u00ebl pour que l\u2019aide atteigne r\u00e9ellement sa destination\u00a0\u00bb, a ajout\u00e9 Friedrich Merz, cit\u00e9 par l&rsquo;AFP.<\/p>\n<p><strong class=\"article-body-link-list__item text-gray-800 article-body-link-list__item--one-item\">LIRE AUSSI : <a class=\"article-body-link-list__item-link\" href=\"https:\/\/www.lexpress.fr\/monde\/proche-moyen-orient\/gaza-est-un-theatre-sacrificiel-face-a-benyamin-netanyahou-lavenir-tres-incertain-du-hamas-V34QKFTFERGL5DZYQQNJP6VJ7U\/\" target=\"_blank\" rel=\"noreferrer noopener\">\u00ab\u00a0Gaza est un th\u00e9\u00e2tre sacrificiel\u00a0\u00bb : face \u00e0 Benyamin Netanyahou, l\u2019avenir tr\u00e8s incertain du Hamas<\/a><\/strong><\/p>\n<p class=\"paragraph article-body-paragraph article__item   \">Le chancelier allemand avait d\u00e9j\u00e0 menac\u00e9 lundi le gouvernement de Benyamin Netanyahou de ne plus continuer \u00e0 le soutenir en raison de l\u2019intensification de l\u2019offensive militaire, alors que Tsahal a annonc\u00e9 vouloir prendre le contr\u00f4le total de la bande de Gaza. \u00ab\u00a0Ce qui s\u2019est pass\u00e9 ces derniers jours ne me semble plus absolument n\u00e9cessaire \u00e0 la d\u00e9fense du droit \u00e0 l\u2019existence d\u2019Isra\u00ebl et \u00e0 la lutte contre le terrorisme du Hamas\u00a0\u00bb, a indiqu\u00e9 Friedrich Merz.<\/p>\n<p>\u00ab\u00a0Raison d\u2019Etat\u00a0\u00bb allemande<\/p>\n<p class=\"paragraph article-body-paragraph article__item   \">Ce changement de discours marque un tournant important dans la politique \u00e9trang\u00e8re allemande, soutien historique d\u2019Isra\u00ebl avec les Etats-Unis, et partenaire diplomatique de taille en Europe. Par son Histoire, l\u2019Allemagne (dont le gouvernement nazi a \u00e9t\u00e9 responsable de l\u2019extermination de six millions de juifs pendant la Seconde Guerre mondiale), a \u00e9lev\u00e9 l\u2019existence et la s\u00e9curit\u00e9 d\u2019Isra\u00ebl au rang de \u00ab\u00a0raison d\u2019Etat\u00a0\u00bb.<\/p>\n<p><strong class=\"article-body-link-list__item text-gray-800 article-body-link-list__item--one-item\">LIRE AUSSI : <a class=\"article-body-link-list__item-link\" href=\"https:\/\/www.lexpress.fr\/idees-et-debats\/marc-knobel-defendre-le-droit-a-la-critique-du-gouvernement-israelien-cest-preserver-lessence-meme-YN4CWSRW3JDEPP3CEAAQNNV3OY\/\" target=\"_blank\" rel=\"noreferrer noopener\">Marc Knobel : \u00ab\u00a0D\u00e9fendre le droit \u00e0 la critique du gouvernement isra\u00e9lien, c\u2019est pr\u00e9server l\u2019essence m\u00eame du juda\u00efsme\u00a0\u00bb<\/a><\/strong><\/p>\n<p class=\"paragraph article-body-paragraph article__item   \">Un principe que le nouveau chancelier Friedrich Merz (Union chr\u00e9tienne-d\u00e9mocrate, CDU), en fonction depuis le 6 mai, a d\u2019ailleurs tenu \u00e0 r\u00e9it\u00e9rer dans l\u2019accord de coalition qu\u2019il a conclu avec les sociaux-d\u00e9mocrates (SPD) : \u00ab\u00a0Le droit d\u2019existence et la s\u00e9curit\u00e9 d\u2019Isra\u00ebl font et feront toujours partie de la raison d\u2019Etat allemande\u00a0\u00bb, indique-t-il. Au cours de sa campagne, le futur chancelier avait d\u2019ailleurs promis \u00ab\u00a0de mettre fin \u00e0 cet embargo plus ou moins en vigueur contre les exportations d\u2019armes \u00e0 Isra\u00ebl\u00a0\u00bb, lors d\u2019un discours le 23 janvier.<\/p>\n<p class=\"paragraph article-body-paragraph article__item   \">Peu apr\u00e8s les \u00e9lections f\u00e9d\u00e9rales, il avait \u00e9galement re\u00e7u le Premier ministre isra\u00e9lien Benyamin Netanyahou en Allemagne, et avait qualifi\u00e9 de \u00ab\u00a0totalement absurde\u00a0\u00bb l\u2019id\u00e9e que le dirigeant, vis\u00e9 par un mandat d\u2019arr\u00eat \u00e9mis par la Cour p\u00e9nale internationale, puisse \u00eatre arr\u00eat\u00e9 s\u2019il venait dans le pays.<\/p>\n<p>Glissement de l\u2019opinion publique<\/p>\n<p class=\"paragraph article-body-paragraph article__item   \">Les relations entre Friedrich Merz et l\u2019Etat h\u00e9breu se sont n\u00e9anmoins refroidies depuis sa prise de fonction. L\u2019attitude du chancelier semble aussi accompagner un moindre enthousiasme de l\u2019opinion publique allemande \u00e0 donner carte blanche \u00e0 l\u2019Etat isra\u00e9lien pour mener sa guerre \u00e0 Gaza. Selon une \u00e9tude de la Fondation Bertelsmann publi\u00e9e au d\u00e9but du mois de mai, et rep\u00e9r\u00e9e par <a href=\"https:\/\/www.lemonde.fr\/international\/article\/2025\/05\/10\/l-opinion-des-allemands-a-propos-d-israel-se-degrade_6604814_3210.html\" target=\"_self\" rel=\"noopener\" title=\"https:\/\/www.lemonde.fr\/international\/article\/2025\/05\/10\/l-opinion-des-allemands-a-propos-d-israel-se-degrade_6604814_3210.html\">Le Monde<\/a>, seules 36 % des personnes allemandes interrog\u00e9es expriment aujourd\u2019hui une opinion positive \u00e0 l\u2019\u00e9gard d\u2019Isra\u00ebl &#8211; un pourcentage en recul de 10 points par rapport \u00e0 2021. Une proportion encore plus forte &#8211; 60 % &#8211; porte quant \u00e0 elle un jugement n\u00e9gatif sur l\u2019actuel gouvernement de Benyamin Netanyahou. En parall\u00e8le, le sentiment d\u2019une responsabilit\u00e9 particuli\u00e8re de l\u2019Allemagne vis-\u00e0-vis de l\u2019Etat d\u2019Isra\u00ebl s\u2019estompe, elle aussi, seules un tiers des personnes interrog\u00e9es \u00e9tant d\u2019accord avec cette id\u00e9e.<\/p>\n<p><strong class=\"article-body-link-list__item text-gray-800 article-body-link-list__item--one-item\">LIRE AUSSI : <a class=\"article-body-link-list__item-link\" href=\"https:\/\/www.lexpress.fr\/monde\/proche-moyen-orient\/la-conquete-de-gaza-le-plan-de-trop-disrael-cest-un-aveu-dechec-BJEYBE35BVBXRCSBSYKIWJZTAI-2\/\" target=\"_blank\" rel=\"noreferrer noopener\">La conqu\u00eate de Gaza, le plan de trop d\u2019Isra\u00ebl : \u00ab\u00a0C\u2019est un aveu d\u2019\u00e9chec\u00a0\u00bb<\/a><\/strong><\/p>\n<p class=\"paragraph article-body-paragraph article__item   \">Berlin n\u2019est pas la seule capitale europ\u00e9enne \u00e0 avoir durci le ton vis-\u00e0-vis de son partenaire isra\u00e9lien. Mardi, la pr\u00e9sidente de la Commission europ\u00e9enne a de nouveau condamn\u00e9 le bombardement d\u2019infrastructures civiles \u00e0 Gaza : \u00ab\u00a0L\u2019intensification des op\u00e9rations militaires d\u2019Isra\u00ebl \u00e0 Gaza, visant des infrastructures civiles &#8211; dont une \u00e9cole servant de refuge \u00e0 des familles palestiniennes d\u00e9plac\u00e9es &#8211; et provoquant la mort de civils, y compris des enfants, est odieuse\u00a0\u00bb, a d\u00e9nonc\u00e9 Ursula von der Leyen, dont les condamnations accompagnent celles de plusieurs dirigeants europ\u00e9ens ces derniers jours.<\/p>\n","protected":false},"excerpt":{"rendered":"Tel-Aviv est-elle en train de perdre l\u2019un de ses principaux soutiens historiques en Europe ? L\u2019Allemagne durcit le&hellip;\n","protected":false},"author":2,"featured_media":132139,"comment_status":"","ping_status":"","sticky":false,"template":"","format":"standard","meta":{"footnotes":""},"categories":[1587],"tags":[11,672,1804,1805,1803,1777,674,1801,74,12,31,1802],"class_list":{"0":"post-132138","1":"post","2":"type-post","3":"status-publish","4":"format-standard","5":"has-post-thumbnail","7":"category-allemagne","8":"tag-actualites","9":"tag-allemagne","10":"tag-bundesrepublik-deutschland","11":"tag-de","12":"tag-deutschland","13":"tag-eu","14":"tag-europe","15":"tag-germany","16":"tag-monde","17":"tag-news","18":"tag-proche-et-moyen-orient","19":"tag-republique-federale-dallemagne"},"share_on_mastodon":{"url":"https:\/\/pubeurope.com\/@fr\/114580641794469572","error":""},"_links":{"self":[{"href":"https:\/\/www.europesays.com\/fr\/wp-json\/wp\/v2\/posts\/132138","targetHints":{"allow":["GET"]}}],"collection":[{"href":"https:\/\/www.europesays.com\/fr\/wp-json\/wp\/v2\/posts"}],"about":[{"href":"https:\/\/www.europesays.com\/fr\/wp-json\/wp\/v2\/types\/post"}],"author":[{"embeddable":true,"href":"https:\/\/www.europesays.com\/fr\/wp-json\/wp\/v2\/users\/2"}],"replies":[{"embeddable":true,"href":"https:\/\/www.europesays.com\/fr\/wp-json\/wp\/v2\/comments?post=132138"}],"version-history":[{"count":0,"href":"https:\/\/www.europesays.com\/fr\/wp-json\/wp\/v2\/posts\/132138\/revisions"}],"wp:featuredmedia":[{"embeddable":true,"href":"https:\/\/www.europesays.com\/fr\/wp-json\/wp\/v2\/media\/132139"}],"wp:attachment":[{"href":"https:\/\/www.europesays.com\/fr\/wp-json\/wp\/v2\/media?parent=132138"}],"wp:term":[{"taxonomy":"category","embeddable":true,"href":"https:\/\/www.europesays.com\/fr\/wp-json\/wp\/v2\/categories?post=132138"},{"taxonomy":"post_tag","embeddable":true,"href":"https:\/\/www.europesays.com\/fr\/wp-json\/wp\/v2\/tags?post=132138"}],"curies":[{"name":"wp","href":"https:\/\/api.w.org\/{rel}","templated":true}]}}