{"id":132144,"date":"2025-05-27T16:06:10","date_gmt":"2025-05-27T16:06:10","guid":{"rendered":"https:\/\/www.europesays.com\/fr\/132144\/"},"modified":"2025-05-27T16:06:10","modified_gmt":"2025-05-27T16:06:10","slug":"paris-perd-un-electeur-dans-le-ve-liberation","status":"publish","type":"post","link":"https:\/\/www.europesays.com\/fr\/132144\/","title":{"rendered":"Paris perd un \u00e9lecteur dans le Ve \u2013 Lib\u00e9ration"},"content":{"rendered":"<p class=\"sc-ksZaOG ehjQrN text-element\">Termin\u00e9es les promenades autour du Panth\u00e9on, dans les rues du Ve arrondissement qu\u2019il s\u2019accordait encore quasi quotidiennement, m\u00eame diminu\u00e9 par le poids des ann\u00e9es. L\u2019ancien maire RPR de Paris Jean Tiberi est mort \u00e0 90\u00a0ans, annonce ce mardi 27\u00a0mai la maire du Ve arrondissement de la capitale, dans ce Paris o\u00f9 tout avait commenc\u00e9 pour lui. Fils d\u2019un employ\u00e9 d\u2019assurance et d\u2019une st\u00e9nodactylo, c\u2019est bien l\u00e0, malgr\u00e9 ses origines corses, dans ce Ve arrondissement sur lequel il r\u00e9gnera durant des d\u00e9cennies, qu\u2019il na\u00eet, dans la clinique de la rue Geoffroy-Saint-Hilaire. La m\u00eame o\u00f9 avait vu le jour, deux\u00a0ans et demi plus t\u00f4t <a href=\"https:\/\/www.liberation.fr\/france\/2019\/09\/26\/jacques-chirac-la-grande-traversee_1753803\/\" target=\"_blank\" rel=\"nofollow noopener\">un certain Jacques Chirac<\/a>. \u00abC\u2019est une circonstance historique\u00a0!\u00bb dira Tiberi en\u00a02014 \u00e0 <a href=\"https:\/\/revuecharles.fr\/100-politique\/jean-tiberi-jacques-chirac-est-un-ami-fidele-mais-cest-un-homme-politique\/\" target=\"_blank\" rel=\"nofollow noopener\">la revue politique Charles<\/a> tant les destins politiques des deux hommes seront li\u00e9s. En attendant, le jeune Parisien aux dents du bonheur fait ses classes au coll\u00e8ge Sainte-Barbe et dans le prestigieux lyc\u00e9e Louis-le-Grand. Baccalaur\u00e9at en poche, il se tourne naturellement vers le droit (la facult\u00e9 est situ\u00e9e place du Panth\u00e9on) et devient magistrat. D\u2018abord substitut \u00e0 Metz et \u00e0 Meaux, puis juge \u00e0 Beauvais. Il se dira que Jean Tiberi n\u2019aurait pas crach\u00e9 sur le minist\u00e8re de la Justic<\/p>\n","protected":false},"excerpt":{"rendered":"Termin\u00e9es les promenades autour du Panth\u00e9on, dans les rues du Ve arrondissement qu\u2019il s\u2019accordait encore quasi quotidiennement, m\u00eame&hellip;\n","protected":false},"author":2,"featured_media":132145,"comment_status":"","ping_status":"","sticky":false,"template":"","format":"standard","meta":{"footnotes":""},"categories":[2],"tags":[11,2517,1011,27,3095,25686,12,626,25],"class_list":{"0":"post-132144","1":"post","2":"type-post","3":"status-publish","4":"format-standard","5":"has-post-thumbnail","7":"category-actualites","8":"tag-actualites","9":"tag-corse","10":"tag-fr","11":"tag-france","12":"tag-jacques-chirac","13":"tag-municipales-2014","14":"tag-news","15":"tag-paris","16":"tag-republique-francaise"},"share_on_mastodon":{"url":"https:\/\/pubeurope.com\/@fr\/114580657478775965","error":""},"_links":{"self":[{"href":"https:\/\/www.europesays.com\/fr\/wp-json\/wp\/v2\/posts\/132144","targetHints":{"allow":["GET"]}}],"collection":[{"href":"https:\/\/www.europesays.com\/fr\/wp-json\/wp\/v2\/posts"}],"about":[{"href":"https:\/\/www.europesays.com\/fr\/wp-json\/wp\/v2\/types\/post"}],"author":[{"embeddable":true,"href":"https:\/\/www.europesays.com\/fr\/wp-json\/wp\/v2\/users\/2"}],"replies":[{"embeddable":true,"href":"https:\/\/www.europesays.com\/fr\/wp-json\/wp\/v2\/comments?post=132144"}],"version-history":[{"count":0,"href":"https:\/\/www.europesays.com\/fr\/wp-json\/wp\/v2\/posts\/132144\/revisions"}],"wp:featuredmedia":[{"embeddable":true,"href":"https:\/\/www.europesays.com\/fr\/wp-json\/wp\/v2\/media\/132145"}],"wp:attachment":[{"href":"https:\/\/www.europesays.com\/fr\/wp-json\/wp\/v2\/media?parent=132144"}],"wp:term":[{"taxonomy":"category","embeddable":true,"href":"https:\/\/www.europesays.com\/fr\/wp-json\/wp\/v2\/categories?post=132144"},{"taxonomy":"post_tag","embeddable":true,"href":"https:\/\/www.europesays.com\/fr\/wp-json\/wp\/v2\/tags?post=132144"}],"curies":[{"name":"wp","href":"https:\/\/api.w.org\/{rel}","templated":true}]}}