{"id":132154,"date":"2025-05-27T16:15:06","date_gmt":"2025-05-27T16:15:06","guid":{"rendered":"https:\/\/www.europesays.com\/fr\/132154\/"},"modified":"2025-05-27T16:15:06","modified_gmt":"2025-05-27T16:15:06","slug":"la-federation-francaise-de-basket-retrograde-le-vice-champion-de-france-tarbes-et-roche-vendee-au-niveau-regional-le-berry-republicain","status":"publish","type":"post","link":"https:\/\/www.europesays.com\/fr\/132154\/","title":{"rendered":"La F\u00e9d\u00e9ration fran\u00e7aise de basket r\u00e9trograde le vice-champion de France Tarbes et Roche Vend\u00e9e au niveau r\u00e9gional &#8211; Le Berry R\u00e9publicain"},"content":{"rendered":"<ol>\n<li><a href=\"https:\/\/news.google.com\/rss\/articles\/CBMi-wFBVV95cUxNMkJOV2pKVV9kd0pQU0lVQzZaQ2F2UVowbFdsdFl6aWFvSm1XZlBRX2lYck1mSDRZTFNOa3pMT0R0WWQ1cUlqTWRoZ1BJVW9oOVcxYTFKUG5lQk1rYnV4OV9XUWF2TGxtQjdUWFgyNHNGMW56WUg4MUdLeWNwWFFlek5ZWWUxd0FTNDV5aEdvMmdiMmlpZTBtZkJVcUJsNERhVFEwTHZKMVBBczVtWERscmUwaDNnSWxvV2xYQ1FUejB6bFpBM0FCMEwxdlhUSFdIUlkyb3BVVDB1S0szQjlfTmEyaGRHYjMzbWxKeS1zNTd2MF9zcE94ZVA3TQ?oc=5\" target=\"_blank\" rel=\"noopener\">La F\u00e9d\u00e9ration fran\u00e7aise de basket r\u00e9trograde le vice-champion de France Tarbes et Roche Vend\u00e9e au niveau r\u00e9gional<\/a>&nbsp;&nbsp;Le Berry R\u00e9publicain<\/li>\n<li><a href=\"https:\/\/news.google.com\/rss\/articles\/CBMi-gFBVV95cUxOOVJQVlVjUk15RFJ1MzBJV2hZYXA2bWt4OU4yakFmTDI1N2wyWWJRMUF2cXc1TVNGRmcwNDgtZEU3ZndxajhMVS12MkpsUkNCeU5sSnZJdUVlX2NwNHIxQmhlb0ZLaDVVWm5zbmdlT3hZb1diM3d3NVBKTlFfT0JmcVVEN2w1aXFPa1k1NjkycXkzajluMWlBek0zRDdKaDdhZHNJUU1Tamxwd2lOYzhuLThnMFNNZmFPX1lxMjFCVG1hLV9TSW1HWmZnalZ0X0lLcGREc1NjNW9hMWt2TTJYUmU5ekNrZEhEUVd2WVg0S2JMbmVmZlNPa2t3?oc=5\" target=\"_blank\" rel=\"noopener\">Basket\/Wonderligue : La Roche Vend\u00e9e et Tarbes r\u00e9trograd\u00e9s, une chance de maintien pour le C&rsquo;Chartres MBF<\/a>&nbsp;&nbsp;L&rsquo;Echo R\u00e9publicain<\/li>\n<li><a href=\"https:\/\/news.google.com\/rss\/articles\/CBMi7AFBVV95cUxNaEFlanFKam1jQ0NsdFpIR2x2S29qUUUyMnNYQ2E3RFV2dl9uRTkzVVl0NWxCYXB1eUczZG5YRHlXcjhnOGxpQW5MYXIwMktPdEJQVTZsV0RSb1FCN242WHZuRjVCSGJObmFGRUpJUlM1a2phZ2VYZjQybm4telY4RTMtbG9GQmQ3RzBMWWJYcjI3YlB3MExHSGpFNnBrOTJkSzE0SjJ3ZHpmbzhtN1lUTXpXN3pnN09jeXg5TlVaekR1QzNwczlVYk9XNW9BRzlnVmhhTEJlYnN3RzBncEpfa1ZFTTlVVHU1T1B4Mw?oc=5\" target=\"_blank\" rel=\"noopener\">Basket-ball. N1M : l\u2019Aurore Vitr\u00e9 r\u00e9trograd\u00e9e en championnat r\u00e9gional !<\/a>&nbsp;&nbsp;Ouest-France<\/li>\n<li><a href=\"https:\/\/news.google.com\/rss\/articles\/CBMijAFBVV95cUxPNmthOHBjQ3lqZGdFaF90M1hPZ1RzalNpSVF3Rng1WEUyVWcyYmctaTJFb0lNdjRwMGxpSjROZFFrRk5rMXFvbURnQzNjMXV6MlpQNnRlbzJoR3BnZ3lxNXpfUGtyeVV5VEZfSHhIYWtRMjB5WERWczFuVzdxcmJ6Q21oZVdCZ2JOZzYzUA?oc=5\" target=\"_blank\" rel=\"noopener\">R\u00e9trograd\u00e9 administrativement en ligue r\u00e9gionale, Tarbes pr\u00e9pare son appel<\/a>&nbsp;&nbsp;BasketEurope.com<\/li>\n<li><a href=\"https:\/\/news.google.com\/rss\/articles\/CBMiugFBVV95cUxPWnl6VTQ1Qlo3dFBMOG5nNVZzUTRZcDBVRTNseFlFX2kyeGVsaVlpbjRJbEhRVGg3QlVrVG1iZmE2Zml6OVlPazVYZENsRE9KeFpRdjUtMmRrWDZpZjk3MFJDMlZfcUFYZHZtZ250cEZfUEFjNjJZUlNTVWRhSG43V2xxcmV3QkZNQlVTbFJJYllnQzFvWlVndVM5bEdJRnpiaFIzSGdfcmV0Y2lUMW03ZV9odHRBRjVNZGc?oc=5\" target=\"_blank\" rel=\"noopener\">Basket N1M : l\u2019Aurore Vitr\u00e9 r\u00e9trograd\u00e9e en r\u00e9gional, le club fait appel<\/a>&nbsp;&nbsp;Actu.fr<\/li>\n<\/ol>\n","protected":false},"excerpt":{"rendered":"La F\u00e9d\u00e9ration fran\u00e7aise de basket r\u00e9trograde le vice-champion de France Tarbes et Roche Vend\u00e9e au niveau r\u00e9gional&nbsp;&nbsp;Le Berry&hellip;\n","protected":false},"author":2,"featured_media":1445,"comment_status":"","ping_status":"","sticky":false,"template":"","format":"standard","meta":{"footnotes":""},"categories":[1414],"tags":[1465,1464,1011,27,60],"class_list":{"0":"post-132154","1":"post","2":"type-post","3":"status-publish","4":"format-standard","5":"has-post-thumbnail","7":"category-basket","8":"tag-basket","9":"tag-basketball","10":"tag-fr","11":"tag-france","12":"tag-sports"},"share_on_mastodon":{"url":"https:\/\/pubeurope.com\/@fr\/114580692943950957","error":""},"_links":{"self":[{"href":"https:\/\/www.europesays.com\/fr\/wp-json\/wp\/v2\/posts\/132154","targetHints":{"allow":["GET"]}}],"collection":[{"href":"https:\/\/www.europesays.com\/fr\/wp-json\/wp\/v2\/posts"}],"about":[{"href":"https:\/\/www.europesays.com\/fr\/wp-json\/wp\/v2\/types\/post"}],"author":[{"embeddable":true,"href":"https:\/\/www.europesays.com\/fr\/wp-json\/wp\/v2\/users\/2"}],"replies":[{"embeddable":true,"href":"https:\/\/www.europesays.com\/fr\/wp-json\/wp\/v2\/comments?post=132154"}],"version-history":[{"count":0,"href":"https:\/\/www.europesays.com\/fr\/wp-json\/wp\/v2\/posts\/132154\/revisions"}],"wp:featuredmedia":[{"embeddable":true,"href":"https:\/\/www.europesays.com\/fr\/wp-json\/wp\/v2\/media\/1445"}],"wp:attachment":[{"href":"https:\/\/www.europesays.com\/fr\/wp-json\/wp\/v2\/media?parent=132154"}],"wp:term":[{"taxonomy":"category","embeddable":true,"href":"https:\/\/www.europesays.com\/fr\/wp-json\/wp\/v2\/categories?post=132154"},{"taxonomy":"post_tag","embeddable":true,"href":"https:\/\/www.europesays.com\/fr\/wp-json\/wp\/v2\/tags?post=132154"}],"curies":[{"name":"wp","href":"https:\/\/api.w.org\/{rel}","templated":true}]}}