{"id":13216,"date":"2025-04-09T17:52:08","date_gmt":"2025-04-09T17:52:08","guid":{"rendered":"https:\/\/www.europesays.com\/fr\/13216\/"},"modified":"2025-04-09T17:52:08","modified_gmt":"2025-04-09T17:52:08","slug":"les-grosses-tetes-la-matinale-rtl-debarque-a-nice-ce-jeudi-pour-24-h","status":"publish","type":"post","link":"https:\/\/www.europesays.com\/fr\/13216\/","title":{"rendered":"Les Grosses T\u00eates, la matinale&#8230; RTL d\u00e9barque \u00e0 Nice ce jeudi pour 24 h !"},"content":{"rendered":"<p>Le temps d\u2019une soir\u00e9e, la sc\u00e8ne de l\u2019Op\u00e9ra de Nice va se transformer en studio d\u2019enregistrement radiophonique (1). Les Grosses T\u00eates, c\u00e9l\u00e8bre \u00e9mission pr\u00e9sent\u00e9e par Laurent Ruquier depuis 2014, se d\u00e9localisent exceptionnellement dans le cadre de l\u2019op\u00e9ration RTL passe 24H \u00e0 Nice, en partenariat avec Nice-Matin (lire le programme par ailleurs). L\u2019animateur, qui rejoint la nouvelle cha\u00eene T18 au mois de juin pour une \u00e9mission culturelle hebdomadaire, sera aux c\u00f4t\u00e9s de Az, Franck Ferrand, Karine Le Marchand, Liane Foly, Jeanfi Janssens, S\u00e9bastien Thoen et Marc-Antoine Le Bret pour une \u00e9mission o\u00f9 se m\u00ealeront culture savante et humour populaire. Entre complicit\u00e9 renforc\u00e9e et clins d\u2019\u0153il locaux, Laurent Ruquier se confie sur les particularit\u00e9s de cette \u00e9mission in\u00e9dite.<\/p>\n<p><strong>Concr\u00e8tement, qu\u2019est-ce que \u00e7a change d\u2019enregistrer Les Grosses T\u00eates loin de Paris?<\/strong><\/p>\n<p>Techniquement, je ne saurais pas trop dire&#8230; Ce qui est s\u00fbr, c\u2019est que \u00e7a nous permet d\u2019avoir un public bien plus nombreux qu\u2019\u00e0 Paris. Dans notre studio habituel, on peut accueillir jusqu\u2019\u00e0 200 personnes. Quand on se d\u00e9place en r\u00e9gion, comme ici \u00e0 Nice, on peut remplir des salles de 1000 places! Et l\u00e0 c\u2019est nous qui venons \u00e0 la rencontre du public, d\u2019habitude c\u2019est l\u2019inverse. \u00c7a cr\u00e9e une ambiance diff\u00e9rente, avec plus de ferveur et d\u2019attente.<\/p>\n<p><strong>Justement, allez-vous adapter le contenu de l\u2019\u00e9mission pour cette version ni\u00e7oise?<\/strong><\/p>\n<p>Absolument! Je garde bien s\u00fbr certaines questions, plut\u00f4t nationales, telles que je les aurais pos\u00e9es \u00e0 Paris, mais je dirais qu\u2019\u00e0 80% j\u2019adapte au lieu et \u00e0 la r\u00e9gion. Il y aura des r\u00e9f\u00e9rences \u00e0 Nice, son op\u00e9ra, sa vie culturelle, son histoire&#8230; Pleins de clins d\u2019\u0153il.<\/p>\n<p><strong>Comment avez-vous compos\u00e9 la liste d\u2019invit\u00e9s pour cette \u00e9dition?<\/strong><\/p>\n<p>C\u2019est tr\u00e8s souvent une question d\u2019emploi du temps. Mais on essaie aussi de prendre des \u00ab\u00a0r\u00e9gionaux d\u2019\u00e9tape\u00a0\u00bb. Karine Le Marchand a une maison dans le Sud et S\u00e9bastien Thoen adore la r\u00e9gion, il est d\u2019ailleurs pr\u00e9sent \u00e0 presque tous nos d\u00e9placements, le public l\u2019adore pour ses talents d\u2019improvisation et ses imitations. Apr\u00e8s, c\u2019est un m\u00e9lange: des gens cultiv\u00e9s, dr\u00f4les&#8230; Il faut plusieurs bons ingr\u00e9dients, comme avec une mayonnaise. Plus local, c\u2019est comme un pan bagnat de Grosses T\u00eates! (rires)<\/p>\n<p><strong>Ces d\u00e9localisations renforcent-elles la complicit\u00e9 de l\u2019\u00e9quipe?<\/strong><\/p>\n<p>\u00c0 Paris, c\u2019est comme une cage \u00e0 oiseaux: d\u00e8s qu\u2019on ouvre les portes \u00e0 la fin de l\u2019\u00e9mission, tout le monde s\u2019envole de son c\u00f4t\u00e9. L\u00e0, \u00e0 Nice, on va forc\u00e9ment d\u00eener ensemble apr\u00e8s. \u00c7a permet de mieux se conna\u00eetre, de passer du temps ensemble, ce sont comme des petites r\u00e9cr\u00e9ations pour nous.<\/p>\n<p><strong>Un souvenir ou un endroit ni\u00e7ois qui vous tient \u00e0 c\u0153ur?<\/strong><\/p>\n<p>Je dois avouer que je ne connais pas si bien Nice. Mes derniers souvenirs remontent \u00e0 loin, tr\u00e8s loin. Je me souviens d\u2019un d\u00eener bien arros\u00e9 au Negresco avec Charles Trenet&#8230; Sinon, il y a la fameuse Petite Maison, o\u00f9 on a l\u2019habitude d\u2019aller apr\u00e8s les spectacles. Cette fois, j\u2019aurai peut-\u00eatre enfin le temps de mieux d\u00e9couvrir la ville.<\/p>\n<p>(1) L\u2019acc\u00e8s, sur r\u00e9servation, est complet.<\/p>\n<p>            RTL passe 24 H \u00e0 Nice : le programme<\/p>\n<p>Pour 24 heures, la c\u00e9l\u00e8bre station de radio va troquer ses studios parisiens contre le soleil de la C\u00f4te d\u2019Azur. Ces 10 et 11 avril, RTL pose ses micros \u00e0 Nice pour une grande d\u00e9localisation de ses antennes. Une mani\u00e8re de r\u00e9compenser les Azur\u00e9ens, qui ont \u00e9t\u00e9 les plus g\u00e9n\u00e9reux au dernier Challenge RTL pi\u00e8ces jaunes. Des talents de la radio ont d\u2019ailleurs pr\u00e9vu de se rendre dans des services de sant\u00e9 ni\u00e7ois financ\u00e9s par la Fondation des h\u00f4pitaux.<br \/>&#13;<br \/>\nAu programme de ces deux jours : rencontres avec les auditeurs, \u00e9missions en direct et en public depuis les studios install\u00e9s Place Mass\u00e9na et l\u2019enregistrement des Grosses T\u00eates \u00e0 l\u2019Op\u00e9ra de Nice (lire par ailleurs).<br \/>&#13;<br \/>\nJeudi 10 avril : le coup d\u2019envoi des festivit\u00e9s<br \/>&#13;<br \/>\nD\u00e8s 15 h, les auditeurs azur\u00e9ens sont invit\u00e9s \u00e0 un moment convivial autour d\u2019un verre devant le studio \u00e9ph\u00e9m\u00e8re RTL install\u00e9 place Mass\u00e9na, \u00e0 Nice. Une occasion unique d\u2019\u00e9changer avec les \u00e9quipes de la radio dans une ambiance d\u00e9tendue. \u00c0 18 h, place au premier direct ni\u00e7ois avec RTL Soir et On refait le monde, pr\u00e9sent\u00e9 par Yves Calvi et Agn\u00e8s Bonfillon depuis la tente RTL. Le clou de la soir\u00e9e se d\u00e9roulera \u00e0 partir de 19 h, \u00e0 l\u2019Op\u00e9ra de Nice. Laurent Ruquier enregistrera une \u00e9dition sp\u00e9ciale des Grosses T\u00eates avec Az, Franck Ferrand, Karine Le Marchand, Liane Foly, Jeanfi Janssens et S\u00e9bastien Thoen. Un show de 2 h 30 pour lequel l\u2019acc\u00e8s est d\u00e9j\u00e0 complet mais que l\u2019on pourra entendre le lendemain \u00e0 la radio, diffusion pr\u00e9vue vendredi \u00e0 15 h 30 sur RTL.<br \/>&#13;<br \/>\nVendredi 11 avril : marathon d\u2019antenne<br \/>&#13;<br \/>\nD\u00e8s 4 h 30, les visiteurs matinaux pourront retrouver RTL Petit Matin avec J\u00e9r\u00f4me Florin et Marina Giraudeau, suivi \u00e0 7 h de RTL Matin, anim\u00e9 par Thomas Sotto et Amandine B\u00e9got. La matin\u00e9e se poursuivra avec RTL Midi, de 12 h \u00e0 13 h, et Les auditeurs ont la parole, de 13 h \u00e0 14 h, tous deux pr\u00e9sent\u00e9s par Vincent Parizot et C\u00e9line Landreau. \u00c0 14 h, toujours en direct de la tente RTL install\u00e9e place Mass\u00e9na, Jean-Alphonse Richard prendra las commandes de L\u2019Heure du Crime pour une plong\u00e9e dans les faits divers. Enfin donc, \u00e0 15 h 30, diffusion sur RTL de l\u2019enregistrement des Grosses T\u00eates. Et entre deux directs, vendredi matin, de chanceux abonn\u00e9s aux titres du groupe Nice-Matin auront pu rencontrer l\u2019\u00e9quipe d\u2019RTL pour un moment privil\u00e9gi\u00e9<\/p>\n<p>              <img ci-src=\"https:\/\/www.nicematin.com\/radio\/protec\/DATA_ART_15305360-hRmDXHlF.jpg?vh=4533bc&amp;ci_seal=b1afd7340d\" alt=\"\"\/><br \/>\n        Photo Thomas PADILLA\/ AGENCE 1827\/ RTL <\/p>\n<p>Amandine B\u00e9got (\u00ab\u00a0RTL Matin\u00a0\u00bb): \u00ab\u00a0C\u2019est toujours sympa de rencontrer nos auditeurs\u00a0\u00bb<\/p>\n<p>Co-animatrice de l\u2019\u00e9mission RTL Matin avec Thomas Sotto, Amandine B\u00e9got, de son c\u00f4t\u00e9, aborde ces 24 heures \u00e0 Nice avec un certain entrain, comme elle nous l\u2019a confi\u00e9 au t\u00e9l\u00e9phone, la semaine derni\u00e8re.<\/p>\n<p>\u00ab\u00a0Le slogan de RTL, c\u2019est \u2018\u2018Vivre ensemble\u2019\u2019. Donc forc\u00e9ment, on aime aller au contact. C\u2019est toujours sympa de rencontrer nos auditeurs. Et en faisant ces d\u00e9localisations, on se rend vraiment compte \u00e0 quel point la radio est un m\u00e9dium \u00e0 part. On rentre dans l\u2019intimit\u00e9 des gens, on fait partie de leur quotidien. Dans le Nord, une grosse zone d\u2019\u00e9coute pour nous, il y a m\u00eame des gens qui sont venus nous dire qu\u2019on faisait partie de leur famille. Avec la tranche qu\u2019on anime avec Thomas, entre 7h et 10h, les gens se r\u00e9veillent avec nous, \u00e7a forge le lien\u00a0\u00bb, sourit Amandine B\u00e9got, figure de l\u2019antenne d\u2019RTL depuis 2017, apr\u00e8s avoir fr\u00e9quent\u00e9 les r\u00e9dactions d\u2019I-T\u00e9l\u00e9, LCI et M6.<\/p>\n<p><strong>La solidarit\u00e9 ni\u00e7oise r\u00e9compens\u00e9e<\/strong><\/p>\n<p>Histoire de cr\u00e9er encore plus de proximit\u00e9, la journaliste sera pr\u00e9sente, avec les autres personnalit\u00e9s de la station, pour une rencontre autour d\u2019un verre ouverte \u00e0 tous, ce jeudi \u00e0 partir de 15 heures, sur la place Mass\u00e9na. Pour Amandine B\u00e9got, qui a pass\u00e9 toutes ses vacances d\u2019\u00e9t\u00e9 dans le Var depuis l\u2019enfance et qui r\u00eaverait \u00ab\u00a0d\u2019habiter au soleil, \u00e0 Nice, \u00e0 Toulon ou \u00e0 Marseille\u00a0\u00bb, cette escapade sera sans doute l\u2019occasion de mieux d\u00e9couvrir les environs. Un point de chute qui, au-del\u00e0 de ses charmes au printemps, n\u2019a pas \u00e9t\u00e9 choisi par hasard. C\u2019est ainsi une mani\u00e8re de r\u00e9compenser la ville ayant remport\u00e9 le Challenge RTL pi\u00e8ces jaunes. Avec 492,45 kilos de pi\u00e8ces r\u00e9colt\u00e9es, la capitale des Alpes-Maritimes a devanc\u00e9 Valenciennes, Orl\u00e9ans, Bayonne et Rennes.<\/p>\n","protected":false},"excerpt":{"rendered":"Le temps d\u2019une soir\u00e9e, la sc\u00e8ne de l\u2019Op\u00e9ra de Nice va se transformer en studio d\u2019enregistrement radiophonique (1).&hellip;\n","protected":false},"author":2,"featured_media":13217,"comment_status":"","ping_status":"","sticky":false,"template":"","format":"standard","meta":{"footnotes":""},"categories":[2819],"tags":[1111,11,251,1777,674,1011,27,500,12,2401,882,1825,25],"class_list":{"0":"post-13216","1":"post","2":"type-post","3":"status-publish","4":"format-standard","5":"has-post-thumbnail","7":"category-nice","8":"tag-actu","9":"tag-actualites","10":"tag-culture","11":"tag-eu","12":"tag-europe","13":"tag-fr","14":"tag-france","15":"tag-medias","16":"tag-news","17":"tag-nice","18":"tag-provence-alpes-cote-dazur","19":"tag-radio","20":"tag-republique-francaise"},"share_on_mastodon":{"url":"https:\/\/pubeurope.com\/@fr\/114309283418514393","error":""},"_links":{"self":[{"href":"https:\/\/www.europesays.com\/fr\/wp-json\/wp\/v2\/posts\/13216","targetHints":{"allow":["GET"]}}],"collection":[{"href":"https:\/\/www.europesays.com\/fr\/wp-json\/wp\/v2\/posts"}],"about":[{"href":"https:\/\/www.europesays.com\/fr\/wp-json\/wp\/v2\/types\/post"}],"author":[{"embeddable":true,"href":"https:\/\/www.europesays.com\/fr\/wp-json\/wp\/v2\/users\/2"}],"replies":[{"embeddable":true,"href":"https:\/\/www.europesays.com\/fr\/wp-json\/wp\/v2\/comments?post=13216"}],"version-history":[{"count":0,"href":"https:\/\/www.europesays.com\/fr\/wp-json\/wp\/v2\/posts\/13216\/revisions"}],"wp:featuredmedia":[{"embeddable":true,"href":"https:\/\/www.europesays.com\/fr\/wp-json\/wp\/v2\/media\/13217"}],"wp:attachment":[{"href":"https:\/\/www.europesays.com\/fr\/wp-json\/wp\/v2\/media?parent=13216"}],"wp:term":[{"taxonomy":"category","embeddable":true,"href":"https:\/\/www.europesays.com\/fr\/wp-json\/wp\/v2\/categories?post=13216"},{"taxonomy":"post_tag","embeddable":true,"href":"https:\/\/www.europesays.com\/fr\/wp-json\/wp\/v2\/tags?post=13216"}],"curies":[{"name":"wp","href":"https:\/\/api.w.org\/{rel}","templated":true}]}}