{"id":132163,"date":"2025-05-27T16:20:12","date_gmt":"2025-05-27T16:20:12","guid":{"rendered":"https:\/\/www.europesays.com\/fr\/132163\/"},"modified":"2025-05-27T16:20:12","modified_gmt":"2025-05-27T16:20:12","slug":"zinedine-zidane-ses-petites-filles-giulia-et-kaia-soufflent-leur-premiere-bougie-dans-un-decor-bucolique-un-pur-bonheur","status":"publish","type":"post","link":"https:\/\/www.europesays.com\/fr\/132163\/","title":{"rendered":"Zinedine Zidane : ses petites-filles Giulia et Kaia soufflent leur premi\u00e8re bougie dans un d\u00e9cor bucolique, un pur bonheur"},"content":{"rendered":"<p>C\u2019\u00e9tait jour de f\u00eate chez les Zidane ce jeudi 22 mai. Giulia et<br \/>\nKaia, les jumelles d\u2019<a href=\"https:\/\/www.closermag.fr\/people\/zinedine-zidane-cest-fini-pour-son-fils-enzo-lannonce-choc-3478833\" target=\"_blank\" rel=\"noopener\">Enzo<br \/>\nZidane<\/a> et de son \u00e9pouse Karen Gon\u00e7alves, ont souffl\u00e9<br \/>\n<strong>leur premi\u00e8re bougie<\/strong>. Pour l\u2019occasion, les jeunes<br \/>\nparents ont organis\u00e9 une f\u00eate en plein air dans un d\u00e9cor<br \/>\nchamp\u00eatre.<\/p>\n<p>Le fils a\u00een\u00e9 de <a href=\"https:\/\/www.closermag.fr\/bio-people\/biographie-zinedine-zidane-112601\" target=\"_blank\" rel=\"noopener\"><br \/>\nZin\u00e9dine Zidane<\/a> a partag\u00e9 ce moment en publiant d\u2019adorables<br \/>\nphotos via son compte Instagram. De magnifiques clich\u00e9s<br \/>\npour le plus grand plaisir des fans.<\/p>\n<p>Zinedine Zidane : son fils Enzo nage dans le bonheur<\/p>\n<p>Et c\u2019est v\u00eatues de robes fuchsia que Giulia et Kaia ont pris la<br \/>\npose aux c\u00f4t\u00e9s de leurs parents, tout sourire. Des ballons, deux<br \/>\nsuperbes g\u00e2teaux et des douceurs d\u00e9coraient la table d\u2019anniversaire<br \/>\ndans une ambiance cosy au sein d\u00a0\u00bbun jardin ensoleill\u00e9. Aucune ombre<br \/>\nau tableau.<\/p>\n<p>\u00ab\u00a0Joyeux anniversaire ma Giulia et ma Kaia ch\u00e9rie.<br \/>\n<strong>Nous avons trop de chance de vous avoir dans nos<br \/>\nvies<\/strong>\u00ab\u00a0, a \u00e9crit Enzo Zidane en l\u00e9gende de son post,<br \/>\npr\u00e9f\u00e9rant masquer les visages de ses enfants avec un \u00e9moji en forme<br \/>\nde c\u0153ur. \u00ab\u00a0D\u00e9j\u00e0 1 an, votre arriv\u00e9e au monde a multipli\u00e9 par dix<br \/>\ntoutes les \u00e9motions, le bonheur, l\u2019amour mais aussi les difficult\u00e9s<br \/>\nmais <strong>vous \u00eates tellement merveilleuses<\/strong> que tous<br \/>\nles moments sont magiques. Merci merci et encore merci de nous<br \/>\npermettre de vivre tout \u00e7a. Je vous aime plus que tout au monde mes<br \/>\ncheries\u00a0\u00bb, a-t-il conclu. Un message riche en \u00e9motions.<\/p>\n<blockquote class=\"instagram-media\" style=\"background: #ffffff;border: 0;margin: 1px;width: 100%;padding: 0;max-width: 500px;\" data-instgrm-permalink=\"https:\/\/www.instagram.com\/p\/DJ-B037tf7z\/?utm_source=ig_embed&amp;img_index=1\" data-instgrm-version=\"14\"\/><p>\nZinedine Zidane : un papi combl\u00e9<\/p>\n<p>Si Zinedine Zidane n\u2019appara\u00eet pas sur les photos, il est un papi<br \/>\nheureux. \u00c0 52 ans, l\u2019ancienne l\u00e9gende du ballon rond<br \/>\nest\u00a0<strong>grand-p\u00e8re de trois petites filles<\/strong>. En<br \/>\neffet, Enzo Zidane et Karen Gon\u00e7alves sont d\u00e9j\u00e0 parents d\u2019une<br \/>\npetite Sia, n\u00e9e en mai 2022. Cette derni\u00e8re \u00e9tait bien s\u00fbr pr\u00e9sente<br \/>\npour c\u00e9l\u00e9brer l\u2019\u00e9v\u00e9nement de ses petites s\u0153urs.<\/p>\n<p>Tr\u00e8s proche de ses quatre fils, Enzo, Luca, Th\u00e9o et Elyaz,<br \/>\nZinedine Zidane a su transmettre son attachements aux<br \/>\n<strong>valeurs familiales<\/strong>. Avec sa femme V\u00e9ronique, qu\u2019il<br \/>\na \u00e9pous\u00e9e en 1994, le champion du monde 98 est parvenu \u00e0 donner<br \/>\nl\u2019image d\u2019un bonheur familial et d\u2019une stabilit\u00e9 v\u00e9cus aujourd\u2019hui<br \/>\npar son fils a\u00een\u00e9 et sa charmante femme dont <a href=\"https:\/\/www.closermag.fr\/people\/zinedine-zidane-son-fils-enzo-marie-une-premiere-photo-devoilee-1678861#item=1\" target=\"_blank\" rel=\"noopener\"><br \/>\nle mariage<\/a> avait \u00e9t\u00e9 c\u00e9l\u00e9br\u00e9 en grande pompe \u00e0 Marrakech en<br \/>\nd\u00e9cembre 2022.<\/p>\n<p><script async src=\"\/\/www.instagram.com\/embed.js\"><\/script><\/p>\n","protected":false},"excerpt":{"rendered":"C\u2019\u00e9tait jour de f\u00eate chez les Zidane ce jeudi 22 mai. Giulia et Kaia, les jumelles d\u2019Enzo Zidane&hellip;\n","protected":false},"author":2,"featured_media":132164,"comment_status":"","ping_status":"","sticky":false,"template":"","format":"standard","meta":{"footnotes":""},"categories":[1359],"tags":[548,58,59,652,1011,27,1302,973,24863],"class_list":{"0":"post-132163","1":"post","2":"type-post","3":"status-publish","4":"format-standard","5":"has-post-thumbnail","7":"category-people","8":"tag-article-simple","9":"tag-divertissement","10":"tag-entertainment","11":"tag-famille","12":"tag-fr","13":"tag-france","14":"tag-grand-pere","15":"tag-people","16":"tag-zinedine-zidane"},"share_on_mastodon":{"url":"https:\/\/pubeurope.com\/@fr\/114580712526689341","error":""},"_links":{"self":[{"href":"https:\/\/www.europesays.com\/fr\/wp-json\/wp\/v2\/posts\/132163","targetHints":{"allow":["GET"]}}],"collection":[{"href":"https:\/\/www.europesays.com\/fr\/wp-json\/wp\/v2\/posts"}],"about":[{"href":"https:\/\/www.europesays.com\/fr\/wp-json\/wp\/v2\/types\/post"}],"author":[{"embeddable":true,"href":"https:\/\/www.europesays.com\/fr\/wp-json\/wp\/v2\/users\/2"}],"replies":[{"embeddable":true,"href":"https:\/\/www.europesays.com\/fr\/wp-json\/wp\/v2\/comments?post=132163"}],"version-history":[{"count":0,"href":"https:\/\/www.europesays.com\/fr\/wp-json\/wp\/v2\/posts\/132163\/revisions"}],"wp:featuredmedia":[{"embeddable":true,"href":"https:\/\/www.europesays.com\/fr\/wp-json\/wp\/v2\/media\/132164"}],"wp:attachment":[{"href":"https:\/\/www.europesays.com\/fr\/wp-json\/wp\/v2\/media?parent=132163"}],"wp:term":[{"taxonomy":"category","embeddable":true,"href":"https:\/\/www.europesays.com\/fr\/wp-json\/wp\/v2\/categories?post=132163"},{"taxonomy":"post_tag","embeddable":true,"href":"https:\/\/www.europesays.com\/fr\/wp-json\/wp\/v2\/tags?post=132163"}],"curies":[{"name":"wp","href":"https:\/\/api.w.org\/{rel}","templated":true}]}}