{"id":132165,"date":"2025-05-27T16:22:11","date_gmt":"2025-05-27T16:22:11","guid":{"rendered":"https:\/\/www.europesays.com\/fr\/132165\/"},"modified":"2025-05-27T16:22:11","modified_gmt":"2025-05-27T16:22:11","slug":"vosges-vide-jardins-et-bourse-aux-livres-jeudi-29-mai-a-jainvillotte","status":"publish","type":"post","link":"https:\/\/www.europesays.com\/fr\/132165\/","title":{"rendered":"Vosges. Vide-jardins et bourse aux livres jeudi 29\u00a0mai \u00e0\u00a0Jainvillotte"},"content":{"rendered":"<p>Le foyer rural de l\u2019Anger de Jainvillotte organise le jour de l\u2019Ascension, de 9\u00a0h \u00e0 18\u00a0h dans les rues du village, un vide-jardins et une bourse aux livres. Des exposants particuliers et professionnels sont attendus, dont l\u2019auteur de romans historiques vosgien Jo\u00ebl Lemaire qui viendra d\u00e9dicacer ses livres, des membres de la Ligue de Protection des Oiseaux, des libraires, un apiculteur et des producteurs locaux (fromages de ch\u00e8vre et \u0153ufs, jus de fruits et confitures bio).<\/p>\n<p>Ce contenu est bloqu\u00e9 car vous n&rsquo;avez pas accept\u00e9 les cookies et autres traceurs.<\/p>\n<p>En cliquant sur \u00ab J\u2019accepte \u00bb, les cookies et autres traceurs seront d\u00e9pos\u00e9s et vous pourrez visualiser les contenus  (<a href=\"\" class=\"consentModule_policy\" target=\"_blank\" title=\"Consulter la politique de protection des donn\u00e9es du fournisseur\">plus d&rsquo;informations<\/a>).<\/p>\n<p>En cliquant sur \u00ab J\u2019accepte tous les cookies \u00bb, vous autorisez des d\u00e9p\u00f4ts de cookies et autres traceurs pour le stockage de vos donn\u00e9es sur nos sites et applications \u00e0 des fins de personnalisation et de ciblage publicitaire.<\/p>\n<p class=\"consentModule_secondaryText\">Vous gardez la possibilit\u00e9 de retirer votre consentement \u00e0 tout moment en consultant notre <a href=\"http:\/\/www.vosgesmatin.fr\/protection-des-donnees\" target=\"_blank\" title=\"Consulter notre politique de protection des donn\u00e9es\" rel=\"noopener\">politique de protection des donn\u00e9es<\/a>. <br \/>&#13;<br \/>\n            <a href=\"http:\/\/www.vosgesmatin.fr\/culture-loisirs\/2025\/05\/27\/javascript:Didomi.notice.show()\" class=\"consentModule_cmp\" target=\"_blank\" rel=\"noopener\">G\u00e9rer mes choix<\/a>&#13;\n        <\/p>\n<p>&#13;<br \/>\n                        J&rsquo;accepte&#13;<br \/>\n            J&rsquo;accepte tous les cookies&#13;\n        <\/p>\n<p>Gratuit pour les exposants, professionnels et particuliers, emplacements de cinq m\u00e8tres lin\u00e9aires. Buvette et restauration sur place.<\/p>\n","protected":false},"excerpt":{"rendered":"Le foyer rural de l\u2019Anger de Jainvillotte organise le jour de l\u2019Ascension, de 9\u00a0h \u00e0 18\u00a0h dans les&hellip;\n","protected":false},"author":2,"featured_media":132166,"comment_status":"","ping_status":"","sticky":false,"template":"","format":"standard","meta":{"footnotes":""},"categories":[1357],"tags":[1379,5738,11679,25688,1687,58,1797,59,1011,27,25687,1380,3365],"class_list":{"0":"post-132165","1":"post","2":"type-post","3":"status-publish","4":"format-standard","5":"has-post-thumbnail","7":"category-livres","8":"tag-books","9":"tag-bourses","10":"tag-brocantes","11":"tag-cc-de-louest-vosgien-88a","12":"tag-culture-loisirs","13":"tag-divertissement","14":"tag-edition-la-plaine","15":"tag-entertainment","16":"tag-fr","17":"tag-france","18":"tag-jainvillotte","19":"tag-livres","20":"tag-vide-greniers"},"share_on_mastodon":{"url":"https:\/\/pubeurope.com\/@fr\/114580720411415695","error":""},"_links":{"self":[{"href":"https:\/\/www.europesays.com\/fr\/wp-json\/wp\/v2\/posts\/132165","targetHints":{"allow":["GET"]}}],"collection":[{"href":"https:\/\/www.europesays.com\/fr\/wp-json\/wp\/v2\/posts"}],"about":[{"href":"https:\/\/www.europesays.com\/fr\/wp-json\/wp\/v2\/types\/post"}],"author":[{"embeddable":true,"href":"https:\/\/www.europesays.com\/fr\/wp-json\/wp\/v2\/users\/2"}],"replies":[{"embeddable":true,"href":"https:\/\/www.europesays.com\/fr\/wp-json\/wp\/v2\/comments?post=132165"}],"version-history":[{"count":0,"href":"https:\/\/www.europesays.com\/fr\/wp-json\/wp\/v2\/posts\/132165\/revisions"}],"wp:featuredmedia":[{"embeddable":true,"href":"https:\/\/www.europesays.com\/fr\/wp-json\/wp\/v2\/media\/132166"}],"wp:attachment":[{"href":"https:\/\/www.europesays.com\/fr\/wp-json\/wp\/v2\/media?parent=132165"}],"wp:term":[{"taxonomy":"category","embeddable":true,"href":"https:\/\/www.europesays.com\/fr\/wp-json\/wp\/v2\/categories?post=132165"},{"taxonomy":"post_tag","embeddable":true,"href":"https:\/\/www.europesays.com\/fr\/wp-json\/wp\/v2\/tags?post=132165"}],"curies":[{"name":"wp","href":"https:\/\/api.w.org\/{rel}","templated":true}]}}