{"id":132169,"date":"2025-05-27T16:24:16","date_gmt":"2025-05-27T16:24:16","guid":{"rendered":"https:\/\/www.europesays.com\/fr\/132169\/"},"modified":"2025-05-27T16:24:16","modified_gmt":"2025-05-27T16:24:16","slug":"marine-pierre-garnier-helena-marguerite-les-chanteurs-de-la-star-academy-cartonnent","status":"publish","type":"post","link":"https:\/\/www.europesays.com\/fr\/132169\/","title":{"rendered":"Marine, Pierre Garnier, Helena, Marguerite&#8230; Les chanteurs de la \u00ab\u00a0Star Academy\u00a0\u00bb cartonnent"},"content":{"rendered":"<p class=\"article-p mdl\">Ils s&rsquo;imposent comme les valeurs montantes du paysage musical fran\u00e7ais depuis deux saisons. Les \u00e9l\u00e8ves de la Star Academy, le t\u00e9l\u00e9-crochet de TF1, alignent succ\u00e8s sur succ\u00e8s. Cela s&rsquo;explique par les bonnes audiences du programme et un attachement du public \u00e0 des personnalit\u00e9s simples et authentiques. Le ch\u00e2teau de\u00a0Dammarie-les-Lys est redevenu, plus de 20 ans apr\u00e8s Jenifer ou Gr\u00e9gory Lemarchal, une pouponni\u00e8re de faiseur de tubes.<\/p>\n<p class=\"article-p mdl\"><a class=\"link\" href=\"https:\/\/www.rtl.fr\/culture\/medias-people\/video-les-grosses-tetes-pierre-garnier-chante-chaque-seconde-en-live-dans-l-emission-7900421226\" title=\"VID\u00c9O - &quot;Les Grosses T\u00eates&quot; : Pierre Garnier chante &quot;Chaque seconde&quot; en live dans l&#039;\u00e9mission\" target=\"_blank\" rel=\"noopener\"><strong>Pierre Garnier<\/strong><\/a>, le gagnant de l&rsquo;\u00e9dition 2023-2024, a ouvert la voie : le succ\u00e8s est fulgurant pour le Normand de 23 ans. En un an, il est devenu l&rsquo;un des plus gros vendeurs de disques en France. Il a d\u00e9j\u00e0 d\u00e9croch\u00e9 deux\u00a0<a class=\"link\" href=\"https:\/\/www.rtl.fr\/culture\/musique\/victoires-de-la-musique-2025-le-palmares-complet-de-la-ceremonie-7900473241\" title=\"Victoires de la Musique 2025 : le palmar\u00e8s complet de la c\u00e9r\u00e9monie\" target=\"_blank\" rel=\"noopener\">Victoires de la Musique<\/a>\u00a0et sa tourn\u00e9e se joue \u00e0 guichets ferm\u00e9s.<\/p>\n<p class=\"article-p mdl\">Un d\u00e9but de carri\u00e8re prometteur aussi pour sa camarade de promotion <strong>Helena<\/strong>. Son premier album H\u00e9l\u00e9, sorti en mars dernier, avec ses singles associ\u00e9s Mauvais Gar\u00e7on, Summerbody ou M\u00e9latonine, vient d&rsquo;\u00eatre certifi\u00e9 disque d&rsquo;or. Helena, \u00e9galement en tourn\u00e9e dans les Z\u00e9nith de France et de Belgique, a du mal \u00e0 r\u00e9aliser ce succ\u00e8s imm\u00e9diat qu&rsquo;elle explique par sa proximit\u00e9 avec un public qui l&rsquo;a suivi pendant trois mois \u00e0 la t\u00e9l\u00e9vision.<\/p>\n<\/p>\n<p class=\"article-p mdl\">\u00ab\u00a0Avec la Star Academy, nous avons \u00e9t\u00e9 dans le salon des familles pendant trois mois. Nous, on a v\u00e9cu notre vie de mani\u00e8re totalement normale. On avait un peu oubli\u00e9 ce qui se passait autour de nous. \u00c9videmment, il y avait les primes avec des artistes et des millions de t\u00e9l\u00e9spectateurs le samedi soir. Mais \u00e7a ne serait pas coh\u00e9rent de sortir de l\u00e0 et d&rsquo;\u00eatre totalement diff\u00e9rent ou \u00e9loign\u00e9 (du public) alors qu&rsquo;ils se sont sentis proche de nous pendant si longtemps\u00a0\u00bb, explique l&rsquo;artiste belge au micro de RTL.<\/p>\n<p>            Le carton de Marine et Marguerite<\/p>\n<p class=\"article-p mdl\">La promotion suivante, sortie cette ann\u00e9e, se d\u00e9brouille aussi tr\u00e8s bien. En quelques mois, elle compte d\u00e9j\u00e0 plusieurs tubes comme Ma Faute, le premier single de la gagnante de l&rsquo;\u00e9dition 2024-2025,\u00a0<a class=\"link\" href=\"https:\/\/www.rtl.fr\/programmes\/on-refait-la-tele\/7900467516-le-meilleur-d-orlt-avec-jeanne-mas-et-marine-delplace-gagnante-de-la-star-academy\" title=\"Le meilleur d&#039;ORLT avec Jeanne Mas et Marine Delplace, gagnante de la Star Acad\u00e9my !\" target=\"_blank\" rel=\"noopener\"><strong>Marine<\/strong><\/a>, qui d\u00e9passe les 20 millions d&rsquo;\u00e9coutes et certifi\u00e9 single de platine. Apr\u00e8s avoir remport\u00e9 l&rsquo;\u00e9mission, la chanteuse originaire d&rsquo;Arras pr\u00e9pare son premier album qui devrait sortir avant l&rsquo;\u00e9t\u00e9 avec deux chansons sign\u00e9es Eddy de Pretto.<\/p>\n<p class=\"article-p mdl\">\u00ab\u00a0J&rsquo;aimerais bien rester auteur-compositeur. C&rsquo;est mon album, donc ce serait mieux que ce soient mes chansons. Apr\u00e8s, je fais aussi confiance \u00e0 la maison de disques. Si elle a des choses \u00e0 me proposer, on peut en parler. Mais \u00e7a reste quand m\u00eame moi qui vais g\u00e9rer. Je ne veux pas non plus que ce soit trop rapide. J&rsquo;ai envie que \u00e7a me corresponde quand m\u00eame et que \u00e7a me plaise\u00a0\u00bb, disait-elle sur RTL.<\/p>\n<p class=\"article-p mdl\">Marine qui a d\u00e9voil\u00e9, ce vendredi 23 mai,\u00a0C\u0153ur maladroit, premier extrait de ce futur album. Un titre plus pop et p\u00e9tillant que le premier single mais toujours aussi personnel. Il effectue un beau d\u00e9marrage avec 500.000 vues sur YouTube, 300.000 \u00e9coutes sur Spotify en moins d&rsquo;une semaine.<\/p>\n<\/p>\n<p class=\"article-p mdl\">L&rsquo;autre \u00e9l\u00e8ve vers qui les yeux et les oreilles se tournent, c&rsquo;est <strong>Marguerite<\/strong>. La jeune femme a sorti son premier single en avril dernier et cumule d\u00e9j\u00e0 cinq millions d&rsquo;\u00e9coutes avec\u00a0Les filles, les meufs, un hymne f\u00e9ministe, girl power, repris des milliers de fois sur les r\u00e9seaux sociaux.<\/p>\n<p>Un buzz sur internet et sur une chanson ador\u00e9e par Juliette Armanet et Eddy de Pretto, d\u00e9cid\u00e9ment tr\u00e8s branch\u00e9 \u00ab\u00a0Star Ac\u00a0\u00bb. Marguerite et Marine sont actuellement en tourn\u00e9e avec sept autres acad\u00e9miciens &#8211; \u00c9bony, Charles Dor\u00e9, Ulysse, Ma\u00efa, Emma, Maureen, Franck &#8211; jusqu&rsquo;au 29 juin, leur derni\u00e8re date \u00e0 Aix-en-Provence. Ils passeront \u00e9galement par Paris, avec un troisi\u00e8me Bercy au programme, le 13 juin prochain.<\/p>\n<\/p>\n<p>    La r\u00e9daction vous recommande<\/p>\n<p class=\"s-newsletter__title\">\n                L\u2019actualit\u00e9 par la r\u00e9daction de RTL dans votre bo\u00eete mail.\n            <\/p>\n<p class=\"s-newsletter__subtitle\">\n                Gr\u00e2ce \u00e0 votre compte RTL abonnez-vous \u00e0 la newsletter RTL info pour suivre toute l&rsquo;actualit\u00e9 au quotidien\n            <\/p>\n<p>\n                                    Lire la suite\n                                <\/p>\n","protected":false},"excerpt":{"rendered":"Ils s&rsquo;imposent comme les valeurs montantes du paysage musical fran\u00e7ais depuis deux saisons. Les \u00e9l\u00e8ves de la Star&hellip;\n","protected":false},"author":2,"featured_media":132170,"comment_status":"","ping_status":"","sticky":false,"template":"","format":"standard","meta":{"footnotes":""},"categories":[1355],"tags":[1695,58,59,2414,107,1011,27,500,1361,873,5095,199],"class_list":{"0":"post-132169","1":"post","2":"type-post","3":"status-publish","4":"format-standard","5":"has-post-thumbnail","7":"category-musique","8":"tag-chanson","9":"tag-divertissement","10":"tag-entertainment","11":"tag-fil-culture","12":"tag-fil-info","13":"tag-fr","14":"tag-france","15":"tag-medias","16":"tag-music","17":"tag-musique","18":"tag-star-academy","19":"tag-tf1"},"share_on_mastodon":{"url":"https:\/\/pubeurope.com\/@fr\/114580728377200897","error":""},"_links":{"self":[{"href":"https:\/\/www.europesays.com\/fr\/wp-json\/wp\/v2\/posts\/132169","targetHints":{"allow":["GET"]}}],"collection":[{"href":"https:\/\/www.europesays.com\/fr\/wp-json\/wp\/v2\/posts"}],"about":[{"href":"https:\/\/www.europesays.com\/fr\/wp-json\/wp\/v2\/types\/post"}],"author":[{"embeddable":true,"href":"https:\/\/www.europesays.com\/fr\/wp-json\/wp\/v2\/users\/2"}],"replies":[{"embeddable":true,"href":"https:\/\/www.europesays.com\/fr\/wp-json\/wp\/v2\/comments?post=132169"}],"version-history":[{"count":0,"href":"https:\/\/www.europesays.com\/fr\/wp-json\/wp\/v2\/posts\/132169\/revisions"}],"wp:featuredmedia":[{"embeddable":true,"href":"https:\/\/www.europesays.com\/fr\/wp-json\/wp\/v2\/media\/132170"}],"wp:attachment":[{"href":"https:\/\/www.europesays.com\/fr\/wp-json\/wp\/v2\/media?parent=132169"}],"wp:term":[{"taxonomy":"category","embeddable":true,"href":"https:\/\/www.europesays.com\/fr\/wp-json\/wp\/v2\/categories?post=132169"},{"taxonomy":"post_tag","embeddable":true,"href":"https:\/\/www.europesays.com\/fr\/wp-json\/wp\/v2\/tags?post=132169"}],"curies":[{"name":"wp","href":"https:\/\/api.w.org\/{rel}","templated":true}]}}