{"id":132173,"date":"2025-05-27T16:26:08","date_gmt":"2025-05-27T16:26:08","guid":{"rendered":"https:\/\/www.europesays.com\/fr\/132173\/"},"modified":"2025-05-27T16:26:08","modified_gmt":"2025-05-27T16:26:08","slug":"a-18-ans-elle-apprend-quelle-souffre-dun-cancer-du-colon","status":"publish","type":"post","link":"https:\/\/www.europesays.com\/fr\/132173\/","title":{"rendered":"\u00e0 18 ans, elle apprend qu&rsquo;elle souffre d&rsquo;un cancer du c\u00f4lon"},"content":{"rendered":"<p>En 2023, 47 582 nouveaux cas de cancers colorectaux ont \u00e9t\u00e9 diagnostiqu\u00e9s en France avec 26 212 hommes touch\u00e9s et 21 370 femmes. Comme le rapporte <a data-i13n=\"cpos:1;pos:1\" href=\"https:\/\/www.cancer.fr\/professionnels-de-sante\/statistiques-et-chiffres-sur-les-cancers\/epidemiologie-des-cancers\/cancer-colorectal\" rel=\"nofollow noopener\" target=\"_blank\" data-ylk=\"slk:l&#039;Institut national du cancer;cpos:1;pos:1;elm:context_link;itc:0;sec:content-canvas\" class=\"link \">l&rsquo;Institut national du cancer<\/a>, le cancer colorectal est le troisi\u00e8me cancer le plus fr\u00e9quent chez l\u2019homme et repr\u00e9sente 11,2 % de l\u2019ensemble des nouveaux cas de cancers masculins. Chez la femme, il est le deuxi\u00e8me plus fr\u00e9quent apr\u00e8s le cancer du sein. Il touche principalement des personnes \u00e2g\u00e9es avec un \u00e2ge m\u00e9dian au diagnostic de 71 ans chez l\u2019homme et de 72 ans chez la femme. Mais il survient parfois bien plus t\u00f4t.<\/p>\n<p><strong>LIRE AUSSI &gt;&gt; <\/strong><a data-i13n=\"cpos:2;pos:1\" href=\"https:\/\/fr.news.yahoo.com\/sous-le-choc-les-medecins-lui-decouvrent-un-cancer-si-rare-quil-ne-porte-pas-encore-de-nom-095203806.html\" data-ylk=\"slk:Sous le choc, les m\u00e9decins lui d\u00e9couvrent un cancer si rare qu&#039;il ne porte pas encore de nom;cpos:2;pos:1;elm:context_link;itc:0;sec:content-canvas;outcm:mb_qualified_link;_E:mb_qualified_link;ct:story;\" class=\"link  yahoo-link\" rel=\"nofollow noopener\" target=\"_blank\">Sous le choc, les m\u00e9decins lui d\u00e9couvrent un cancer si rare qu&rsquo;il ne porte pas encore de nom<\/a><\/p>\n<p><a data-i13n=\"cpos:3;pos:1\" href=\"https:\/\/www.femmeactuelle.fr\/sante\/sante-pratique\/la-jai-su-que-javais-un-cancer-le-temoignage-dannie-24-ans-en-remission-dun-cancer-du-colon-2189198?fbclid=IwY2xjawKiUgdleHRuA2FlbQIxMABicmlkETF6M1had1hkYWx6WDk0MTBjAR5e_B3ajqgvC8cCl-2oBjmrctOIYfHgX3V9sSr1S37fuD8QdcexplHi9U6cmw_aem_dlvVlqWUoEktCmhgdDkizQ\" rel=\"nofollow noopener\" target=\"_blank\" data-ylk=\"slk:Femme Actuelle;cpos:3;pos:1;elm:context_link;itc:0;sec:content-canvas\" class=\"link \">Femme Actuelle <\/a>raconte l&rsquo;histoire d\u2019Annie, 24 ans, atteinte du syndrome de Lynch. Cette maladie g\u00e9n\u00e9tique est responsable d\u2019une augmentation du risque de d\u00e9velopper certains cancers comme les cancers du c\u00f4lon, de l\u2019ut\u00e9rus et des ovaires, met en garde <a data-i13n=\"cpos:4;pos:1\" href=\"https:\/\/www.chu-lille.fr\/wp-content\/uploads\/2019\/10\/A5-LYNCH.pdf\" rel=\"nofollow noopener\" target=\"_blank\" data-ylk=\"slk:le CHU de Lille;cpos:4;pos:1;elm:context_link;itc:0;sec:content-canvas\" class=\"link \">le CHU de Lille<\/a>. En 2018, la jeune femme est alors en classe de terminale quand elle ressent une importante fatigue. \u00ab\u00a0\u00c0 l\u2019\u00e9t\u00e9 2018, je ne tenais plus debout. Je m\u2019effondrais au moindre effort physique, j\u2019avais perdu beaucoup de poids, j\u2019avais des fourmis partout dans le corps\u00a0\u00bb, se souvient-elle.<\/p>\n<p>\u00ab\u00a0J&rsquo;ai su que j&rsquo;avais un cancer\u00a0\u00bb<\/p>\n<p>D\u00e8s l&rsquo;apparition des premiers sympt\u00f4mes, son p\u00e8re s&rsquo;inqui\u00e8te et fait le lien avec le d\u00e9c\u00e8s de sa propre m\u00e8re des suites d&rsquo;un cancer du c\u00f4lon. Il insiste alors pour que sa fille passe une coloscopie. Elle r\u00e9alise cet examen au mois de d\u00e9cembre de la m\u00eame ann\u00e9e. \u00ab\u00a0Quand je me suis r\u00e9veill\u00e9e, j\u2019ai tout de suite compris. L\u2019infirmi\u00e8re est venue me voir et m&rsquo;a dit : &lsquo;On va faire un scanner&rsquo;. L\u00e0, j\u2019ai su que j\u2019avais un cancer\u00a0\u00bb, confie la patiente. Elle rencontre ensuite le chirurgien qui lui explique l&rsquo;intervention \u00e0 venir : \u00ab\u00a0Quand je me suis retrouv\u00e9e seule avec lui, c\u2019est la premi\u00e8re fois que j\u2019ai pleur\u00e9. J\u2019ai compris qu\u2019on allait m\u2019enlever une partie de mon corps, et je me suis sentie tr\u00e8s vuln\u00e9rable\u00a0\u00bb.<\/p>\n<p>Le 9 janvier 2019, l&rsquo;intervention a lieu et permet de retirer 25 cm du c\u00f4lon d&rsquo;Annie et plusieurs ganglions mais les s\u00e9quelles sont importantes. \u00ab\u00a0Depuis, mon transit est beaucoup plus rapide. Ce qui prenait 6 \u00e0 8 heures avant l\u2019op\u00e9ration prend maintenant 2 \u00e0 3 heures. J\u2019ai d\u00fb adapter mon alimentation pour \u00e9viter les douleurs.\u00a0\u00bb<\/p>\n<p>R\u00e9mission<\/p>\n<p>La jeune femme est maintenant en r\u00e9mission de son cancer du c\u00f4lon et a pu terminer ses \u00e9tudes. \u00ab\u00a0Mon \u00e9cole a \u00e9t\u00e9 g\u00e9niale : un simple mail suffisait pour justifier mes absences. Et pour les cours, mes amis m\u2019ont \u00e9norm\u00e9ment soutenu.\u00a0\u00bb Elle a \u00e9galement trouv\u00e9 du r\u00e9confort aupr\u00e8s d&rsquo;un groupe de jeunes touch\u00e9s par le cancer.<\/p>\n<p><strong>LIRE AUSSI &gt;&gt;<\/strong> <a data-i13n=\"cpos:5;pos:1\" href=\"https:\/\/fr.news.yahoo.com\/cancer-du-colon-a-31-ans-les-medecins-ny-croyaient-pas-et-sil-navait-pas-prete-attention-a-ce-symptome-il-serait-mort-105737994.html\" data-ylk=\"slk:Cancer du c\u00f4lon : parce qu&#039;il avait 31 ans, les m\u00e9decins n&#039;y croyaient pas, et s&#039;il n&#039;avait pas pr\u00eat\u00e9 attention \u00e0 ce sympt\u00f4me en allant aux toilettes, il serait mort;cpos:5;pos:1;elm:context_link;itc:0;sec:content-canvas;outcm:mb_qualified_link;_E:mb_qualified_link;ct:story;\" class=\"link  yahoo-link\" rel=\"nofollow noopener\" target=\"_blank\">Cancer du c\u00f4lon : parce qu&rsquo;il avait 31 ans, les m\u00e9decins n&rsquo;y croyaient pas, et s&rsquo;il n&rsquo;avait pas pr\u00eat\u00e9 attention \u00e0 ce sympt\u00f4me en allant aux toilettes, il serait mort<\/a><\/p>\n<p>Aujourd&rsquo;hui, Annie veut sensibiliser le grand public et faire passer un message de pr\u00e9vention : \u00ab\u00a0\u00c9coutez votre corps, faites confiance \u00e0 la m\u00e9decine et surtout, ne n\u00e9gligez pas la pr\u00e9vention. Une simple coloscopie peut tout changer. (&#8230;) On ne trouvera peut-\u00eatre pas un \u2018vaccin universel contre le cancer\u2019, mais on peut d\u00e9tecter ces maladies plus t\u00f4t et sauver des vies\u00a0\u00bb.<\/p>\n","protected":false},"excerpt":{"rendered":"En 2023, 47 582 nouveaux cas de cancers colorectaux ont \u00e9t\u00e9 diagnostiqu\u00e9s en France avec 26 212 hommes&hellip;\n","protected":false},"author":2,"featured_media":132174,"comment_status":"","ping_status":"","sticky":false,"template":"","format":"standard","meta":{"footnotes":""},"categories":[10],"tags":[101,14845,25689,1011,27,72,71,25690],"class_list":{"0":"post-132173","1":"post","2":"type-post","3":"status-publish","4":"format-standard","5":"has-post-thumbnail","7":"category-sante","8":"tag-cancer","9":"tag-cancer-colorectal","10":"tag-chu-de-lille","11":"tag-fr","12":"tag-france","13":"tag-health","14":"tag-sante","15":"tag-syndrome-de-lynch"},"share_on_mastodon":{"url":"https:\/\/pubeurope.com\/@fr\/114580736116146866","error":""},"_links":{"self":[{"href":"https:\/\/www.europesays.com\/fr\/wp-json\/wp\/v2\/posts\/132173","targetHints":{"allow":["GET"]}}],"collection":[{"href":"https:\/\/www.europesays.com\/fr\/wp-json\/wp\/v2\/posts"}],"about":[{"href":"https:\/\/www.europesays.com\/fr\/wp-json\/wp\/v2\/types\/post"}],"author":[{"embeddable":true,"href":"https:\/\/www.europesays.com\/fr\/wp-json\/wp\/v2\/users\/2"}],"replies":[{"embeddable":true,"href":"https:\/\/www.europesays.com\/fr\/wp-json\/wp\/v2\/comments?post=132173"}],"version-history":[{"count":0,"href":"https:\/\/www.europesays.com\/fr\/wp-json\/wp\/v2\/posts\/132173\/revisions"}],"wp:featuredmedia":[{"embeddable":true,"href":"https:\/\/www.europesays.com\/fr\/wp-json\/wp\/v2\/media\/132174"}],"wp:attachment":[{"href":"https:\/\/www.europesays.com\/fr\/wp-json\/wp\/v2\/media?parent=132173"}],"wp:term":[{"taxonomy":"category","embeddable":true,"href":"https:\/\/www.europesays.com\/fr\/wp-json\/wp\/v2\/categories?post=132173"},{"taxonomy":"post_tag","embeddable":true,"href":"https:\/\/www.europesays.com\/fr\/wp-json\/wp\/v2\/tags?post=132173"}],"curies":[{"name":"wp","href":"https:\/\/api.w.org\/{rel}","templated":true}]}}