{"id":13218,"date":"2025-04-09T17:53:21","date_gmt":"2025-04-09T17:53:21","guid":{"rendered":"https:\/\/www.europesays.com\/fr\/13218\/"},"modified":"2025-04-09T17:53:21","modified_gmt":"2025-04-09T17:53:21","slug":"la-fac-de-medecine-de-nice-interdit-les-soirees-etudiantes-et-les-evenements-dintegration","status":"publish","type":"post","link":"https:\/\/www.europesays.com\/fr\/13218\/","title":{"rendered":"La fac de m\u00e9decine de Nice interdit les soir\u00e9es \u00e9tudiantes et les \u00e9v\u00e8nements d\u2019int\u00e9gration"},"content":{"rendered":"<p class=\"paragraph lpe text_align_left\">L\u2019affaire avait fait grand bruit : en janvier dernier, un \u00e9tudiant de deuxi\u00e8me ann\u00e9e de la facult\u00e9 de m\u00e9decine de Nice avait \u00e9t\u00e9 hospitalis\u00e9 apr\u00e8s une soir\u00e9e. En cause une consommation excessive d\u2019alcool qui lui avait valu ce s\u00e9jour \u00e0 l\u2019h\u00f4pital.<\/p>\n<p class=\"paragraph lpe text_align_left\">De son c\u00f4t\u00e9, l\u2019universit\u00e9 avait lanc\u00e9 une commission d\u2019enqu\u00eate quelques jours plus tard, alert\u00e9e par des \u00ab mails de signalement \u00bb, d\u00e9non\u00e7ant \u00ab la fa\u00e7on dont cette soir\u00e9e aurait \u00e9t\u00e9 organis\u00e9e \u00bb. En filigrane, un soup\u00e7on de bizutage d\u2019\u00e9tudiants de deuxi\u00e8me ann\u00e9e derri\u00e8re la consommation d\u2019alcool de la victime.<\/p>\n<p>Interdiction totale des \u00e9v\u00e8nements d\u2019int\u00e9gration<\/p>\n<p class=\"paragraph lpe text_align_left\">Un t\u00e9moin avait expliqu\u00e9 \u00e0 <a href=\"https:\/\/www.bfmtv.com\/cote-d-azur\/soupcons-de-bizutage-un-etudiant-en-medecine-hospitalise-apres-une-soiree-a-nice-l-universite-ouvre-une-enquete_AV-202501310533.html\" target=\"_blank\" rel=\"noreferrer noopener\">BFM C\u00f4te d\u2019Azur<\/a> que deux \u00e9tudiantes qui organisaient la soir\u00e9e avaient oblig\u00e9 des \u00e9tudiants de deuxi\u00e8me ann\u00e9e \u00e0 boire de grandes quantit\u00e9s d\u2019un m\u00e9lange de soda, d\u2019huile et d\u2019alcool. Selon BFM C\u00f4te d\u2019Azur, information confirm\u00e9e par un communiqu\u00e9 de l\u2019universit\u00e9 C\u00f4te d\u2019Azur, la commission a rendu son rapport. La facult\u00e9 de m\u00e9decine a d\u00e9cid\u00e9 d\u2019interdire \u00ab jusqu\u2019\u00e0 nouvel ordre de tout \u00e9v\u00e8nement festif alcoolis\u00e9 organis\u00e9 par les associations affili\u00e9es \u00e0 l\u2019UFR M\u00e9decine \u00bb, mais aussi \u00ab l\u2019interdiction totale des \u00e9v\u00e8nements \u00e9tudiants de type int\u00e9gration, crit\u00e9rium ou \u00ab Faluchage \u00bb.<\/p>\n<p class=\"paragraph lpe text_align_left\">Quatre \u00e9tudiants de troisi\u00e8me ann\u00e9e vont aussi passer devant un conseil de discipline. Le communiqu\u00e9 pr\u00e9cise : \u00ab La proc\u00e9dure disciplinaire \u00e9tant une proc\u00e9dure contradictoire, tous les \u00e9tudiants poursuivis auront acc\u00e8s \u00e0 l\u2019ensemble des pi\u00e8ces qui fonderont les poursuites disciplinaires lorsque celle-ci sera enclench\u00e9e, et notamment au rapport de la commission et aux comptes rendus de l\u2019ensemble des auditions. \u00bb<\/p>\n<p class=\"paragraph lpe text_align_left\">Pour prot\u00e9ger les \u00e9tudiants participant \u00e0 l\u2019enqu\u00eate administrative, l\u2019universit\u00e9 annonce \u00e9galement une \u00ab protection stricte des \u00e9tudiants ayant particip\u00e9 \u00e0 l\u2019enqu\u00eate administrative (mis en cause, victimes pr\u00e9sum\u00e9es et t\u00e9moins) avec recours possible aupr\u00e8s de la r\u00e9f\u00e9rente d\u00e9ontologue, \u00e9thique et int\u00e9grit\u00e9, si besoin \u00bb.<\/p>\n<p class=\"paragraph lpe text_align_left\">Aussi, l\u2019association pourrait \u00eatre dissoute apr\u00e8s que l\u2019universit\u00e9 l\u2019a demand\u00e9 au procureur de la R\u00e9publique. Une responsabilit\u00e9 de l\u2019association qui n\u2019est pas sans rappeler une r\u00e9cente condamnation, celle de l\u2019association Course croisi\u00e8res de l\u2019Edhec : le 2 avril dernier, elle a \u00e9t\u00e9 condamn\u00e9e \u00e0 5 000 euros d\u2019amende pour des bizutages lors d\u2019une soir\u00e9e qui avait eu lieu en 2013. L\u2019un des \u00e9tudiants, contraint de boire de l\u2019alcool, avait chut\u00e9 d\u2019une fen\u00eatre et est aujourd\u2019hui handicap\u00e9.<\/p>\n","protected":false},"excerpt":{"rendered":"L\u2019affaire avait fait grand bruit : en janvier dernier, un \u00e9tudiant de deuxi\u00e8me ann\u00e9e de la facult\u00e9 de&hellip;\n","protected":false},"author":2,"featured_media":13219,"comment_status":"","ping_status":"","sticky":false,"template":"","format":"standard","meta":{"footnotes":""},"categories":[2819],"tags":[1111,11,459,1283,1777,674,1011,27,2684,12,2401,882,25,5973],"class_list":{"0":"post-13218","1":"post","2":"type-post","3":"status-publish","4":"format-standard","5":"has-post-thumbnail","7":"category-nice","8":"tag-actu","9":"tag-actualites","10":"tag-departements-horsidfo","11":"tag-etudes","12":"tag-eu","13":"tag-europe","14":"tag-fr","15":"tag-france","16":"tag-le-parisien-etudiant","17":"tag-news","18":"tag-nice","19":"tag-provence-alpes-cote-dazur","20":"tag-republique-francaise","21":"tag-universites"},"share_on_mastodon":{"url":"https:\/\/pubeurope.com\/@fr\/114309287309391360","error":""},"_links":{"self":[{"href":"https:\/\/www.europesays.com\/fr\/wp-json\/wp\/v2\/posts\/13218","targetHints":{"allow":["GET"]}}],"collection":[{"href":"https:\/\/www.europesays.com\/fr\/wp-json\/wp\/v2\/posts"}],"about":[{"href":"https:\/\/www.europesays.com\/fr\/wp-json\/wp\/v2\/types\/post"}],"author":[{"embeddable":true,"href":"https:\/\/www.europesays.com\/fr\/wp-json\/wp\/v2\/users\/2"}],"replies":[{"embeddable":true,"href":"https:\/\/www.europesays.com\/fr\/wp-json\/wp\/v2\/comments?post=13218"}],"version-history":[{"count":0,"href":"https:\/\/www.europesays.com\/fr\/wp-json\/wp\/v2\/posts\/13218\/revisions"}],"wp:featuredmedia":[{"embeddable":true,"href":"https:\/\/www.europesays.com\/fr\/wp-json\/wp\/v2\/media\/13219"}],"wp:attachment":[{"href":"https:\/\/www.europesays.com\/fr\/wp-json\/wp\/v2\/media?parent=13218"}],"wp:term":[{"taxonomy":"category","embeddable":true,"href":"https:\/\/www.europesays.com\/fr\/wp-json\/wp\/v2\/categories?post=13218"},{"taxonomy":"post_tag","embeddable":true,"href":"https:\/\/www.europesays.com\/fr\/wp-json\/wp\/v2\/tags?post=13218"}],"curies":[{"name":"wp","href":"https:\/\/api.w.org\/{rel}","templated":true}]}}