{"id":132191,"date":"2025-05-27T16:35:10","date_gmt":"2025-05-27T16:35:10","guid":{"rendered":"https:\/\/www.europesays.com\/fr\/132191\/"},"modified":"2025-05-27T16:35:10","modified_gmt":"2025-05-27T16:35:10","slug":"on-ne-peut-pas-faire-nimporte-quoi-avec-le-visage-des-gens","status":"publish","type":"post","link":"https:\/\/www.europesays.com\/fr\/132191\/","title":{"rendered":"\u00ab\u00a0On ne peut pas faire n\u2019importe quoi avec le visage des gens\u00a0\u00bb"},"content":{"rendered":"<p>\u00ab\u00a0Augmentation du volume des l\u00e8vres sans injection indolore\u00a0\u00bb, \u00ab\u00a0lifting cor\u00e9en au fil de soie au collag\u00e8ne sans aiguille et sans douleur\u00a0\u00bb\u2026 Des annonces de ce type, mises en ligne par des pseudo-esth\u00e9ticiennes, la toile en est gangren\u00e9e.<\/p>\n<p>Dans la Loire, on retrouve ce ph\u00e9nom\u00e8ne avec des jeunes femmes proposant ce type de service, piquant leur jeune patient\u00e8le dans leur appartement ou \u00e0 domicile, \u00e0 des prix cass\u00e9s.<\/p>\n<p>Un ph\u00e9nom\u00e8ne qui d\u00e9sole Julie Chauvel-Picard, chirurgienne maxillo-faciale au CHU de Saint-\u00c9tienne\u00a0: \u00ab\u00a0On ne peut pas faire n\u2019importe quoi avec le visage des gens. Promettre des l\u00e8vres pulpeuses sans injection, ce n\u2019est pas possible. \u00bb<\/p>\n<p>&amp;&#8230;                <\/p>\n","protected":false},"excerpt":{"rendered":"\u00ab\u00a0Augmentation du volume des l\u00e8vres sans injection indolore\u00a0\u00bb, \u00ab\u00a0lifting cor\u00e9en au fil de soie au collag\u00e8ne sans aiguille&hellip;\n","protected":false},"author":2,"featured_media":132192,"comment_status":"","ping_status":"","sticky":false,"template":"","format":"standard","meta":{"footnotes":""},"categories":[9653],"tags":[1111,11,2430,7539,1777,674,107,1011,27,3367,12,25,4001,7538,71],"class_list":{"0":"post-132191","1":"post","2":"type-post","3":"status-publish","4":"format-standard","5":"has-post-thumbnail","7":"category-saint-etienne","8":"tag-actu","9":"tag-actualites","10":"tag-auvergne-rhone-alpes","11":"tag-edition-loire-sud","12":"tag-eu","13":"tag-europe","14":"tag-fil-info","15":"tag-fr","16":"tag-france","17":"tag-loire","18":"tag-news","19":"tag-republique-francaise","20":"tag-saint-etienne","21":"tag-saint-etienne-ville","22":"tag-sante"},"share_on_mastodon":{"url":"https:\/\/pubeurope.com\/@fr\/114580771571683580","error":""},"_links":{"self":[{"href":"https:\/\/www.europesays.com\/fr\/wp-json\/wp\/v2\/posts\/132191","targetHints":{"allow":["GET"]}}],"collection":[{"href":"https:\/\/www.europesays.com\/fr\/wp-json\/wp\/v2\/posts"}],"about":[{"href":"https:\/\/www.europesays.com\/fr\/wp-json\/wp\/v2\/types\/post"}],"author":[{"embeddable":true,"href":"https:\/\/www.europesays.com\/fr\/wp-json\/wp\/v2\/users\/2"}],"replies":[{"embeddable":true,"href":"https:\/\/www.europesays.com\/fr\/wp-json\/wp\/v2\/comments?post=132191"}],"version-history":[{"count":0,"href":"https:\/\/www.europesays.com\/fr\/wp-json\/wp\/v2\/posts\/132191\/revisions"}],"wp:featuredmedia":[{"embeddable":true,"href":"https:\/\/www.europesays.com\/fr\/wp-json\/wp\/v2\/media\/132192"}],"wp:attachment":[{"href":"https:\/\/www.europesays.com\/fr\/wp-json\/wp\/v2\/media?parent=132191"}],"wp:term":[{"taxonomy":"category","embeddable":true,"href":"https:\/\/www.europesays.com\/fr\/wp-json\/wp\/v2\/categories?post=132191"},{"taxonomy":"post_tag","embeddable":true,"href":"https:\/\/www.europesays.com\/fr\/wp-json\/wp\/v2\/tags?post=132191"}],"curies":[{"name":"wp","href":"https:\/\/api.w.org\/{rel}","templated":true}]}}