{"id":132193,"date":"2025-05-27T16:36:11","date_gmt":"2025-05-27T16:36:11","guid":{"rendered":"https:\/\/www.europesays.com\/fr\/132193\/"},"modified":"2025-05-27T16:36:11","modified_gmt":"2025-05-27T16:36:11","slug":"fumer-une-cigarette-sera-bientot-interdit-dans-cette-zone-a-nancy","status":"publish","type":"post","link":"https:\/\/www.europesays.com\/fr\/132193\/","title":{"rendered":"fumer une cigarette sera bient\u00f4t interdit dans cette zone \u00e0 Nancy"},"content":{"rendered":"<p>            Par<br \/>\n        <strong><br \/>\n            <a href=\"https:\/\/actu.fr\/auteur\/amandine-mehl\" title=\"Consulter tous les articles de Amandine Mehl\" target=\"_blank\" rel=\"noopener\">Amandine Mehl<\/a><br \/>\n        <\/strong><\/p>\n<p>        Publi\u00e9 le<\/p>\n<p>            27 mai 2025 \u00e0 18h11        <\/p>\n<p>Lors du conseil municipal en date du lundi 19\u00a0mai 2025, la Ville de <strong>Nancy<\/strong> a franchi un nouveau pas dans sa <strong>lutte<\/strong> contre le <a href=\"https:\/\/actu.fr\/tag\/tabac\" target=\"_blank\" rel=\"noopener\">tabac<\/a>. Apr\u00e8s les <a href=\"https:\/\/actu.fr\/grand-est\/nancy_54395\/tabac-fumer-une-cigarette-sera-bientot-interdit-dans-ces-lieux-publics-a-nancy_60329013.html\" target=\"_blank\" rel=\"noopener\">parcs et jardins<\/a> et derni\u00e8rement les <a href=\"https:\/\/actu.fr\/grand-est\/nancy_54395\/tabac-l-interdiction-de-fumer-etendue-a-de-nouveaux-lieux-a-nancy-voici-lesquels_62302664.html\" target=\"_blank\" rel=\"noopener\">city-stades<\/a>, un nouvel espace o\u00f9 il sera <strong>interdit de fumer<\/strong> va \u00eatre cr\u00e9\u00e9.<\/p>\n<p>Un espace sans tabac autour de l\u2019\u00e9cole maternelle et primaire du Montet<\/p>\n<p class=\" wall-content\">\u00c0 la demande des <strong>parents d\u2019\u00e9l\u00e8ves de l\u2019\u00e9cole du Montet<\/strong>, il a \u00e9t\u00e9 act\u00e9 que les <strong>abords<\/strong> de l\u2019\u00e9cole maternelle et de l\u2019\u00e9cole primaire deviennent des <strong>espaces sans tabac<\/strong> \u00ab\u2009pour prot\u00e9ger la <a href=\"https:\/\/actu.fr\/tag\/sante\" target=\"_blank\" rel=\"noopener\">sant\u00e9<\/a> des <a href=\"https:\/\/actu.fr\/tag\/enfants\" target=\"_blank\" rel=\"noopener\">enfants<\/a>\u2009\u00bb.<\/p>\n<p>    <a href=\"https:\/\/www.google.com\/maps\/embed?pb=!1m18!1m12!1m3!1d10536.584789252187!2d6.178544948701301!3d48.683569427105326!2m3!1f0!2f0!3f0!3m2!1i1024!2i768!4f13.1!3m3!1m2!1s0x4794986675ec6131%3A0xaef5056de0e1b23d!2s%C3%89cole%20Maternelle%20Montet!5e0!3m2!1sfr!2sfr!4v1748362237984!5m2!1sfr!2sfr\" title=\"Ouvrie le lien\" target=\"_blank\" rel=\"noopener\">Cliquez ici pour visualiser le contenu<\/a><\/p>\n<p class=\" wall-content\">Ainsi, au sein de la <strong>zone comprise entre les entr\u00e9es<\/strong> des <a href=\"https:\/\/actu.fr\/tag\/ecoles\" target=\"_blank\" rel=\"noopener\">\u00e9coles<\/a>, soit <strong>entre le 4 quai de la Bataille et le 13 rue de Saurupt<\/strong>, il ne sera plus possible de fumer une cigarette.<\/p>\n<p class=\" wall-content\">Un <strong>panneau d\u2019affichage<\/strong> expliquant la d\u00e9marche sera appos\u00e9 et un <strong>marquage au sol<\/strong> r\u00e9alis\u00e9.<\/p>\n<p class=\" wall-content\">Suivez toute l\u2019actualit\u00e9 de vos villes et m\u00e9dias favoris en vous inscrivant \u00e0 <a href=\"https:\/\/moncompte.actu.fr\" title=\"D\u00e9couvez Mon Actu\" rel=\"nofollow noopener\" data-trk=\"{&quot;cta&quot;:{&quot;action&quot;:&quot;https:\\\/\\\/moncompte.actu.fr&quot;,&quot;category&quot;:&quot;mon compte&quot;,&quot;from&quot;:&quot;article footer&quot;,&quot;name&quot;:&quot;Mon actu&quot;,&quot;type&quot;:&quot;cta&quot;}}\" target=\"_blank\">Mon Actu<\/a>.<\/p>\n","protected":false},"excerpt":{"rendered":"Par Amandine Mehl Publi\u00e9 le 27 mai 2025 \u00e0 18h11 Lors du conseil municipal en date du lundi&hellip;\n","protected":false},"author":2,"featured_media":132194,"comment_status":"","ping_status":"","sticky":false,"template":"","format":"standard","meta":{"footnotes":""},"categories":[9635],"tags":[1111,11,4019,1777,674,1011,27,775,1702,12,25,71,104,6582],"class_list":{"0":"post-132193","1":"post","2":"type-post","3":"status-publish","4":"format-standard","5":"has-post-thumbnail","7":"category-nancy","8":"tag-actu","9":"tag-actualites","10":"tag-ecoles","11":"tag-eu","12":"tag-europe","13":"tag-fr","14":"tag-france","15":"tag-grand-est","16":"tag-nancy","17":"tag-news","18":"tag-republique-francaise","19":"tag-sante","20":"tag-societe","21":"tag-tabac"},"share_on_mastodon":{"url":"https:\/\/pubeurope.com\/@fr\/114580775442388273","error":""},"_links":{"self":[{"href":"https:\/\/www.europesays.com\/fr\/wp-json\/wp\/v2\/posts\/132193","targetHints":{"allow":["GET"]}}],"collection":[{"href":"https:\/\/www.europesays.com\/fr\/wp-json\/wp\/v2\/posts"}],"about":[{"href":"https:\/\/www.europesays.com\/fr\/wp-json\/wp\/v2\/types\/post"}],"author":[{"embeddable":true,"href":"https:\/\/www.europesays.com\/fr\/wp-json\/wp\/v2\/users\/2"}],"replies":[{"embeddable":true,"href":"https:\/\/www.europesays.com\/fr\/wp-json\/wp\/v2\/comments?post=132193"}],"version-history":[{"count":0,"href":"https:\/\/www.europesays.com\/fr\/wp-json\/wp\/v2\/posts\/132193\/revisions"}],"wp:featuredmedia":[{"embeddable":true,"href":"https:\/\/www.europesays.com\/fr\/wp-json\/wp\/v2\/media\/132194"}],"wp:attachment":[{"href":"https:\/\/www.europesays.com\/fr\/wp-json\/wp\/v2\/media?parent=132193"}],"wp:term":[{"taxonomy":"category","embeddable":true,"href":"https:\/\/www.europesays.com\/fr\/wp-json\/wp\/v2\/categories?post=132193"},{"taxonomy":"post_tag","embeddable":true,"href":"https:\/\/www.europesays.com\/fr\/wp-json\/wp\/v2\/tags?post=132193"}],"curies":[{"name":"wp","href":"https:\/\/api.w.org\/{rel}","templated":true}]}}