{"id":13220,"date":"2025-04-09T17:54:10","date_gmt":"2025-04-09T17:54:10","guid":{"rendered":"https:\/\/www.europesays.com\/fr\/13220\/"},"modified":"2025-04-09T17:54:10","modified_gmt":"2025-04-09T17:54:10","slug":"sainte-luce-sur-loire-a-la-decouverte-du-bois-de-chassay","status":"publish","type":"post","link":"https:\/\/www.europesays.com\/fr\/13220\/","title":{"rendered":"Sainte-Luce-sur-Loire. \u00c0 la d\u00e9couverte du bois de Chassay"},"content":{"rendered":"<p>La Ville propose aux Luc\u00e9ens de d\u00e9couvrir la biodiversit\u00e9 du bois du Chassay, accompagn\u00e9s d\u2019une naturaliste de \u00a0Part Nature\u00a0. Une animation organis\u00e9e dans le cadre des Balades de la biodiversit\u00e9.<\/p>\n<p>Les organisateurs pr\u00e9cisent\u00a0: \u00a0Ce rendez-vous permettra de d\u00e9couvrir les v\u00e9g\u00e9taux et animaux qui composent le bois, afin d\u2019en apprendre davantage sur leur d\u00e9veloppement et l\u2019entretien men\u00e9 par le service des espaces verts pour pr\u00e9server la faune et la flore. \u00c0 deux pas du centre-ville, le site abrite des esp\u00e8ces v\u00e9g\u00e9tales que l\u2019on peut apprendre \u00e0 reconna\u00eetre, gr\u00e2ce \u00e0 une approche \u00e0 la fois ludique et scientifique, \u00e0 d\u00e9celer lors de cette balade. En plus de vous faire d\u00e9couvrir les esp\u00e8ces du bois, Part Nature propose une initiation aux m\u00e9thodes de sciences participatives et aux outils des naturalistes pour tout comprendre de la nature qui nous entoure\u00a0.<\/p>\n<p>Samedi 12\u00a0avril de 10\u00a0h \u00e0 12\u00a0h. Gratuit. Sur inscription \u00e0\u00a0: contact@sainte-luce-loire.com<\/p>\n<p>Rendez-vous \u00e0 10\u00a0h devant la m\u00e9diath\u00e8que Ren\u00e9-Goscinny (\u00e0 partir de 7\u00a0ans).<\/p>\n<p>\u00a0<\/p>\n","protected":false},"excerpt":{"rendered":"La Ville propose aux Luc\u00e9ens de d\u00e9couvrir la biodiversit\u00e9 du bois du Chassay, accompagn\u00e9s d\u2019une naturaliste de \u00a0Part&hellip;\n","protected":false},"author":2,"featured_media":13221,"comment_status":"","ping_status":"","sticky":false,"template":"","format":"standard","meta":{"footnotes":""},"categories":[2818],"tags":[1111,11,4154,5976,5975,1777,674,1011,27,766,12,2636,25,5974],"class_list":{"0":"post-13220","1":"post","2":"type-post","3":"status-publish","4":"format-standard","5":"has-post-thumbnail","7":"category-nantes","8":"tag-actu","9":"tag-actualites","10":"tag-bois","11":"tag-chassay","12":"tag-decouverte","13":"tag-eu","14":"tag-europe","15":"tag-fr","16":"tag-france","17":"tag-nantes","18":"tag-news","19":"tag-pays-de-la-loire","20":"tag-republique-francaise","21":"tag-sainte-luce-sur-loire"},"share_on_mastodon":{"url":"https:\/\/pubeurope.com\/@fr\/114309291316319350","error":""},"_links":{"self":[{"href":"https:\/\/www.europesays.com\/fr\/wp-json\/wp\/v2\/posts\/13220","targetHints":{"allow":["GET"]}}],"collection":[{"href":"https:\/\/www.europesays.com\/fr\/wp-json\/wp\/v2\/posts"}],"about":[{"href":"https:\/\/www.europesays.com\/fr\/wp-json\/wp\/v2\/types\/post"}],"author":[{"embeddable":true,"href":"https:\/\/www.europesays.com\/fr\/wp-json\/wp\/v2\/users\/2"}],"replies":[{"embeddable":true,"href":"https:\/\/www.europesays.com\/fr\/wp-json\/wp\/v2\/comments?post=13220"}],"version-history":[{"count":0,"href":"https:\/\/www.europesays.com\/fr\/wp-json\/wp\/v2\/posts\/13220\/revisions"}],"wp:featuredmedia":[{"embeddable":true,"href":"https:\/\/www.europesays.com\/fr\/wp-json\/wp\/v2\/media\/13221"}],"wp:attachment":[{"href":"https:\/\/www.europesays.com\/fr\/wp-json\/wp\/v2\/media?parent=13220"}],"wp:term":[{"taxonomy":"category","embeddable":true,"href":"https:\/\/www.europesays.com\/fr\/wp-json\/wp\/v2\/categories?post=13220"},{"taxonomy":"post_tag","embeddable":true,"href":"https:\/\/www.europesays.com\/fr\/wp-json\/wp\/v2\/tags?post=13220"}],"curies":[{"name":"wp","href":"https:\/\/api.w.org\/{rel}","templated":true}]}}