{"id":132205,"date":"2025-05-27T16:42:07","date_gmt":"2025-05-27T16:42:07","guid":{"rendered":"https:\/\/www.europesays.com\/fr\/132205\/"},"modified":"2025-05-27T16:42:07","modified_gmt":"2025-05-27T16:42:07","slug":"quel-avenir-pour-les-adherents-du-club","status":"publish","type":"post","link":"https:\/\/www.europesays.com\/fr\/132205\/","title":{"rendered":"quel avenir pour les adh\u00e9rents du club\u00a0?"},"content":{"rendered":"<p>            Par<br \/>\n        <strong><br \/>\n            <a href=\"https:\/\/actu.fr\/auteur\/adrien-filoche\" title=\"Consulter tous les articles de Adrien Filoche\" target=\"_blank\" rel=\"noopener\">Adrien Filoche<\/a><br \/>\n        <\/strong><\/p>\n<p>        Publi\u00e9 le<\/p>\n<p>            27 mai 2025 \u00e0 18h19        <\/p>\n<p><strong>\u00ab\u2009On est d\u00e9go\u00fbt\u00e9.\u2009\u00bb<\/strong> St\u00e9phane Bohere, entra\u00eeneur historique de section football de l\u2019ASSPT Rouen, ne cache pas son d\u00e9sarroi et \u00e9voque \u00ab\u2009un sentiment d\u2019abandon\u2009\u00bb, tant de la part de l\u2019association que de la municipalit\u00e9. <strong>Le couperet est tomb\u00e9<\/strong>\u2009: la section historique de football de l\u2019ASSPT Rouen, <a href=\"https:\/\/actu.fr\/normandie\/rouen_76540\/a-rouen-cette-section-de-football-historique-pourrait-disparaitre-on-est-pris-a-la-gorge_62128080.html\" target=\"_blank\" rel=\"noopener\">dont nous avions \u00e9voqu\u00e9 en janvier\u00a02025 son risque de disparition,<\/a> vit bel et bien sa derni\u00e8re saison. En juin prochain, ses membres joueront leurs derniers matchs sous cette banni\u00e8re, il n\u2019y aura <strong>pas de retour sur la pelouse<\/strong> \u00e0 la rentr\u00e9e de septembre. Mais alors, que vont devenir les 138\u00a0adh\u00e9rents de la section football de l\u2019ASSPT Rouen\u2009?<\/p>\n<p>Il n\u2019y a plus de terrain pour l\u2019ASSPT<\/p>\n<p class=\" wall-content\">Depuis 2004, les terrains de la Petite-Bouverie, \u00e0 <a href=\"https:\/\/actu.fr\/normandie\/saint-martin-du-vivier_76617\" target=\"_blank\" rel=\"noopener\">Saint-Martin-du-Vivier<\/a>, sur lesquelles s\u2019entra\u00eene la section football de l\u2019ASSPT, ont \u00e9t\u00e9 r\u00e9troc\u00e9d\u00e9s \u00e0 la Ville pour un euro symbolique. C\u2019est donc la municipalit\u00e9 qui attribue les cr\u00e9neaux chaque ann\u00e9e.<\/p>\n<p class=\" wall-content\">En partageant les terrains avec le club de <a href=\"https:\/\/actu.fr\/normandie\/rouen_76540\/influenceur-a-rouen-mousstimouss-raconte-sa-vie-de-joueur-de-football-americain_62363367.html\" target=\"_blank\" rel=\"noopener\">football am\u00e9ricain<\/a> et depuis peu avec le <a href=\"https:\/\/actu.fr\/tag\/fc-rouen\" target=\"_blank\" rel=\"noopener\">FCR<\/a>, qui vient installer son centre d\u2019entra\u00eenement,<strong> les cr\u00e9neaux de l\u2019ASSPT ont \u00e9t\u00e9 rogn\u00e9s \u00e0 petit feu<\/strong>, jusqu\u2019\u00e0 dispara\u00eetre compl\u00e8tement. \u00ab\u2009On a toujours eu l\u2019espoir d\u2019une cr\u00e9ation d\u2019un nouveau terrain, mais ce n\u2019est jamais arriv\u00e9\u2009\u00bb, d\u00e9plore St\u00e9phane Bohere.<\/p>\n<p class=\" wall-content\">\u00ab\u2009On n\u2019a plus de foncier sur la ville.<strong> On ne peut pas cr\u00e9er d\u2019autres terrains.<\/strong> On n\u2019a pas de baguette magique\u2009\u00bb, r\u00e9pondait fin janvier\u00a02025 Sarah Vauzelle, adjointe au maire en charge du sport et de la jeunesse.<\/p>\n<blockquote class=\"ac-article-quote wall-content\">\n<p>\u00c0 Rouen, on a d\u00e9j\u00e0 neuf clubs de football. Il faut aussi plus de diversit\u00e9. Il y a des choix \u00e0 faire. D&rsquo;un c\u00f4t\u00e9, on a le FCR qui a des besoins d&rsquo;infrastructures. De l&rsquo;autre, l&rsquo;ASSPT, qui n&rsquo;est pas le club de foot le plus structurant.<\/p>\n<p>    <strong>Sarah Vauzelle<\/strong><br \/>\n        adjointe au maire en charge du sport et de la jeunesse    <\/p><\/blockquote>\n<p class=\" wall-content\">\u00ab\u2009On a essay\u00e9 d\u2019explorer toutes les solutions possibles. L\u2019arr\u00eat de cette section nous attriste\u2009\u00bb, assure Maud Bethouart, secr\u00e9taire g\u00e9n\u00e9rale de l\u2019ASSPT. Et d\u2019ajouter\u2009: \u00ab\u2009Il n\u2019y a pas de rupture de dialogue entre les dirigeants de la section et l\u2019ASSPT\u2009\u00bb.<\/p>\n<p class=\" wall-content\">De son c\u00f4t\u00e9, Didier Rh\u00e9e, le pr\u00e9sident de l\u2019ASSPT \u00e9voque son souhait de \u00ab\u2009sortir de cette situation difficile dans les meilleures conditions possibles. On continuera d\u2019accompagner nos adh\u00e9rents\u2009\u00bb.<\/p>\n<p>Que vont devenir les 138\u00a0adh\u00e9rents\u2009?<\/p>\n<p class=\" wall-content\">Si la pilule est difficile \u00e0 avaler pour St\u00e9phane Bohere, il essaye tant bien que mal de garder la face afin de <strong>trouver la meilleure alternative<\/strong> pour les 138 membres de la section football.<\/p>\n<p class=\" wall-content\">L\u2019une des solutions, la plus optimiste \u2014 <strong>et la plus difficilement r\u00e9alisable<\/strong> \u2014 ce serait de recr\u00e9er un club avec les adh\u00e9rents. \u00ab\u2009Nous avons r\u00e9ussi en n\u00e9gociant \u00e0 conserver notre num\u00e9ro d\u2019affiliation, ce qui nous permettrait de reformer un club\u2009\u00bb, confie l\u2019entra\u00eeneur.<\/p>\n<blockquote class=\"ac-article-quote wall-content\">\n<p>C\u2019est un casse-t\u00eate infini&#8230;<\/p>\n<p>    <strong>St\u00e9phane Bohere<\/strong><br \/>\n        entra\u00eeneur de la section football de l&rsquo;ASSPT Rouen    <\/p><\/blockquote>\n<p class=\" wall-content\">Probl\u00e8me\u2009: il faut trouver un terrain disponible, \u00e0 Rouen ou dans l\u2019agglom\u00e9ration. Et vu le contexte actuel,<strong> l\u2019espoir semble mince.<\/strong><\/p>\n<p class=\" wall-content\">\u00ab\u2009Il y a aussi une autre solution, c\u2019est de <strong>se faire absorber par un autre club<\/strong> en proposant nos niveaux de comp\u00e9titions. On a quelques contacts. Mais pour le moment, certains veulent juste r\u00e9cup\u00e9rer certains joueurs\u2009\u00bb, poursuit le coach.<\/p>\n<p class=\" wall-content\">L\u2019avenir des anciens membres de l\u2019ASSPT reste tr\u00e8s incertain. Du c\u00f4t\u00e9 de la direction de l\u2019ASSPT, on assure que l\u2019on explore activement ces deux pistes. \u00ab\u2009Des n\u00e9gociations sont en cours avec d\u2019autres clubs\u2009\u00bb, souligne le pr\u00e9sident de l\u2019ASSPT.<\/p>\n<p class=\" wall-content\">St\u00e9phane Bohere, lui, reste dubitatif\u2009: \u00ab\u2009Pour le moment, on ne m\u2019a rien propos\u00e9 de concret. \u00c0 cette heure, la totalit\u00e9 de nos adh\u00e9rents est sur le carreau\u2009\u00bb.<\/p>\n<p>Suivez l\u2019actualit\u00e9 de Rouen sur <a href=\"https:\/\/www.whatsapp.com\/channel\/0029VaKfnf99hXF2ddApFB1D\" target=\"_blank\" rel=\"noopener\">notre cha\u00eene WhatsApp<\/a> et sur <a href=\"https:\/\/www.tiktok.com\/@76actu.fr?lang=fr\" target=\"_blank\" rel=\"noopener\">notre compte TikTok<\/a><\/p>\n<p class=\" wall-content\">Suivez toute l\u2019actualit\u00e9 de vos villes et m\u00e9dias favoris en vous inscrivant \u00e0 <a href=\"https:\/\/moncompte.actu.fr\" title=\"D\u00e9couvez Mon Actu\" rel=\"nofollow noopener\" data-trk=\"{&quot;cta&quot;:{&quot;action&quot;:&quot;https:\\\/\\\/moncompte.actu.fr&quot;,&quot;category&quot;:&quot;mon compte&quot;,&quot;from&quot;:&quot;article footer&quot;,&quot;name&quot;:&quot;Mon actu&quot;,&quot;type&quot;:&quot;cta&quot;}}\" target=\"_blank\">Mon Actu<\/a>.<\/p>\n<p>                    <script async src=\"\/\/www.tiktok.com\/embed.js\"><\/script><\/p>\n","protected":false},"excerpt":{"rendered":"Par Adrien Filoche Publi\u00e9 le 27 mai 2025 \u00e0 18h19 \u00ab\u2009On est d\u00e9go\u00fbt\u00e9.\u2009\u00bb St\u00e9phane Bohere, entra\u00eeneur historique de&hellip;\n","protected":false},"author":2,"featured_media":132206,"comment_status":"","ping_status":"","sticky":false,"template":"","format":"standard","meta":{"footnotes":""},"categories":[9587],"tags":[1111,11,1777,674,12003,1011,27,12,5161,25,9590,60],"class_list":{"0":"post-132205","1":"post","2":"type-post","3":"status-publish","4":"format-standard","5":"has-post-thumbnail","7":"category-rouen","8":"tag-actu","9":"tag-actualites","10":"tag-eu","11":"tag-europe","12":"tag-fc-rouen","13":"tag-fr","14":"tag-france","15":"tag-news","16":"tag-normandie","17":"tag-republique-francaise","18":"tag-rouen","19":"tag-sports"},"share_on_mastodon":{"url":"https:\/\/pubeurope.com\/@fr\/114580799022522447","error":""},"_links":{"self":[{"href":"https:\/\/www.europesays.com\/fr\/wp-json\/wp\/v2\/posts\/132205","targetHints":{"allow":["GET"]}}],"collection":[{"href":"https:\/\/www.europesays.com\/fr\/wp-json\/wp\/v2\/posts"}],"about":[{"href":"https:\/\/www.europesays.com\/fr\/wp-json\/wp\/v2\/types\/post"}],"author":[{"embeddable":true,"href":"https:\/\/www.europesays.com\/fr\/wp-json\/wp\/v2\/users\/2"}],"replies":[{"embeddable":true,"href":"https:\/\/www.europesays.com\/fr\/wp-json\/wp\/v2\/comments?post=132205"}],"version-history":[{"count":0,"href":"https:\/\/www.europesays.com\/fr\/wp-json\/wp\/v2\/posts\/132205\/revisions"}],"wp:featuredmedia":[{"embeddable":true,"href":"https:\/\/www.europesays.com\/fr\/wp-json\/wp\/v2\/media\/132206"}],"wp:attachment":[{"href":"https:\/\/www.europesays.com\/fr\/wp-json\/wp\/v2\/media?parent=132205"}],"wp:term":[{"taxonomy":"category","embeddable":true,"href":"https:\/\/www.europesays.com\/fr\/wp-json\/wp\/v2\/categories?post=132205"},{"taxonomy":"post_tag","embeddable":true,"href":"https:\/\/www.europesays.com\/fr\/wp-json\/wp\/v2\/tags?post=132205"}],"curies":[{"name":"wp","href":"https:\/\/api.w.org\/{rel}","templated":true}]}}