{"id":132209,"date":"2025-05-27T16:45:10","date_gmt":"2025-05-27T16:45:10","guid":{"rendered":"https:\/\/www.europesays.com\/fr\/132209\/"},"modified":"2025-05-27T16:45:10","modified_gmt":"2025-05-27T16:45:10","slug":"isere-occupation-des-points-de-deal-par-les-habitants-loperation-se-poursuit-a-fontaine","status":"publish","type":"post","link":"https:\/\/www.europesays.com\/fr\/132209\/","title":{"rendered":"Is\u00e8re. Occupation des points de deal par les habitants, l\u2019op\u00e9ration se poursuit \u00e0 Fontaine"},"content":{"rendered":"<p>L\u2019op\u00e9ration tr\u00e8s m\u00e9diatique <a href=\"https:\/\/www.ledauphine.com\/faits-divers-justice\/2025\/05\/22\/isere-occuper-le-terrain-des-dealers-c-est-bien-mais-et-apres-a-fontaine-les-riverains-entre-espoir-et-doute\" target=\"_blank\" rel=\"noopener\">d\u2019occupation des points de deal par les \u00e9lus<\/a>, les services de la Ville, les forces de l\u2019ordre, les bailleurs et les habitants du secteur Louis-Maisonnat\/Les Fontainades a pris fin samedi 24\u00a0mai. L\u2019objectif \u00e9tant double\u00a0: emp\u00eacher le trafic de drogue et r\u00e9investir l\u2019espace public. Un dispositif initi\u00e9 par le maire Franck Longo qui tire un premier bilan\u00a0: \u00ab absence de trafics, 43 proc\u00e8s-verbaux dress\u00e9s et 5 arrestations effectu\u00e9es\u00bb.<\/p>\n<p>L\u2019op\u00e9ration ne pouvait pas se poursuivre avec une telle mobilisation mais devant \u00ab\u00a0la r\u00e9ussite et les r\u00e9sultats significatifs\u00a0\u00bb la Ville de Fontaine souhaite lancer une seconde phase. Elle pr\u00e9voit, jusqu\u2019au 5\u00a0juillet \u2014 soit 40 jours suppl\u00e9mentaires \u2014, une occupation du terrain de mani\u00e8re al\u00e9atoire et r\u00e9p\u00e9t\u00e9e\u00a0; de lancer le dispositif \u201csentinelles de quartier\u201d (un groupe permettant aux habitants et aux commer\u00e7ants d\u2019alerter les forces de l\u2019ordre et les \u00e9lus sur des attroupements)\u00a0; de proposer des animations renforc\u00e9es et cibl\u00e9es\u00a0; et de travailler sur l\u2019am\u00e9nagement des espaces publics pouvant faire obstacle au trafic de drogue.<\/p>\n","protected":false},"excerpt":{"rendered":"L\u2019op\u00e9ration tr\u00e8s m\u00e9diatique d\u2019occupation des points de deal par les \u00e9lus, les services de la Ville, les forces&hellip;\n","protected":false},"author":2,"featured_media":132210,"comment_status":"","ping_status":"","sticky":false,"template":"","format":"standard","meta":{"footnotes":""},"categories":[9566],"tags":[1111,11,2430,271,272,112,1777,674,274,107,9592,11680,1011,27,2731,2732,108,1985,12,25],"class_list":{"0":"post-132209","1":"post","2":"type-post","3":"status-publish","4":"format-standard","5":"has-post-thumbnail","7":"category-grenoble","8":"tag-actu","9":"tag-actualites","10":"tag-auvergne-rhone-alpes","11":"tag-crime","12":"tag-delit-et-contravention","13":"tag-edition-grenoble-agglomeration","14":"tag-eu","15":"tag-europe","16":"tag-faits-divers-justice","17":"tag-fil-info","18":"tag-fontaine","19":"tag-fontaine-bassin","20":"tag-fr","21":"tag-france","22":"tag-grenoble","23":"tag-grenoble-bassin","24":"tag-isere","25":"tag-metropole-de-grenoble","26":"tag-news","27":"tag-republique-francaise"},"share_on_mastodon":{"url":"https:\/\/pubeurope.com\/@fr\/114580810861050943","error":""},"_links":{"self":[{"href":"https:\/\/www.europesays.com\/fr\/wp-json\/wp\/v2\/posts\/132209","targetHints":{"allow":["GET"]}}],"collection":[{"href":"https:\/\/www.europesays.com\/fr\/wp-json\/wp\/v2\/posts"}],"about":[{"href":"https:\/\/www.europesays.com\/fr\/wp-json\/wp\/v2\/types\/post"}],"author":[{"embeddable":true,"href":"https:\/\/www.europesays.com\/fr\/wp-json\/wp\/v2\/users\/2"}],"replies":[{"embeddable":true,"href":"https:\/\/www.europesays.com\/fr\/wp-json\/wp\/v2\/comments?post=132209"}],"version-history":[{"count":0,"href":"https:\/\/www.europesays.com\/fr\/wp-json\/wp\/v2\/posts\/132209\/revisions"}],"wp:featuredmedia":[{"embeddable":true,"href":"https:\/\/www.europesays.com\/fr\/wp-json\/wp\/v2\/media\/132210"}],"wp:attachment":[{"href":"https:\/\/www.europesays.com\/fr\/wp-json\/wp\/v2\/media?parent=132209"}],"wp:term":[{"taxonomy":"category","embeddable":true,"href":"https:\/\/www.europesays.com\/fr\/wp-json\/wp\/v2\/categories?post=132209"},{"taxonomy":"post_tag","embeddable":true,"href":"https:\/\/www.europesays.com\/fr\/wp-json\/wp\/v2\/tags?post=132209"}],"curies":[{"name":"wp","href":"https:\/\/api.w.org\/{rel}","templated":true}]}}