{"id":132211,"date":"2025-05-27T16:46:18","date_gmt":"2025-05-27T16:46:18","guid":{"rendered":"https:\/\/www.europesays.com\/fr\/132211\/"},"modified":"2025-05-27T16:46:18","modified_gmt":"2025-05-27T16:46:18","slug":"on-ne-peut-plus-payer","status":"publish","type":"post","link":"https:\/\/www.europesays.com\/fr\/132211\/","title":{"rendered":"On ne peut plus payer"},"content":{"rendered":"<p>            Par<br \/>\n        <strong><br \/>\n            <a href=\"https:\/\/actu.fr\/auteur\/julien-sournies\" title=\"Consulter tous les articles de Julien Sournies\" target=\"_blank\" rel=\"noopener\">Julien Sournies<\/a><br \/>\n        <\/strong><\/p>\n<p>        Publi\u00e9 le<\/p>\n<p>            27 mai 2025 \u00e0 17h46        <\/p>\n<p>La fin du bail approche \u00e0 grand pas, et la situation est toujours au <strong>point mort<\/strong> autour de la <a href=\"https:\/\/actu.fr\/auvergne-rhone-alpes\/grenoble_38185\/grenoble-le-stade-des-alpes-un-gouffre-financier-sa-gestion-fait-debat_62302861.html\" target=\"_blank\" rel=\"noopener\">gestion future du stade des Alpes<\/a>. Le 30 juin prochain, le contrat liant la soci\u00e9t\u00e9 <a href=\"https:\/\/actu.fr\/grenoble\/\" target=\"_blank\" rel=\"noopener\">Grenoble<\/a> Alpes Sport (GAS), qui regroupe le FC Grenoble Rugby et le Grenoble Foot 38, \u00e0 la M\u00e9tropole, propri\u00e9taire de l\u2019enceinte, va expirer et <strong>aucun terrain d\u2019entente<\/strong> n\u2019a en effet \u00e9t\u00e9 trouv\u00e9 en vue de la saison prochaine. Ce qui a le don d\u2019agacer fortement les pr\u00e9sidents des deux clubs principaux de la ville. Explications.<\/p>\n<p>\u00ab\u2009Nous n\u2019avons jamais eu de r\u00e9ponse concr\u00e8te\u2009\u00bb<\/p>\n<p class=\" wall-content\">Pour eux, il est clair que \u00ab\u00a0la soci\u00e9t\u00e9 est d\u00e9ficitaire chronique d\u2019ann\u00e9e en ann\u00e9e. On est sur un d\u00e9ficit cumul\u00e9 d\u2019environ 1 million d\u2019euros. Ce n\u2019est pas viable\u2009!\u2009\u00bb, s\u2019exasp\u00e9rait alors Patrick Goffi, pr\u00e9sident du FCG, dans nos colonnes en f\u00e9vrier dernier.<\/p>\n<p class=\" wall-content\">Pour pallier ces pertes grandissantes, une <strong>nouvelle convention d\u2019occupation<\/strong> des lieux a donc \u00e9t\u00e9 formul\u00e9e \u00e0 la M\u00e9tropole grenobloise. Dans le d\u00e9tail, la soci\u00e9t\u00e9 GAS r\u00e9clame, entre autres, une diminution par deux des loyers. \u00ab\u2009Aujourd\u2019hui, nos deux clubs paient chacun 20\u2009000\u00a0euros par match. Maintenant, nous, pour la saison prochaine, on veut que loyer passe \u00e0 10\u2009000\u00a0euros\u2009\u00bb, confie Patrick Goffi \u00e0 la r\u00e9daction.<\/p>\n<p class=\" wall-content\">Seulement, plus de trois mois plus tard, la situation reste <strong>inchang\u00e9e<\/strong>, \u00e0 en croire le dirigeant. \u00ab\u2009Malgr\u00e9 tout ce qu\u2019ils peuvent dire, nous n\u2019avons jamais eu de r\u00e9ponse concr\u00e8te. \u00c7a n\u2019avance pas\u2009\u00bb, se d\u00e9sole le pr\u00e9sident du club de Pro D2.<\/p>\n<blockquote class=\"ac-article-quote wall-content\">\n<p>\u00c0 ce stade, la soci\u00e9t\u00e9 Grenoble Alpes Sport part sur un d\u00e9p\u00f4t de bilan. On ne peut plus payer ce qu&rsquo;on doit aujourd&rsquo;hui.<\/p>\n<p>    <strong>Patrick Goffi<\/strong><br \/>\n        Pr\u00e9sident du FC Grenoble Rugby    <\/p><\/blockquote>\n<p>\u00ab\u2009On n\u2019est pas l\u00e0 pour combler le d\u00e9ficit de la M\u00e9tropole\u2009\u00bb<\/p>\n<p class=\" wall-content\">Pour autant, le club de rugby, dans son cas, ne s\u2019estime pas \u00eatre des plus gourmands dans sa requ\u00eate. Loin de l\u00e0. \u00ab\u2009Au total, \u00e0 l\u2019ann\u00e9e, on paye 500\u2009000 euros. Quand on prend exemple sur les autres clubs de Pro D2, on paye actuellement environ cinq fois plus cher qu\u2019eux. Ce n\u2019est plus possible\u2009\u00bb, regrette Patrick Goffi.<\/p>\n<p class=\" wall-content\">\u00ab\u2009Du coup, dans notre nouvelle convention, on ne payerait plus que 250\u2009000\u00a0euros, ce qui resterait tout de m\u00eame encore bien au-dessus des concurrents\u2009\u00bb, analyse le dirigeant du FCG.<\/p>\n<p class=\" wall-content\">En d\u00e9pit de n\u00e9gociations \u00ab\u2009p\u00e9rilleuses\u2009\u00bb jusqu\u2019alors, Patrick Goffi garde <strong>espoir<\/strong>. \u00ab\u2009On va continuer \u00e0 mettre la pression pour faire valoir les deux sports principaux de Grenoble. Nous sommes comme un couple qui ne peut pas divorcer. En tout cas, l\u2019opposition \u00e0 la M\u00e9tropole nous soutien, et si rien ne change d\u2019ici l\u00e0, il est clair qu\u2019on ne va pas en rester l\u00e0 car on n\u2019est pas l\u00e0 pour combler le d\u00e9ficit de la M\u00e9tropole\u2009\u00bb, mart\u00e8le-t-il.<\/p>\n<p>Vers un retour en r\u00e9gie\u2009?<\/p>\n<p class=\" wall-content\">Pour rappel, en cas d\u2019\u00e9chec dans les pourparlers au sortir de la date fatidique, la gestion du stade se ferait sous forme de <strong>r\u00e9gie directe<\/strong>, pilot\u00e9e par la M\u00e9tropole. M\u00eame si cette issue \u00ab\u2009n\u2019est pas souhait\u00e9e par la soci\u00e9t\u00e9 GAS\u2009\u00bb, Patrick Goffi estime que le club aurait une facture beaucoup moins on\u00e9reuse.<\/p>\n<blockquote class=\"ac-article-quote wall-content\">\n<p>Dans l&rsquo;absolu, on est m\u00eame plut\u00f4t d&rsquo;accord pour un syst\u00e8me de r\u00e9gie. Nous avons tout calcul\u00e9 et cela nous reviendrait \u00e0 environ 5 000 euros par match.<\/p>\n<p>    <strong>Patrick Goffi<\/strong><br \/>\n        Pr\u00e9sident du FCG    <\/p><\/blockquote>\n<p class=\" wall-content\">Un montant qui demeure aux antipodes de celui estim\u00e9 par Grenoble Alpes M\u00e9tropole. Contact\u00e9e par actu Grenoble, Corine Lemariey, fra\u00eechement \u00e9lue vice-pr\u00e9sidente aux sports, annonce en effet un tarif <strong>bien plus important<\/strong>. \u00ab\u2009De notre c\u00f4t\u00e9, on a aussi fait le calcul. On facturerait au niveau du prix de revient pour la M\u00e9tropole et cela leur reviendrait \u00e0 environ 35\u2009000\u00a0euros chacun\u2009\u00bb, pr\u00e9cise-t-elle.<\/p>\n<p>\u00ab\u2009La contribution de la M\u00e9tropole ne peut pas \u00eatre infinie\u2009\u00bb<\/p>\n<p class=\" wall-content\">Concernant les n\u00e9gociations en cours, Corine Lemariey indique qu\u2019elles se \u00ab\u2009d\u00e9roulent tr\u00e8s sereinement\u2009\u00bb. Selon elle, les \u00e9changes ne progressent pas notamment en raison de \u00ab\u2009plusieurs d\u00e9saccords sur des aspects juridiques\u2009\u00bb.<\/p>\n<p class=\" wall-content\">De surcro\u00eet, la nouvelle convention propos\u00e9e par la soci\u00e9t\u00e9 GAS n\u2019est pas du tout en phase avec les <strong>moyens<\/strong> dont dispose la collectivit\u00e9. \u00ab\u2009Ils veulent une revalorisation qui est autour de 800\u2009000\u00a0euros et c\u2019est inenvisageable pour l\u2019heure\u2009\u00bb, relate Corine Lemariey.<\/p>\n<blockquote class=\"ac-article-quote wall-content\">\n<p>Il faut que les clubs entendent que la contribution de la M\u00e9tropole ne peut pas \u00eatre infinie. D\u00e9j\u00e0, il faut savoir que la copie a \u00e9t\u00e9 revue. Nous leurs avons propos\u00e9 de prendre en charge l&rsquo;int\u00e9gralit\u00e9 des frais d&rsquo;entretien de la pelouse, ce qui repr\u00e9sente 311 000 euros. Sans oublier qu&rsquo;on verse tout de m\u00eame pas moins de 2,5 millions d&rsquo;euros au GAS chaque ann\u00e9e.<\/p>\n<p>    <strong>Corine Lemariey<\/strong><br \/>\n        Vice-pr\u00e9sidente aux sports \u00e0 la M\u00e9tropole de Grenoble    <\/p><\/blockquote>\n<p class=\" wall-content\">En tout cas, l\u2019\u00e9lue rappelle \u00ab\u2009qu\u2019on pr\u00e9f\u00e8re rester dans ce mode de gestion. C\u2019est eux qui ont d\u00e9cid\u00e9 de d\u00e9noncer notre derni\u00e8re convention. Mais si on doit repasser en r\u00e9gie directe, on le fera\u2009\u00bb. De son c\u00f4t\u00e9, Patrick Goffi mise \u00e9norm\u00e9ment sur la venue du pr\u00e9sident de Grenoble Alpes M\u00e9tropole, Christophe Ferrari, au stade des Alpes jeudi soir pour la demi-finale de Pro D2 entre le FCG et Provence Rugby afin de \u00ab\u00a0discuter calmement pour trouver le meilleur des compromis.\u00a0\u00bb<\/p>\n<p class=\" wall-content\">Suivez toute l\u2019actualit\u00e9 de vos villes et m\u00e9dias favoris en vous inscrivant \u00e0 <a href=\"https:\/\/moncompte.actu.fr\" title=\"D\u00e9couvez Mon Actu\" rel=\"nofollow noopener\" data-trk=\"{&quot;cta&quot;:{&quot;action&quot;:&quot;https:\\\/\\\/moncompte.actu.fr&quot;,&quot;category&quot;:&quot;mon compte&quot;,&quot;from&quot;:&quot;article footer&quot;,&quot;name&quot;:&quot;Mon actu&quot;,&quot;type&quot;:&quot;cta&quot;}}\" target=\"_blank\">Mon Actu<\/a>.<\/p>\n<ul class=\"ac-article-tag wall-content\">\n<li><a href=\"https:\/\/actu.fr\/tag\/grenoble-foot-38-gf38\" data-trk=\"{&quot;cta&quot;:{&quot;action&quot;:&quot;Grenoble Foot 38 (GF38)&quot;,&quot;category&quot;:&quot;tag&quot;,&quot;from&quot;:&quot;article footer&quot;,&quot;name&quot;:&quot;Grenoble Foot 38 (GF38)&quot;,&quot;type&quot;:&quot;cta&quot;}}\" target=\"_blank\" rel=\"noopener\">#Grenoble Foot 38 (GF38)<\/a><\/li>\n<li><a href=\"https:\/\/actu.fr\/tag\/grenoble-alpes-metropole\" data-trk=\"{&quot;cta&quot;:{&quot;action&quot;:&quot;Grenoble-Alpes M\\u00e9tropole&quot;,&quot;category&quot;:&quot;tag&quot;,&quot;from&quot;:&quot;article footer&quot;,&quot;name&quot;:&quot;Grenoble-Alpes M\\u00e9tropole&quot;,&quot;type&quot;:&quot;cta&quot;}}\" target=\"_blank\" rel=\"noopener\">#Grenoble-Alpes M\u00e9tropole<\/a><\/li>\n<\/ul>\n","protected":false},"excerpt":{"rendered":"Par Julien Sournies Publi\u00e9 le 27 mai 2025 \u00e0 17h46 La fin du bail approche \u00e0 grand pas,&hellip;\n","protected":false},"author":2,"featured_media":132212,"comment_status":"","ping_status":"","sticky":false,"template":"","format":"standard","meta":{"footnotes":""},"categories":[9566],"tags":[1111,11,2430,1777,674,1011,27,2731,17789,19692,12,25,104],"class_list":{"0":"post-132211","1":"post","2":"type-post","3":"status-publish","4":"format-standard","5":"has-post-thumbnail","7":"category-grenoble","8":"tag-actu","9":"tag-actualites","10":"tag-auvergne-rhone-alpes","11":"tag-eu","12":"tag-europe","13":"tag-fr","14":"tag-france","15":"tag-grenoble","16":"tag-grenoble-foot-38-gf38","17":"tag-grenoble-alpes-metropole","18":"tag-news","19":"tag-republique-francaise","20":"tag-societe"},"share_on_mastodon":{"url":"https:\/\/pubeurope.com\/@fr\/114580814855780510","error":""},"_links":{"self":[{"href":"https:\/\/www.europesays.com\/fr\/wp-json\/wp\/v2\/posts\/132211","targetHints":{"allow":["GET"]}}],"collection":[{"href":"https:\/\/www.europesays.com\/fr\/wp-json\/wp\/v2\/posts"}],"about":[{"href":"https:\/\/www.europesays.com\/fr\/wp-json\/wp\/v2\/types\/post"}],"author":[{"embeddable":true,"href":"https:\/\/www.europesays.com\/fr\/wp-json\/wp\/v2\/users\/2"}],"replies":[{"embeddable":true,"href":"https:\/\/www.europesays.com\/fr\/wp-json\/wp\/v2\/comments?post=132211"}],"version-history":[{"count":0,"href":"https:\/\/www.europesays.com\/fr\/wp-json\/wp\/v2\/posts\/132211\/revisions"}],"wp:featuredmedia":[{"embeddable":true,"href":"https:\/\/www.europesays.com\/fr\/wp-json\/wp\/v2\/media\/132212"}],"wp:attachment":[{"href":"https:\/\/www.europesays.com\/fr\/wp-json\/wp\/v2\/media?parent=132211"}],"wp:term":[{"taxonomy":"category","embeddable":true,"href":"https:\/\/www.europesays.com\/fr\/wp-json\/wp\/v2\/categories?post=132211"},{"taxonomy":"post_tag","embeddable":true,"href":"https:\/\/www.europesays.com\/fr\/wp-json\/wp\/v2\/tags?post=132211"}],"curies":[{"name":"wp","href":"https:\/\/api.w.org\/{rel}","templated":true}]}}