{"id":132213,"date":"2025-05-27T16:47:09","date_gmt":"2025-05-27T16:47:09","guid":{"rendered":"https:\/\/www.europesays.com\/fr\/132213\/"},"modified":"2025-05-27T16:47:09","modified_gmt":"2025-05-27T16:47:09","slug":"on-se-marche-dessus-la-pratique-de-la-danse-est-elle-menacee-a-rennes","status":"publish","type":"post","link":"https:\/\/www.europesays.com\/fr\/132213\/","title":{"rendered":"\u00ab\u00a0On se marche dessus\u00a0\u00bb\u00a0: la pratique de la danse est-elle menac\u00e9e \u00e0 Rennes\u00a0?"},"content":{"rendered":"<p>\u00c0 Rennes, le collectif de danseurs \u00ab Sauvons nos Studios \u00bb, a sonn\u00e9 l\u2019alerte quant \u00e0 la p\u00e9nurie de salles de danse \u00e0 laquelle le secteur doit faire face. Le 17 mai 2025, plus de 150 danseurs se sont r\u00e9unis, place de la mairie, pour demander une solution notamment aux \u00e9lus locaux. La Ville dispose en effet d\u2019une quinzaine de salles de danse adapt\u00e9es \u00e0 la pratique seulement, pour plus de 100 \u00e9coles et associations de danse amateur. Une situation critique pour les professionnels et danseurs du secteur.<\/p>\n<p>\u00ab On a cr\u00e9\u00e9 le collectif en 2024, en r\u00e9ponse \u00e0 la fermeture prochaine de Mouvance, l\u2019\u00e9cole de danse contemporaine, historique \u00e0 Rennes \u00bb, explique Morgane Teffaine, professeure de flamenco depuis 25 ans et membre du collectif. Cette fermeture sera cons\u00e9cutive \u00e0 la vente du studio qu\u2019occupait l\u2019\u00e9cole jusqu\u2019alors. \u00ab Malheureusement ce n\u2019\u00e9tait pas un secret. Le programme immobilier \u00e9tait pr\u00e9vu il y a longtemps \u00bb, affirme Beno\u00eet Careil, \u00e9lu \u00e0 la culture \u00e0 Rennes. Le plus souvent, les salles sont vendues par leurs propri\u00e9taires et transform\u00e9es en salles polyvalentes<\/p>\n<p>Refus d\u2019inscription<\/p>\n<p>Six structures et pr\u00e8s de 15 associations de danse, ce qui constitue pr\u00e8s de 1 500 danseurs, se sont regroup\u00e9es dans ce collectif pour tenter de sauver leurs activit\u00e9s. Faute d\u2019infrastructures adapt\u00e9es, les enseignants se voient dans l\u2018obligation de les restreindre, ce qui les oblige, par ailleurs, \u00e0 refuser l\u2019inscription de nouveaux \u00e9l\u00e8ves. \u00ab Chaque ann\u00e9e, on se demande si on pourra toujours faire cours, c\u2019est angoissant \u00bb, confie cette professeure de flamenco.<\/p>\n<blockquote><p>On ne peut pas danser dans ces salles, car les sols ne sont pas souples. Il y a donc risque de blessures<\/p><\/blockquote>\n<p>\u00ab On n\u2019a plus assez de salles de danse mises \u00e0 disposition, et celles qu\u2019on nous propose ne sont pas adapt\u00e9es . On ne peut pas danser dans ces salles, car les sols ne sont pas souples. Il y a donc risque de blessures \u00bb, pr\u00e9cise-t-elle.<\/p>\n<p><img decoding=\"async\" src=\"https:\/\/www.europesays.com\/fr\/wp-content\/uploads\/2025\/05\/6835e9763cbf573848026e53.1.jpeg\" width=\"480\" height=\"300\" class=\"web_golden_m\" loading=\"lazy\" alt=\"La manifestation du 17\u00a0mai 2025 a r\u00e9uni de nombreux danseurs rennais.\"\/>La manifestation du 17\u00a0mai 2025 a r\u00e9uni de nombreux danseurs rennais. (Photo transmise au T\u00e9l\u00e9gramme)<\/p>\n<p>Autre difficult\u00e9 : g\u00e9rer un manque de studios alors que l\u2019engouement pour la danse ne semble pas faiblir. \u00ab La demande explose depuis le Covid-19. On a constat\u00e9 un r\u00e9el int\u00e9r\u00eat pour la danse et \u00e7a ne cesse pas \u00bb, affirme la professionnelle. Danse classique, contemporaine, claquettes ou encore tango, les \u00e9l\u00e8ves sont au rendez-vous \u00e0 Rennes. Mais en cons\u00e9quence, \u00ab on se marche dessus \u00bb, d\u00e9plore-t-elle.<\/p>\n<p>\u00ab On est donc oblig\u00e9 de s\u2019\u00e9loigner du centre-ville pour trouver un studio \u00bb. Mais la majorit\u00e9 des \u00e9l\u00e8ves vit au c\u0153ur de la ville et se retrouve alors contrainte de prendre la voiture pour les cours qui se sont d\u00e9plac\u00e9s en p\u00e9riph\u00e9rie de Rennes.<\/p>\n<p>Quelles solutions ? \u00ab Lors de la manifestation du 17 mai, les \u00e9lus qui s\u2019occupent de la culture nous ont \u00e9cout\u00e9s, mais n\u2019ont pas de solutions \u00bb, regrette de son c\u00f4t\u00e9 Morgane Teffaine, qui elle, liste des alternatives : R\u00e9habiliter la salle du conservatoire, qui n\u2019est plus utilis\u00e9e, am\u00e9nager des salles polyvalentes peu utilis\u00e9es ou encore cr\u00e9er un endroit d\u00e9di\u00e9 aux danseurs. \u00ab Les \u00e9lus nous ont dit d\u2019aller vers le priv\u00e9, mais on est bloqu\u00e9 par le plan local d\u2019urbanisme. On n\u2019a plus le droit de s\u2019installer dans des zones o\u00f9 il y a des bureaux, m\u00eame s\u2019il n\u2019y a plus personnes aux heures de cours \u00bb.<\/p>\n<p>\u00ab\u00a0C\u2019est un fait\u00a0\u00bb<\/p>\n<p>\u00ab Oui, il y a un manque de salles de danse et c\u2019est un fait \u00bb, conc\u00e8de Benoit Careil, adjoint \u00e0 la culture pour la Ville de Rennes. En qu\u00eate de solutions p\u00e9rennes, il s\u2019est associ\u00e9 aux associations. \u00ab Nous pourrions partager les espaces publics, en r\u00e9am\u00e9nageant les salles de sport des \u00e9coles ou encore r\u00e9habiliter des rez-de-chauss\u00e9e d\u2019immeubles pour en faire des petites salles de danse \u00bb, propose-t-il. Une seconde r\u00e9union aura lieu d\u2019ici peu, entre le collectif et les \u00e9lus.<\/p>\n<p>\u00ab En attendant on se serre les coudes, mais on a peur car la disparition de Mouvance est pr\u00e9vue dans deux ans \u00bb, se confie Morgane Teffaine. Les membres du collectif sont toujours \u00e0 la recherche de solutions sur le long terme.<\/p>\n","protected":false},"excerpt":{"rendered":"\u00c0 Rennes, le collectif de danseurs \u00ab Sauvons nos Studios \u00bb, a sonn\u00e9 l\u2019alerte quant \u00e0 la p\u00e9nurie&hellip;\n","protected":false},"author":2,"featured_media":132214,"comment_status":"","ping_status":"","sticky":false,"template":"","format":"standard","meta":{"footnotes":""},"categories":[2821],"tags":[1111,11,829,3173,1777,674,1011,27,12,584,25],"class_list":{"0":"post-132213","1":"post","2":"type-post","3":"status-publish","4":"format-standard","5":"has-post-thumbnail","7":"category-rennes","8":"tag-actu","9":"tag-actualites","10":"tag-bretagne","11":"tag-culture-a-rennes","12":"tag-eu","13":"tag-europe","14":"tag-fr","15":"tag-france","16":"tag-news","17":"tag-rennes","18":"tag-republique-francaise"},"share_on_mastodon":{"url":"https:\/\/pubeurope.com\/@fr\/114580818827606104","error":""},"_links":{"self":[{"href":"https:\/\/www.europesays.com\/fr\/wp-json\/wp\/v2\/posts\/132213","targetHints":{"allow":["GET"]}}],"collection":[{"href":"https:\/\/www.europesays.com\/fr\/wp-json\/wp\/v2\/posts"}],"about":[{"href":"https:\/\/www.europesays.com\/fr\/wp-json\/wp\/v2\/types\/post"}],"author":[{"embeddable":true,"href":"https:\/\/www.europesays.com\/fr\/wp-json\/wp\/v2\/users\/2"}],"replies":[{"embeddable":true,"href":"https:\/\/www.europesays.com\/fr\/wp-json\/wp\/v2\/comments?post=132213"}],"version-history":[{"count":0,"href":"https:\/\/www.europesays.com\/fr\/wp-json\/wp\/v2\/posts\/132213\/revisions"}],"wp:featuredmedia":[{"embeddable":true,"href":"https:\/\/www.europesays.com\/fr\/wp-json\/wp\/v2\/media\/132214"}],"wp:attachment":[{"href":"https:\/\/www.europesays.com\/fr\/wp-json\/wp\/v2\/media?parent=132213"}],"wp:term":[{"taxonomy":"category","embeddable":true,"href":"https:\/\/www.europesays.com\/fr\/wp-json\/wp\/v2\/categories?post=132213"},{"taxonomy":"post_tag","embeddable":true,"href":"https:\/\/www.europesays.com\/fr\/wp-json\/wp\/v2\/tags?post=132213"}],"curies":[{"name":"wp","href":"https:\/\/api.w.org\/{rel}","templated":true}]}}