{"id":132219,"date":"2025-05-27T16:50:17","date_gmt":"2025-05-27T16:50:17","guid":{"rendered":"https:\/\/www.europesays.com\/fr\/132219\/"},"modified":"2025-05-27T16:50:17","modified_gmt":"2025-05-27T16:50:17","slug":"strasbourg-zeus-le-mythique-destrier-des-jo-de-paris-2024-galope-devant-le-palais-rohan","status":"publish","type":"post","link":"https:\/\/www.europesays.com\/fr\/132219\/","title":{"rendered":"Strasbourg. Zeus, le mythique destrier des JO de Paris 2024, galope devant le palais Rohan"},"content":{"rendered":"<p>Le tableau de sa fine silhouette argent\u00e9e, surfant sur l\u2019onde sous des trombes d\u2019eau, est rest\u00e9 imprim\u00e9 dans toutes les r\u00e9tines. La chevauch\u00e9e fantastique de Zeus (et sa cavali\u00e8re myst\u00e9rieuse) sur la Seine avait mis, le 26\u00a0juillet dernier, les <a href=\"https:\/\/www.dna.fr\/jeux-olympiques\/jo-ete\" target=\"_blank\" rel=\"nofollow noopener\">Jeux olympiques de Paris 2024<\/a> sur orbite.<\/p>\n<p>Traversant le fleuve parisien sur six\u00a0kilom\u00e8tres d\u2019est en ouest jusqu\u2019\u00e0 la Tour Eiffel, comme sortie d\u2019un songe, l\u2019\u0153uvre \u00e9tait au c\u0153ur de la c\u00e9r\u00e9monie imagin\u00e9e et coordonn\u00e9e par <a href=\"https:\/\/www.dna.fr\/jeux-olympiques\/2024\/07\/28\/ceremonie-d-ouverture-le-directeur-artistique-dement-s-etre-inspire-de-la-cene\" target=\"_blank\" rel=\"nofollow noopener\">le directeur artistique Thomas Jolly<\/a>. La force po\u00e9tique de la cavali\u00e8re d\u2019argent sur sa monture, diffus\u00e9e en mondovision, avait balay\u00e9 les r\u00e9ticences des sceptiques. Elle est rest\u00e9e grav\u00e9e dans les m\u00e9moires.<\/p>\n<p>  \u00ab\u00a0Le vrai et l\u2019unique Zeus\u00a0!\u00a0\u00bb<\/p>\n<p>Comme par enchantement, dix mois plus tard, <a href=\"https:\/\/www.dna.fr\/jeux-olympiques\/2025\/05\/16\/zeus-le-mythique-cheval-metallique-des-jo-debarque-sur-la-terrasse-des-rohan\" target=\"_blank\" rel=\"nofollow noopener\">le cheval au nom du dieu de l\u2019Olympe a arr\u00eat\u00e9 sa course folle \u00e0 Strasbourg<\/a>. On ne verra certes pas Zeus au galop sur l\u2019Ill, avec sa fid\u00e8le cavali\u00e8re d\u2019argent. Mais l\u2019\u00e9quid\u00e9 m\u00e9tallique, venu seul, est bel et bien expos\u00e9 sur la terrasse du palais Rohan, qui surplombe les eaux sombres autour de la Grande-Ile.<\/p>\n<p>Piqu\u00e9s par la curiosit\u00e9, de \u00ab\u00a0tr\u00e8s nombreux \u00e9lus\u00a0\u00bb de la majorit\u00e9, a not\u00e9 ce mardi 27 mai <a href=\"https:\/\/www.dna.fr\/defense-guerre-conflit\/2025\/05\/26\/jumelage-avec-un-camp-palestinien-deux-photos-de-jeanne-barseghian-avec-une-carte-equivoque-et-un-keffieh-sement-la-discorde\" target=\"_blank\" rel=\"nofollow noopener\">la maire de Strasbourg<\/a> , ainsi que des membres de son cabinet ont fait un saut \u00e0 la pause m\u00e9ridienne sur la terrasse des Rohan. Tout \u00e0 leur joie de d\u00e9couvrir \u00ab\u00a0le vrai et l\u2019unique Zeus, symbole des JO et prouesse d\u2019ing\u00e9nierie 100\u00a0% made in France\u00a0\u00bb, s\u2019est enthousiasm\u00e9e Jeanne Barseghian.<\/p>\n<p>  Galop hypnotique du destrier<\/p>\n<p>Pr\u00e9c\u00e9d\u00e9 par la musique obs\u00e9dante des JO et six danseuses agitant des drapeaux et une balle dor\u00e9e, le charismatique cheval attendait le top d\u00e9part pour se mettre en mouvement. C\u2019est Jeanne Barseghian et les \u00e9l\u00e8ves de l\u2019\u00e9cole Sainte-Madeleine, les mains pos\u00e9es les unes sur les autres comme les mousquetaires &#8211; fa\u00e7on \u00ab\u00a0un pour tous et tous pour un\u00a0\u00bb -, qui ont lib\u00e9r\u00e9 le cheval pour sa chevauch\u00e9e imaginaire.<\/p>\n<p>Ce contenu est bloqu\u00e9 car vous n&rsquo;avez pas accept\u00e9 les cookies et autres traceurs.<\/p>\n<p>En cliquant sur \u00ab J\u2019accepte \u00bb, les cookies et autres traceurs seront d\u00e9pos\u00e9s et vous pourrez visualiser les contenus  (<a href=\"\" class=\"consentModule_policy\" target=\"_blank\" title=\"Consulter la politique de protection des donn\u00e9es du fournisseur\">plus d&rsquo;informations<\/a>).<\/p>\n<p>En cliquant sur \u00ab J\u2019accepte tous les cookies \u00bb, vous autorisez des d\u00e9p\u00f4ts de cookies et autres traceurs pour le stockage de vos donn\u00e9es sur nos sites et applications \u00e0 des fins de personnalisation et de ciblage publicitaire.<\/p>\n<p class=\"consentModule_secondaryText\">Vous gardez la possibilit\u00e9 de retirer votre consentement \u00e0 tout moment en consultant notre <a href=\"https:\/\/www.dna.fr\/protection-des-donnees\" target=\"_blank\" title=\"Consulter notre politique de protection des donn\u00e9es\" rel=\"nofollow noopener\">politique de protection des donn\u00e9es<\/a>. <br \/>&#13;<br \/>\n            <a href=\"https:\/\/www.dna.fr\/culture-loisirs\/2025\/05\/27\/javascript:Didomi.notice.show()\" class=\"consentModule_cmp\" rel=\"nofollow noopener\" target=\"_blank\">G\u00e9rer mes choix<\/a>&#13;\n        <\/p>\n<p>&#13;<br \/>\n                        J&rsquo;accepte&#13;<br \/>\n            J&rsquo;accepte tous les cookies&#13;\n        <\/p>\n<p>L\u2019espace d\u2019un instant, lorsque Zeus s\u2019est remis \u00e0 galoper, immobile sur son socle, l\u2019\u00e9motion a surgi. Fascin\u00e9 par la m\u00e9canique de pr\u00e9cision reconstituant le galop hypnotique du cheval de m\u00e9tal, le public s\u2019est retrouv\u00e9 plong\u00e9 au c\u0153ur de l\u2019\u00e9t\u00e9, lorsque les champions sportifs fran\u00e7ais encha\u00eenaient les exploits.<\/p>\n<p>  Revivre la f\u00e9erie des jeux<\/p>\n<p>L\u2019\u0153uvre de l\u2019Atelier blam, enti\u00e8rement en aluminium, mesure 2,50 de haut, 70\u00a0cm de large et quelque 3,8\u00a0m de long (avec la queue). Elle p\u00e8se environ une tonne. Propri\u00e9t\u00e9 des laboratoires Sanofi, elle ach\u00e8ve son tour de France des grandes villes et ne manquera pas d\u2019attirer tous ceux qui souhaiteront se replonger, l\u2019espace d\u2019un instant, dans la f\u00e9erie des Jeux olympiques.<\/p>\n<p class=\"note\">Zeus est visible gratuitement sur la terrasse du palais Rohan de 10\u00a0h \u00e0 20\u00a0h du dimanche au jeudi, et de 10\u00a0h \u00e0 22\u00a0h les vendredis, samedis ainsi que le mercredi 28\u00a0mai. L\u2019entr\u00e9e se fera obligatoirement via la grille place du March\u00e9-aux-Poissons. L\u2019\u0153uvre est accessible pour les publics \u00e0 mobilit\u00e9 r\u00e9duite (PMR).<\/p>\n","protected":false},"excerpt":{"rendered":"Le tableau de sa fine silhouette argent\u00e9e, surfant sur l\u2019onde sous des trombes d\u2019eau, est rest\u00e9 imprim\u00e9 dans&hellip;\n","protected":false},"author":2,"featured_media":132220,"comment_status":"","ping_status":"","sticky":false,"template":"","format":"standard","meta":{"footnotes":""},"categories":[2820],"tags":[1111,11,2389,2649,1687,2880,1777,674,107,1011,27,775,12,2661,25,640,2879],"class_list":{"0":"post-132219","1":"post","2":"type-post","3":"status-publish","4":"format-standard","5":"has-post-thumbnail","7":"category-strasbourg","8":"tag-actu","9":"tag-actualites","10":"tag-alsace","11":"tag-bas-rhin","12":"tag-culture-loisirs","13":"tag-edition-strasbourg","14":"tag-eu","15":"tag-europe","16":"tag-fil-info","17":"tag-fr","18":"tag-france","19":"tag-grand-est","20":"tag-news","21":"tag-patrimoine-culturel","22":"tag-republique-francaise","23":"tag-strasbourg","24":"tag-strasbourg-ville"},"share_on_mastodon":{"url":"https:\/\/pubeurope.com\/@fr\/114580830658800049","error":""},"_links":{"self":[{"href":"https:\/\/www.europesays.com\/fr\/wp-json\/wp\/v2\/posts\/132219","targetHints":{"allow":["GET"]}}],"collection":[{"href":"https:\/\/www.europesays.com\/fr\/wp-json\/wp\/v2\/posts"}],"about":[{"href":"https:\/\/www.europesays.com\/fr\/wp-json\/wp\/v2\/types\/post"}],"author":[{"embeddable":true,"href":"https:\/\/www.europesays.com\/fr\/wp-json\/wp\/v2\/users\/2"}],"replies":[{"embeddable":true,"href":"https:\/\/www.europesays.com\/fr\/wp-json\/wp\/v2\/comments?post=132219"}],"version-history":[{"count":0,"href":"https:\/\/www.europesays.com\/fr\/wp-json\/wp\/v2\/posts\/132219\/revisions"}],"wp:featuredmedia":[{"embeddable":true,"href":"https:\/\/www.europesays.com\/fr\/wp-json\/wp\/v2\/media\/132220"}],"wp:attachment":[{"href":"https:\/\/www.europesays.com\/fr\/wp-json\/wp\/v2\/media?parent=132219"}],"wp:term":[{"taxonomy":"category","embeddable":true,"href":"https:\/\/www.europesays.com\/fr\/wp-json\/wp\/v2\/categories?post=132219"},{"taxonomy":"post_tag","embeddable":true,"href":"https:\/\/www.europesays.com\/fr\/wp-json\/wp\/v2\/tags?post=132219"}],"curies":[{"name":"wp","href":"https:\/\/api.w.org\/{rel}","templated":true}]}}