{"id":132221,"date":"2025-05-27T16:51:09","date_gmt":"2025-05-27T16:51:09","guid":{"rendered":"https:\/\/www.europesays.com\/fr\/132221\/"},"modified":"2025-05-27T16:51:09","modified_gmt":"2025-05-27T16:51:09","slug":"un-nouveau-radar-de-chantier-installe-ce-mardi-pour-lutter-contre-les-exces-de-vitesse-sur-la-promenade-des-anglais-a-nice","status":"publish","type":"post","link":"https:\/\/www.europesays.com\/fr\/132221\/","title":{"rendered":"Un nouveau radar (de chantier) install\u00e9 ce mardi pour lutter contre les exc\u00e8s de vitesse sur la promenade des Anglais \u00e0 Nice"},"content":{"rendered":"<p>Un nouveau radar vient de fleurir sur la promenade des Anglais.<\/p>\n<p>Emprunt\u00e9e par des dizaines de milliers de v\u00e9hicules chaque jour, la Prom\u2019 est un axe sur lequel le maire de Nice souhaite particuli\u00e8rement renforcer la s\u00e9curit\u00e9. Christian Estrosi r\u00e9clame depuis des mois l\u2019installation de sept nouveaux radars.<\/p>\n<p>\u00ab\u00a0Bruno Retailleau nous a fait savoir qu\u2019il n\u2019y aura pas de radars permanents et de nouvelle g\u00e9n\u00e9ration chez nous avant la fin de l\u2019ann\u00e9e, puisque l\u2019\u00c9tat n\u2019en dispose pas, <a href=\"https:\/\/www.nicematin.com\/securite\/75-000-flashes-par-an-sur-la-voie-mathis-979027?t=1748357783\" target=\"_blank\" rel=\"noopener\">indiquait la Ville de Nice en mars 2025<\/a>. Mais nous avons obtenu, pour ne pas perdre de temps, l\u2019installation de deux radars provisoires, sur le mod\u00e8le de ceux que l\u2019on retrouve sur les autoroutes en p\u00e9riode de chantiers.\u00a0\u00bb<\/p>\n<p>Un radar mobile d\u00e9j\u00e0 op\u00e9rationnel<\/p>\n<p>Ce radar de chantier, d\u00e9j\u00e0 op\u00e9rationnel, a vu le jour, ce mardi 27 mai, au 105 promenade des Anglais, dans le sens est-ouest. Une installation qui n\u2019est pas pass\u00e9e inaper\u00e7ue aupr\u00e8s aux internautes.<\/p>\n<p>Ces derniers ont partag\u00e9 l\u2019information sur les r\u00e9seaux sociaux. \u00ab\u00a0Oh il est discret\u00a0\u00bb, s\u2019esclaffe une d\u2019eux sous la photographie de l\u2019appareil, une grosse bo\u00eete grise plant\u00e9e sur une place de stationnement. \u00ab\u00a0Il pouvait le faire plus grand quand m\u00eame\u00a0\u00bb, ironise un autre.<\/p>\n<p>Ce radar de chantier n\u2019a pas vocation \u00e0 rester sur le m\u00eame emplacement et pourra \u00eatre install\u00e9 ailleurs sur la promenade des Anglais. \u00ab\u00a0\u00c0 terme, il sera remplac\u00e9 par un vrai radar\u00a0\u00bb, assure la Ville.<\/p>\n","protected":false},"excerpt":{"rendered":"Un nouveau radar vient de fleurir sur la promenade des Anglais. Emprunt\u00e9e par des dizaines de milliers de&hellip;\n","protected":false},"author":2,"featured_media":132222,"comment_status":"","ping_status":"","sticky":false,"template":"","format":"standard","meta":{"footnotes":""},"categories":[2819],"tags":[1111,11,1777,674,1011,27,803,12,2401,882,25],"class_list":{"0":"post-132221","1":"post","2":"type-post","3":"status-publish","4":"format-standard","5":"has-post-thumbnail","7":"category-nice","8":"tag-actu","9":"tag-actualites","10":"tag-eu","11":"tag-europe","12":"tag-fr","13":"tag-france","14":"tag-info-trafic","15":"tag-news","16":"tag-nice","17":"tag-provence-alpes-cote-dazur","18":"tag-republique-francaise"},"share_on_mastodon":{"url":"https:\/\/pubeurope.com\/@fr\/114580834471744940","error":""},"_links":{"self":[{"href":"https:\/\/www.europesays.com\/fr\/wp-json\/wp\/v2\/posts\/132221","targetHints":{"allow":["GET"]}}],"collection":[{"href":"https:\/\/www.europesays.com\/fr\/wp-json\/wp\/v2\/posts"}],"about":[{"href":"https:\/\/www.europesays.com\/fr\/wp-json\/wp\/v2\/types\/post"}],"author":[{"embeddable":true,"href":"https:\/\/www.europesays.com\/fr\/wp-json\/wp\/v2\/users\/2"}],"replies":[{"embeddable":true,"href":"https:\/\/www.europesays.com\/fr\/wp-json\/wp\/v2\/comments?post=132221"}],"version-history":[{"count":0,"href":"https:\/\/www.europesays.com\/fr\/wp-json\/wp\/v2\/posts\/132221\/revisions"}],"wp:featuredmedia":[{"embeddable":true,"href":"https:\/\/www.europesays.com\/fr\/wp-json\/wp\/v2\/media\/132222"}],"wp:attachment":[{"href":"https:\/\/www.europesays.com\/fr\/wp-json\/wp\/v2\/media?parent=132221"}],"wp:term":[{"taxonomy":"category","embeddable":true,"href":"https:\/\/www.europesays.com\/fr\/wp-json\/wp\/v2\/categories?post=132221"},{"taxonomy":"post_tag","embeddable":true,"href":"https:\/\/www.europesays.com\/fr\/wp-json\/wp\/v2\/tags?post=132221"}],"curies":[{"name":"wp","href":"https:\/\/api.w.org\/{rel}","templated":true}]}}