{"id":132225,"date":"2025-05-27T16:53:08","date_gmt":"2025-05-27T16:53:08","guid":{"rendered":"https:\/\/www.europesays.com\/fr\/132225\/"},"modified":"2025-05-27T16:53:08","modified_gmt":"2025-05-27T16:53:08","slug":"un-medecin-nantais-milite-pour-laide-a-mourir","status":"publish","type":"post","link":"https:\/\/www.europesays.com\/fr\/132225\/","title":{"rendered":"un m\u00e9decin nantais milite pour l&rsquo;aide \u00e0 mourir"},"content":{"rendered":"<p>            Par<br \/>\n        <strong><br \/>\n            <a href=\"https:\/\/actu.fr\/auteur\/tristan-mahe-actu-fr\" title=\"Consulter tous les articles de Tristan Mah\u00e9\" target=\"_blank\" rel=\"noopener\">Tristan Mah\u00e9<\/a><br \/>\n        <\/strong><\/p>\n<p>        Publi\u00e9 le<\/p>\n<p>            27 mai 2025 \u00e0 17h41        <\/p>\n<p>Apr\u00e8s une fermeture des d\u00e9bats lors de la dissolution de l\u2019Assembl\u00e9e nationale, le <strong>texte de loi sur l\u2019aide \u00e0 mourir<\/strong> a \u00e9t\u00e9 remis sur la table. Le vote de ce texte, d\u00e9fendu par le d\u00e9put\u00e9 Modem <strong>Olivier Falorni<\/strong>, <a href=\"https:\/\/actu.fr\/societe\/bientot-un-droit-a-l-aide-a-mourir-l-assemblee-examine-deux-textes-phares-sur-la-fin-de-vie_62620794.html\" target=\"_blank\" rel=\"noopener\">est pr\u00e9vu pour ce mardi 27 mai en fin d\u2019apr\u00e8s-midi tout comme celui sur les soins palliatifs<\/a>. La version du texte d\u2019origine avait \u00e9t\u00e9 modifi\u00e9e, puis adopt\u00e9e par les d\u00e9put\u00e9s en commission.<\/p>\n<p class=\" wall-content\">Depuis 1980, <a href=\"https:\/\/www.admd.org\/\" target=\"_blank\" rel=\"noopener\">l\u2019association pour le droit \u00e0 mourir dans la dignit\u00e9<\/a> (ADMD) souhaite obtenir une loi pour l\u00e9galiser l\u2019euthanasie, le suicide assist\u00e9 et assurer un soin de qualit\u00e9 des soins palliatifs. L\u2019ADMD peut compter sur des b\u00e9n\u00e9voles partout en France, comme le Nantais Jacques Orvain, m\u00e9decin retrait\u00e9 et chercheur membre de <a href=\"https:\/\/twitter.com\/ADMD44?ref_src=twsrc%5Etfw%7Ctwcamp%5Etweetembed%7Ctwterm%5E1777682009873174555%7Ctwgr%5E165d27e4748e0e9e4d3b1654399e0fdb44598873%7Ctwcon%5Es1_&amp;ref_url=https%3A%2F%2Fwww.admd.org%2Fqui-sommes-nous%2Fune-association-mobilisee%2Fnos-delegues.html\" target=\"_blank\" rel=\"noopener\">l\u2019ADMD Loire-Atlantique<\/a> depuis trois ans.<\/p>\n<p>Le projet de loi en d\u00e9tails<\/p>\n<p>Pour limiter un maximum de d\u00e9rives, les crit\u00e8res \u00e0 remplir pour acc\u00e9der \u00e0 ce droit sont pr\u00e9cis et nombreux. Le patient doit \u00eatre majeur ; il doit \u00eatre fran\u00e7ais ou r\u00e9sider en France de fa\u00e7on stable et durable ; il doit endurer une souffrance r\u00e9fractaire aux traitements ou jug\u00e9e insupportable d\u2019une affection grave et incurable (pronostic vital engag\u00e9) qui affecte sa qualit\u00e9 de vie ; il doit \u00e9mettre personnellement sa volont\u00e9 de mourir (les personnes dans le coma ne pourront donc pas b\u00e9n\u00e9ficier de ce droit).<br \/>Une fois toutes les cases coch\u00e9es, le dossier du patient sera examin\u00e9 par au moins deux m\u00e9decins et un soignant. Apr\u00e8s validation du dossier, le patient devra lui-m\u00eame &#8211; ou avec l\u2019aide d\u2019un m\u00e9decin s\u2019il ne se trouve pas en \u00e9tat &#8211; s\u2019administrer le produit l\u00e9tal, tr\u00e8s probablement par voie orale, et seulement au sein d\u2019un \u00e9tablissement de sant\u00e9.\u00a0<\/p>\n<p>74\u2009% des m\u00e9decins favorables<\/p>\n<p class=\" wall-content\">Cette loi sur la fin de vie, elle concerne autant les citoyens, qui ne souhaitent parfois qu\u2019\u00e9chapper \u00e0 cette fatalit\u00e9 douloureuse, que les <strong>m\u00e9decins<\/strong> qui se trouvent en premi\u00e8re ligne face \u00e0 ces cas de conscience.<\/p>\n<p class=\" wall-content\">\u00ab\u2009Il y a beaucoup de pression sur la profession\u2009\u00bb, affirme Jacques Orvain \u00e0 <a href=\"https:\/\/actu.fr\/nantes\" target=\"_blank\" rel=\"noopener\">actu Nantes<\/a>. L\u2019association a d\u2019ailleurs command\u00e9 en avril 2025 un <a href=\"https:\/\/www.admd.org\/sites\/default\/files\/2025-05\/CP%20-%20Sondage%20me%CC%81decins%20-%2011%2005%2025_1.pdf\" target=\"_blank\" rel=\"noopener\">sondage aupr\u00e8s de l\u2019IFOP<\/a>. D\u2019apr\u00e8s l\u2019\u00e9tude<strong> 74\u2009% des m\u00e9decins interrog\u00e9s souhaitent la l\u00e9galisation de l\u2019aide \u00e0 mourir<\/strong>.<\/p>\n<p>Vid\u00e9os : en ce moment sur Actu<\/p>\n<p class=\" wall-content\">Pour le Nantais, il serait important d\u2019assurer des cellules psychologiques pour soutenir les m\u00e9decins dans cette d\u00e9marche, comme pour <a href=\"https:\/\/actu.fr\/societe\/aide-a-mourir-et-euthanasie-dans-quels-pays-europeens-ces-pratiques-sont-autorisees_62688355.html\" target=\"_blank\" rel=\"noopener\">ses confr\u00e8res en Belgique<\/a>. \u00ab\u2009Ce n\u2019est pas quelque chose qu\u2019on fait \u00e0 la l\u00e9g\u00e8re.\u2009\u00bb<\/p>\n<p class=\" wall-content\">Jacques Orvain est m\u00e9diateur au sein de l\u2019ADMD. Il fait entendre la voix des patients et de leurs proches, membres de l\u2019ADMD, aupr\u00e8s du corps m\u00e9dical.<\/p>\n<p class=\" wall-content\">Selon le chercheur lig\u00e9rien, entr\u00e9 dans le secteur m\u00e9dical par <strong>vocation<\/strong>, tous les m\u00e9decins n\u2019ont pas la m\u00eame vision du m\u00e9tier.<\/p>\n<blockquote class=\"ac-article-quote wall-content\">\n<p>Pour certains, \u00e7a signifie combattre la mort. Pour d&rsquo;autres, dont moi, c&rsquo;est synonyme d&rsquo;am\u00e9liorer la qualit\u00e9 de vie du patient.<\/p>\n<p>    <strong>Jacques Orvain<\/strong><br \/>\n        B\u00e9n\u00e9vole au sein de l&rsquo;ADMD 44    <\/p><\/blockquote>\n<p class=\" wall-content\">Le m\u00e9decin retrait\u00e9 \u00ab\u2009esp\u00e8re que le texte sur la fin de vie sera adopt\u00e9\u2009\u00bb, il est d\u2019ailleurs tr\u00e8s attentif \u00e0 l\u2019actualit\u00e9 de ce sujet de soci\u00e9t\u00e9. Militant pour l\u2019aide \u00e0 mourir, Jacques Orvain<strong> n\u2019est pas contre les soins palliatifs<\/strong>. \u00ab\u2009On n\u2019est pas des acharn\u00e9s de l\u2019euthanasie.\u2009\u00bb<\/p>\n<p class=\" wall-content\">Suivez toute l\u2019actualit\u00e9 de vos villes et m\u00e9dias favoris en vous inscrivant \u00e0 <a href=\"https:\/\/moncompte.actu.fr\" title=\"D\u00e9couvez Mon Actu\" rel=\"nofollow noopener\" data-trk=\"{&quot;cta&quot;:{&quot;action&quot;:&quot;https:\\\/\\\/moncompte.actu.fr&quot;,&quot;category&quot;:&quot;mon compte&quot;,&quot;from&quot;:&quot;article footer&quot;,&quot;name&quot;:&quot;Mon actu&quot;,&quot;type&quot;:&quot;cta&quot;}}\" target=\"_blank\">Mon Actu<\/a>.<\/p>\n<p>                    <script async src=\"https:\/\/platform.twitter.com\/widgets.js\" charset=\"utf-8\"><\/script><\/p>\n","protected":false},"excerpt":{"rendered":"Par Tristan Mah\u00e9 Publi\u00e9 le 27 mai 2025 \u00e0 17h41 Apr\u00e8s une fermeture des d\u00e9bats lors de la&hellip;\n","protected":false},"author":2,"featured_media":132226,"comment_status":"","ping_status":"","sticky":false,"template":"","format":"standard","meta":{"footnotes":""},"categories":[2818],"tags":[1111,11,416,1777,674,7977,1011,27,2673,766,12,2636,25,104],"class_list":{"0":"post-132225","1":"post","2":"type-post","3":"status-publish","4":"format-standard","5":"has-post-thumbnail","7":"category-nantes","8":"tag-actu","9":"tag-actualites","10":"tag-assemblee-nationale","11":"tag-eu","12":"tag-europe","13":"tag-fin-de-vie","14":"tag-fr","15":"tag-france","16":"tag-medecins","17":"tag-nantes","18":"tag-news","19":"tag-pays-de-la-loire","20":"tag-republique-francaise","21":"tag-societe"},"share_on_mastodon":{"url":"https:\/\/pubeurope.com\/@fr\/114580842625602709","error":""},"_links":{"self":[{"href":"https:\/\/www.europesays.com\/fr\/wp-json\/wp\/v2\/posts\/132225","targetHints":{"allow":["GET"]}}],"collection":[{"href":"https:\/\/www.europesays.com\/fr\/wp-json\/wp\/v2\/posts"}],"about":[{"href":"https:\/\/www.europesays.com\/fr\/wp-json\/wp\/v2\/types\/post"}],"author":[{"embeddable":true,"href":"https:\/\/www.europesays.com\/fr\/wp-json\/wp\/v2\/users\/2"}],"replies":[{"embeddable":true,"href":"https:\/\/www.europesays.com\/fr\/wp-json\/wp\/v2\/comments?post=132225"}],"version-history":[{"count":0,"href":"https:\/\/www.europesays.com\/fr\/wp-json\/wp\/v2\/posts\/132225\/revisions"}],"wp:featuredmedia":[{"embeddable":true,"href":"https:\/\/www.europesays.com\/fr\/wp-json\/wp\/v2\/media\/132226"}],"wp:attachment":[{"href":"https:\/\/www.europesays.com\/fr\/wp-json\/wp\/v2\/media?parent=132225"}],"wp:term":[{"taxonomy":"category","embeddable":true,"href":"https:\/\/www.europesays.com\/fr\/wp-json\/wp\/v2\/categories?post=132225"},{"taxonomy":"post_tag","embeddable":true,"href":"https:\/\/www.europesays.com\/fr\/wp-json\/wp\/v2\/tags?post=132225"}],"curies":[{"name":"wp","href":"https:\/\/api.w.org\/{rel}","templated":true}]}}