{"id":132229,"date":"2025-05-27T16:55:08","date_gmt":"2025-05-27T16:55:08","guid":{"rendered":"https:\/\/www.europesays.com\/fr\/132229\/"},"modified":"2025-05-27T16:55:08","modified_gmt":"2025-05-27T16:55:08","slug":"voici-les-boulangeries-et-bars-tabacs-ouverts-en-ce-jour-ferie","status":"publish","type":"post","link":"https:\/\/www.europesays.com\/fr\/132229\/","title":{"rendered":"voici les boulangeries et bars tabacs ouverts en ce jour f\u00e9ri\u00e9"},"content":{"rendered":"<p>            Par<br \/>\n        <strong><br \/>\n            <a href=\"https:\/\/actu.fr\/auteur\/aurelien-cardot\" title=\"Consulter tous les articles de Aurelien Cardot\" rel=\"nofollow noopener\" target=\"_blank\">Aurelien Cardot<\/a><br \/>\n        <\/strong><\/p>\n<p>        Publi\u00e9 le<\/p>\n<p>            27 mai 2025 \u00e0 18h46        <\/p>\n<p>En ce jeudi 29 mai 2025, <strong>jour f\u00e9ri\u00e9 pour l\u2019Ascension<\/strong>, plusieurs \u00e9tablissements restent ouverts \u00e0 <a href=\"http:\/\/actu.fr\/bordeaux\" rel=\"nofollow noopener\" target=\"_blank\">Bordeaux<\/a>. Si certains commerces sont ferm\u00e9s, de nombreux tabacs et boulangeries accueillent tout de m\u00eame les Bordelais. Voici<strong> la liste des enseignes ouvertes<\/strong>, avec leurs horaires et leur adresse.<\/p>\n<p>Tabacs ouverts \u00e0 Bordeaux<\/p>\n<ul class=\" wall-content\">\n<li>Tabac La Civette Intendance \u2013 9h \u00e0 minuit \u2013 6 rue de la Vieille Tour (centre-ville)<\/li>\n<li>Tabac Le Chabi \u2013 9h30 \u00e0 23h \u2013 12 rue de la R\u00e9publique (Chartrons)<\/li>\n<li>Tabac Le Carlito\u2019s \u2013 14h30 \u00e0 19h30 \u2013 176 rue Lecocq (Saint-Bruno)<\/li>\n<li>Tabac Le Havane \u2013 10h \u00e0 20h \u2013 27 rue Fondaud\u00e8ge (Saint-Seurin)<\/li>\n<li>Tabac Le Rohan \u2013 9h30 \u00e0 20h \u2013 34 rue du Palais Gallien (centre-ville)<\/li>\n<li>Tabac Richelieu \u2013 8h \u00e0 20h \u2013 63 rue du Palais Gallien (centre-ville)<\/li>\n<li>Tabac du Centre \u2013 8h30 \u00e0 20h \u2013 8 place Gambetta (centre-ville)<\/li>\n<li>Gambetta Presse \u2013 7h \u00e0 19h \u2013 11 cours Georges Clemenceau (centre-ville)<\/li>\n<li>Tabac du Conservatoire \u2013 14h \u00e0 19h \u2013 5 place Puy Paulin (centre-ville)<\/li>\n<li>Tabac des Capucins \u2013 7h \u00e0 21h \u2013 46 cours de la Marne (Saint-Michel \/ Capucins)<\/li>\n<li>Tabac Presse Loto L\u2019Ovalie \u2013 8h \u00e0 20h \u2013 260 avenue Thiers (La Bastide)<\/li>\n<li>D\u00e9bit Hugo Tabac Presse \u2013 10h \u00e0 20h \u2013 11 rue Hugo (centre-ville)<\/li>\n<li>Tabac Le Week-End \u2013 8h \u00e0 13h \u2013 138 rue de la Benauge (La Bastide)<\/li>\n<li>Tabac Beluche-Abad \u2013 9h \u00e0 23h \u2013 29 rue du Tondu (Saint-Seurin)<\/li>\n<li>Tabac Caf\u00e9 des Caps \u2013 10h \u00e0 minuit \u2013 17 place des Capucins (Capucins)<\/li>\n<li>March\u00e9 Minute \u2013 Le Cadeau Girondin \u2013 9h \u00e0 21h \u2013 16 avenue de la Lib\u00e9ration (Le Bouscat)<\/li>\n<li>Tabac Le Balguerie \u2013 9h \u00e0 13h \u2013 2 rue Balguerie (Chartrons)<\/li>\n<li>Tabac Presse des Hangars \u2013 9h \u00e0 19h \u2013 Hangar 17, Quai Bacalan (Bacalan)<\/li>\n<li>Tabac Le C\u00e9sar \u2013 8h30 \u00e0 13h \u2013 24 rue du Ch\u00e2teau d\u2019Eau (Bastide)<\/li>\n<li>Tabac Le New York \u2013 8h30 \u00e0 14h30 \u2013 2 rue New York (Bastide)<\/li>\n<li>Tabac Le Rouzic \u2013 8h30 \u00e0 19h \u2013 119 rue Lecocq (Saint-Bruno)<\/li>\n<li>Tabac Presse de la Benauge \u2013 7h \u00e0 18h \u2013 6 avenue Thiers (La Bastide)<\/li>\n<li>Tabac Presse Vape Saint Louis \u2013 9h \u00e0 19h30 \u2013 2 rue Saint-Louis (Chartrons)<\/li>\n<\/ul>\n<p>Certains \u00e9tablissements ont confirm\u00e9 leur fermeture ce jeudi 29 mai. C\u2019est le cas notamment des tabacs de la rue du Pas Saint Georges, le Nancel, la Perdrix, le Calumet, Presse Ginko, Relais du Grand Parc, Bibard B\u00e9ziat, le Chiquito, le Celtique ou encore du Fumoir de la R\u00e9gence. Cette liste reste non exhaustive : certains bar-tabacs ne figurent pas ici, faute de r\u00e9ponse \u00e0 nos sollicitations t\u00e9l\u00e9phoniques.<\/p>\n<p>Boulangeries ouvertes \u00e0 Bordeaux<\/p>\n<ul class=\" wall-content\">\n<li>Paul \u2013 10h \u00e0 19h \u2013 73 rue Sainte-Catherine (centre-ville)<\/li>\n<li>Maison Lasserre \u2013 7h \u00e0 13h \u2013 88 rue Juda\u00efque (Saint-Seurin)<\/li>\n<li>Aux Grains Gourmands \u2013 7h \u00e0 13h \u2013 192 rue Achard (Bacalan)<\/li>\n<li>Maison Laugery \u2013 7h30 \u00e0 13h \u2013 54 rue du Hamel (centre-ville)<\/li>\n<li>Boulangerie Louis Lamou \u2013 7h30 \u00e0 13h \u2013 124 rue de la Croix Blanche (Saint-Seurin)<\/li>\n<li>Le Fournil de Nina \u2013 8h \u00e0 12h30 \u2013 10 place de la Lib\u00e9ration (Saint-Augustin)<\/li>\n<li>Maison Lamour (Juda\u00efque) \u2013 7h30 \u00e0 13h30 \u2013 157 rue Juda\u00efque (Saint-Seurin)<\/li>\n<li>Maison Lamour (Caud\u00e9ran) \u2013 7h30 \u00e0 13h30 \u2013 5 avenue de la R\u00e9publique (Caud\u00e9ran)<\/li>\n<li>Antone Artisan Boulanger \u2013 7h \u00e0 13h \u2013 37 rue du Bocage (Saint-Augustin)<\/li>\n<li>Go\u00fbtu par Oven Heaven \u2013 9h \u00e0 17h \u2013 13 rue du Palais Gallien (centre-ville)<\/li>\n<li>Le Fournil de David \u2013 6h30 \u00e0 19h \u2013 2 rue Henri IV (Bastide)<\/li>\n<li>Le Fournil de l\u2019Hippodrome \u2013 5h \u00e0 13h30 \u2013 41 avenue de l\u2019Hippodrome (Caud\u00e9ran)<\/li>\n<li>Maison Val\u00e9 \u2013 6h45 \u00e0 13h30 \u2013 91 rue Mouneyra (Saint-Bruno)<\/li>\n<li>La Banette \u2013 7h \u00e0 13h \u2013 164 avenue Thiers (La Bastide)<\/li>\n<li>Matipain \u2013 7h \u00e0 13h \u2013 118 cours de l\u2019Yser (Saint-Michel)<\/li>\n<li>Maison Hemelin \u2013 7h \u00e0 13h \u2013 9 rue Duffour-Dubergier (centre-ville)<\/li>\n<\/ul>\n<p>Comme pour les bar-tabacs, cette liste reste non exhaustive : certaines boulangeries ne figurent pas ici.<\/p>\n<p class=\" wall-content\">Suivez toute l\u2019actualit\u00e9 de vos villes et m\u00e9dias favoris en vous inscrivant \u00e0 <a href=\"https:\/\/moncompte.actu.fr\" title=\"D\u00e9couvez Mon Actu\" rel=\"nofollow noopener\" data-trk=\"{&quot;cta&quot;:{&quot;action&quot;:&quot;https:\\\/\\\/moncompte.actu.fr&quot;,&quot;category&quot;:&quot;mon compte&quot;,&quot;from&quot;:&quot;article footer&quot;,&quot;name&quot;:&quot;Mon actu&quot;,&quot;type&quot;:&quot;cta&quot;}}\" target=\"_blank\">Mon Actu<\/a>.<\/p>\n","protected":false},"excerpt":{"rendered":"Par Aurelien Cardot Publi\u00e9 le 27 mai 2025 \u00e0 18h46 En ce jeudi 29 mai 2025, jour f\u00e9ri\u00e9&hellip;\n","protected":false},"author":2,"featured_media":132230,"comment_status":"","ping_status":"","sticky":false,"template":"","format":"standard","meta":{"footnotes":""},"categories":[2817],"tags":[1111,11,1997,215,1777,674,1011,27,12,2219,25,104,6582],"class_list":{"0":"post-132229","1":"post","2":"type-post","3":"status-publish","4":"format-standard","5":"has-post-thumbnail","7":"category-bordeaux","8":"tag-actu","9":"tag-actualites","10":"tag-bordeaux","11":"tag-commerce","12":"tag-eu","13":"tag-europe","14":"tag-fr","15":"tag-france","16":"tag-news","17":"tag-nouvelle-aquitaine","18":"tag-republique-francaise","19":"tag-societe","20":"tag-tabac"},"share_on_mastodon":{"url":"https:\/\/pubeurope.com\/@fr\/114580850165117659","error":""},"_links":{"self":[{"href":"https:\/\/www.europesays.com\/fr\/wp-json\/wp\/v2\/posts\/132229","targetHints":{"allow":["GET"]}}],"collection":[{"href":"https:\/\/www.europesays.com\/fr\/wp-json\/wp\/v2\/posts"}],"about":[{"href":"https:\/\/www.europesays.com\/fr\/wp-json\/wp\/v2\/types\/post"}],"author":[{"embeddable":true,"href":"https:\/\/www.europesays.com\/fr\/wp-json\/wp\/v2\/users\/2"}],"replies":[{"embeddable":true,"href":"https:\/\/www.europesays.com\/fr\/wp-json\/wp\/v2\/comments?post=132229"}],"version-history":[{"count":0,"href":"https:\/\/www.europesays.com\/fr\/wp-json\/wp\/v2\/posts\/132229\/revisions"}],"wp:featuredmedia":[{"embeddable":true,"href":"https:\/\/www.europesays.com\/fr\/wp-json\/wp\/v2\/media\/132230"}],"wp:attachment":[{"href":"https:\/\/www.europesays.com\/fr\/wp-json\/wp\/v2\/media?parent=132229"}],"wp:term":[{"taxonomy":"category","embeddable":true,"href":"https:\/\/www.europesays.com\/fr\/wp-json\/wp\/v2\/categories?post=132229"},{"taxonomy":"post_tag","embeddable":true,"href":"https:\/\/www.europesays.com\/fr\/wp-json\/wp\/v2\/tags?post=132229"}],"curies":[{"name":"wp","href":"https:\/\/api.w.org\/{rel}","templated":true}]}}