{"id":132233,"date":"2025-05-27T16:57:07","date_gmt":"2025-05-27T16:57:07","guid":{"rendered":"https:\/\/www.europesays.com\/fr\/132233\/"},"modified":"2025-05-27T16:57:07","modified_gmt":"2025-05-27T16:57:07","slug":"toulouse-pourquoi-ce-monument-aux-morts-est-il-entoure-dechafaudages","status":"publish","type":"post","link":"https:\/\/www.europesays.com\/fr\/132233\/","title":{"rendered":"Toulouse. Pourquoi ce monument aux morts est-il entour\u00e9 d\u2019\u00e9chafaudages\u00a0?"},"content":{"rendered":"<p>            Par<br \/>\n        <strong><br \/>\n            <a href=\"https:\/\/actu.fr\/auteur\/ancelin-emeryhenriot\" title=\"Consulter tous les articles de Ancelin Emery-Henriot\" target=\"_blank\" rel=\"noopener\">Ancelin Emery-Henriot<\/a><br \/>\n        <\/strong><\/p>\n<p>        Publi\u00e9 le<\/p>\n<p>            27 mai 2025 \u00e0 18h31        <\/p>\n<p>Des \u00e9chafaudages, des grilles, des barri\u00e8res\u2026 La place <strong>Saint-Aubin<\/strong>, \u00e0 <a href=\"https:\/\/actu.fr\/toulouse\/\" target=\"_blank\" rel=\"noopener\">Toulouse<\/a>, est difficilement reconnaissable en cette soir\u00e9e du 26 mai 2025. Pire encore, son plus fort symbole a<strong> disparu<\/strong> sous le m\u00e9tal. La raison : le monument au mort du quartier est entr\u00e9 dans une phase de<strong> travaux de restauration<\/strong> le 12 mai dernier.\u00a0<\/p>\n<p>Une restauration compl\u00e8te<\/p>\n<p class=\" wall-content\">Sculpt\u00e9 dans la pierre en 1923 par <strong>Joseph Casseigne<\/strong>, cet \u00e9difice commen\u00e7ait \u00e0 en avoir cruellement <strong>besoin<\/strong>. \u201cCe monument est tr\u00e8s ab\u00eem\u00e9 avec des plaques de pierre <strong>d\u00e9grad\u00e9es<\/strong>\u201d, t\u00e9moigne la mairie.<\/p>\n<p class=\" wall-content\">\u201cLe chantier comprend un <strong>nettoyage complet<\/strong>, une reprise des pierres et le rechampissage des noms (redorure) des noms y figurant\u201d, annonce la municipalit\u00e9. Cette derni\u00e8re a investi <strong>20 000 \u20ac<\/strong> pour mener \u00e0 bien le projet. Il devrait s\u2019achever fin juillet.<\/p>\n<p class=\" wall-content\">Des travaux qui s\u2019op\u00e8rent en m\u00eame temps qu\u2019une op\u00e9ration de plus grande envergure \u00e0 quelques m\u00e8tres de l\u00e0. Dans le cadre du <a href=\"https:\/\/actu.fr\/tag\/ligne-c-du-metro-de-toulouse\" target=\"_blank\" rel=\"noopener\">chantier de la ligne C du m\u00e9tro<\/a>, <a href=\"https:\/\/actu.fr\/occitanie\/toulouse_31555\/toulouse-on-va-vivre-de-l-art-au-lieu-des-travaux-ce-quartier-prend-le-contre-pied-du-chantier-du-metro_62382401.html\" target=\"_blank\" rel=\"noopener\">un puits de ventilation<\/a> doit \u00eatre r\u00e9alis\u00e9. Le coup d\u2019envoi avait \u00e9t\u00e9 donn\u00e9 <a href=\"https:\/\/actu.fr\/occitanie\/toulouse_31555\/ligne-c-du-metro-coup-d-envoi-d-un-chantier-qui-va-durer-trois-ans-dans-ce-quartier-de-toulouse_62233078.html\" target=\"_blank\" rel=\"noopener\">en f\u00e9vrier dernier<\/a>, pour trois ans.<\/p>\n<p><strong>Infos Pratiques<\/strong><br \/>Monument aux morts des quartiers Saint-Aubin et Dupuy, rue Pierre-Paul Riquet \u00e0 Toulouse<\/p>\n<p>Vid\u00e9os : en ce moment sur Actu<\/p>\n<p class=\" wall-content\">Suivez toute l\u2019actualit\u00e9 de vos villes et m\u00e9dias favoris en vous inscrivant \u00e0 <a href=\"https:\/\/moncompte.actu.fr\" title=\"D\u00e9couvez Mon Actu\" rel=\"nofollow noopener\" data-trk=\"{&quot;cta&quot;:{&quot;action&quot;:&quot;https:\\\/\\\/moncompte.actu.fr&quot;,&quot;category&quot;:&quot;mon compte&quot;,&quot;from&quot;:&quot;article footer&quot;,&quot;name&quot;:&quot;Mon actu&quot;,&quot;type&quot;:&quot;cta&quot;}}\" target=\"_blank\">Mon Actu<\/a>.<\/p>\n","protected":false},"excerpt":{"rendered":"Par Ancelin Emery-Henriot Publi\u00e9 le 27 mai 2025 \u00e0 18h31 Des \u00e9chafaudages, des grilles, des barri\u00e8res\u2026 La place&hellip;\n","protected":false},"author":2,"featured_media":132234,"comment_status":"","ping_status":"","sticky":false,"template":"","format":"standard","meta":{"footnotes":""},"categories":[2816],"tags":[1111,11,1777,674,1011,27,12,2680,25,935,104,2312,1090,2086],"class_list":{"0":"post-132233","1":"post","2":"type-post","3":"status-publish","4":"format-standard","5":"has-post-thumbnail","7":"category-toulouse","8":"tag-actu","9":"tag-actualites","10":"tag-eu","11":"tag-europe","12":"tag-fr","13":"tag-france","14":"tag-news","15":"tag-occitanie","16":"tag-republique-francaise","17":"tag-seconde-guerre-mondiale","18":"tag-societe","19":"tag-toulouse","20":"tag-toulouse-metropole","21":"tag-travaux"},"share_on_mastodon":{"url":"https:\/\/pubeurope.com\/@fr\/114580858054588136","error":""},"_links":{"self":[{"href":"https:\/\/www.europesays.com\/fr\/wp-json\/wp\/v2\/posts\/132233","targetHints":{"allow":["GET"]}}],"collection":[{"href":"https:\/\/www.europesays.com\/fr\/wp-json\/wp\/v2\/posts"}],"about":[{"href":"https:\/\/www.europesays.com\/fr\/wp-json\/wp\/v2\/types\/post"}],"author":[{"embeddable":true,"href":"https:\/\/www.europesays.com\/fr\/wp-json\/wp\/v2\/users\/2"}],"replies":[{"embeddable":true,"href":"https:\/\/www.europesays.com\/fr\/wp-json\/wp\/v2\/comments?post=132233"}],"version-history":[{"count":0,"href":"https:\/\/www.europesays.com\/fr\/wp-json\/wp\/v2\/posts\/132233\/revisions"}],"wp:featuredmedia":[{"embeddable":true,"href":"https:\/\/www.europesays.com\/fr\/wp-json\/wp\/v2\/media\/132234"}],"wp:attachment":[{"href":"https:\/\/www.europesays.com\/fr\/wp-json\/wp\/v2\/media?parent=132233"}],"wp:term":[{"taxonomy":"category","embeddable":true,"href":"https:\/\/www.europesays.com\/fr\/wp-json\/wp\/v2\/categories?post=132233"},{"taxonomy":"post_tag","embeddable":true,"href":"https:\/\/www.europesays.com\/fr\/wp-json\/wp\/v2\/tags?post=132233"}],"curies":[{"name":"wp","href":"https:\/\/api.w.org\/{rel}","templated":true}]}}