{"id":132241,"date":"2025-05-27T17:01:10","date_gmt":"2025-05-27T17:01:10","guid":{"rendered":"https:\/\/www.europesays.com\/fr\/132241\/"},"modified":"2025-05-27T17:01:10","modified_gmt":"2025-05-27T17:01:10","slug":"marseille-benoit-payan-se-soumet-au-diktat-de-lextreme-gauche-estiment-des-elus-lr-apres-lannonce-de-nouvelles-aides-pour-gaza","status":"publish","type":"post","link":"https:\/\/www.europesays.com\/fr\/132241\/","title":{"rendered":"Marseille : \u00ab\u00a0Beno\u00eet Payan se soumet au diktat de l&rsquo;extr\u00eame-gauche\u00a0\u00bb estiment des \u00e9lus LR apr\u00e8s l&rsquo;annonce de nouvelles aides pour Gaza"},"content":{"rendered":"<p>                                            Politique\n                                                                            <\/p>\n<p>\n                                            La municipalit\u00e9 de Marseille a octroy\u00e9 une aide financi\u00e8re suppl\u00e9mentaire \u00e0 l\u2019Unicef, en soutien \u00e0 ses actions dans la bande de Gaza. Cette d\u00e9cision a \u00e9t\u00e9 critiqu\u00e9e par les \u00e9lus de l\u2019opposition.                                        <\/p>\n<p>                                                Publi\u00e9 le 27 mai 2025 \u00e0 17h42                                                                                            <\/p>\n<p>                                            <img loading=\"lazy\" width=\"1024\" height=\"683\" src=\"https:\/\/www.europesays.com\/fr\/wp-content\/uploads\/2025\/05\/SIPA_01176670_000027-1.jpg\" class=\"attachment-post-thumbnail size-post-thumbnail wp-post-image lazy\" alt=\"Beno\u00eet Payan, maire de Marseille \u00a9 Alain ROBERT\/SIPA\/2409201616\" decoding=\"async\"  data-\/><\/p>\n<p>                                            Beno\u00eet Payan, maire de Marseille \u00a9 Alain ROBERT\/SIPA\/2409201616<\/p>\n<p data-start=\"97\" data-end=\"743\">Lundi 26 mai, lors d\u2019une manifestation organis\u00e9e sur le Vieux-Port, le maire divers gauche Beno\u00eet Payan a annonc\u00e9 l\u2019octroi d\u2019une nouvelle aide financi\u00e8re \u00e0 l\u2019Unicef afin de soutenir ses actions humanitaires d\u2019urgence \u00e0 Gaza, rapporte <a href=\"https:\/\/www.laprovence.com\/article\/region\/6446609397482514\/gaza-benoit-payan-debloque-une-nouvelle-aide-financiere-les-lumieres-de-lhotel-de-ville-eteintes-ce-lundi-soir-en-solidarite\" target=\"_blank\" rel=\"noopener\">La Provence<\/a>. \u00ab La France doit agir avec force vis-\u00e0-vis du gouvernement Netanyahou pour le r\u00e9tablissement imm\u00e9diat de la paix et du droit international \u00bb, a assur\u00e9 le maire de la cit\u00e9 phoc\u00e9enne. Avant d\u2019appeler \u00e0 ne rien c\u00e9der sur \u00ab la protection des civils, comme pour la lib\u00e9ration sans condition des otages \u00bb : \u00ab La priorit\u00e9 doit \u00eatre donn\u00e9e \u00e0 l\u2019action humanitaire et au sauvetage des vies humaines. \u00bb<\/p>\n<p><a href=\"https:\/\/www.valeursactuelles.com\/clubvaleurs\/faits-divers\/concerts-du-rappeur-jul-au-velodrome-de-marseille-cetait-lanarchie\" class=\"h-flex h-align-items-center h-border-tb h-ptb-15\" target=\"_blank\" rel=\"noopener\">A\u00a0LIRE\u00a0Concerts du rappeur Jul au V\u00e9lodrome de Marseille : \u00ab C\u2019\u00e9tait l\u2019anarchie \u00bb<\/a><\/p>\n<p data-start=\"745\" data-end=\"1331\">L\u2019an dernier, la Ville de Marseille avait d\u00e9j\u00e0 vers\u00e9 80 000 euros \u00e0 l\u2019Unicef, ainsi qu\u2019un montant \u00e9quivalent \u00e0 l\u2019UNRWA, l\u2019Office des Nations unies charg\u00e9 de l\u2019aide aux r\u00e9fugi\u00e9s palestiniens au Proche-Orient. Cette derni\u00e8re subvention avait temporairement \u00e9t\u00e9 suspendue en raison de soup\u00e7ons sur une possible implication de l\u2019organisation dans l\u2019attaque du 7 octobre men\u00e9e par le Hamas. Beno\u00eet Payan a \u00e9galement annonc\u00e9 que les lumi\u00e8res de l\u2019H\u00f4tel de Ville seraient \u00e9teintes \u00e0 partir de 22 heures ce lundi, une mesure symbolique \u00e9galement appliqu\u00e9e \u00e0 la basilique Notre-Dame-de-la-Garde.<\/p>\n<p>Vives critiques des oppositions<\/p>\n<p data-start=\"1370\" data-end=\"1759\">Ces annonces ont provoqu\u00e9 de vives r\u00e9actions de la part des oppositions. Le s\u00e9nateur marseillais <a href=\"https:\/\/x.com\/Stephane_Ravier\/status\/1927060677769806194\" target=\"_blank\" rel=\"noopener\">St\u00e9phane Ravier<\/a> a vivement critiqu\u00e9 le maire Beno\u00eet Payan, faisant r\u00e9f\u00e9rence aux violences survenues en marge du concert du rappeur Jul samedi soir : \u00ab Beno\u00eet Payan n\u2019a pas le temps de s\u2019occuper des racailles qui pillent le V\u00e9lodrome, il s\u2019occupe de la Palestine et d\u00e9shonore notre ville. \u00bb<\/p>\n<p data-start=\"1761\" data-end=\"2492\">\u00ab Nous d\u00e9non\u00e7ons la promesse non tenue de Beno\u00eet Payan envers la communaut\u00e9 juive suite aux pogroms du 7 octobre \u00bb, accuse le groupe d\u2019opposition \u00e0 droite Une volont\u00e9 pour Marseille dans <a href=\"https:\/\/x.com\/UVPMarseille\/status\/1927377664148471852\" target=\"_blank\" rel=\"noopener\">un communiqu\u00e9 de presse<\/a>. \u00ab O\u00f9 est pass\u00e9e l\u2019aide financi\u00e8re que vous aviez \u00e9voqu\u00e9e \u00e0 l\u2019\u00e9poque ? Envol\u00e9e, comme vos promesses de campagne ? \u00bb Avant d\u2019ajouter : \u00ab Beno\u00eet Payan fracture Marseille et accentue les tensions entre les communaut\u00e9s, se soumettant ainsi au diktat de l\u2019extr\u00eame gauche. Il pr\u00eate l\u00e0 all\u00e9geance \u00e0 la France Insoumise et ses positions naus\u00e9abondes. Un signal inqui\u00e9tant avant les \u00e9lections municipales. Nous condamnons \u00e9galement l\u2019affichage d\u2019une banderole sur la mairie des IIe-IIIe arrondissements en soutien \u00e0 Gaza. \u00bb<\/p>\n","protected":false},"excerpt":{"rendered":"Politique La municipalit\u00e9 de Marseille a octroy\u00e9 une aide financi\u00e8re suppl\u00e9mentaire \u00e0 l\u2019Unicef, en soutien \u00e0 ses actions&hellip;\n","protected":false},"author":2,"featured_media":132242,"comment_status":"","ping_status":"","sticky":false,"template":"","format":"standard","meta":{"footnotes":""},"categories":[2814],"tags":[1111,11,6469,1777,674,1011,27,6319,884,12,3518,882,25,25692],"class_list":{"0":"post-132241","1":"post","2":"type-post","3":"status-publish","4":"format-standard","5":"has-post-thumbnail","7":"category-marseille","8":"tag-actu","9":"tag-actualites","10":"tag-benoit-payan","11":"tag-eu","12":"tag-europe","13":"tag-fr","14":"tag-france","15":"tag-les-republicains","16":"tag-marseille","17":"tag-news","18":"tag-palestine","19":"tag-provence-alpes-cote-dazur","20":"tag-republique-francaise","21":"tag-stephane-ravier"},"share_on_mastodon":{"url":"https:\/\/pubeurope.com\/@fr\/114580873775173931","error":""},"_links":{"self":[{"href":"https:\/\/www.europesays.com\/fr\/wp-json\/wp\/v2\/posts\/132241","targetHints":{"allow":["GET"]}}],"collection":[{"href":"https:\/\/www.europesays.com\/fr\/wp-json\/wp\/v2\/posts"}],"about":[{"href":"https:\/\/www.europesays.com\/fr\/wp-json\/wp\/v2\/types\/post"}],"author":[{"embeddable":true,"href":"https:\/\/www.europesays.com\/fr\/wp-json\/wp\/v2\/users\/2"}],"replies":[{"embeddable":true,"href":"https:\/\/www.europesays.com\/fr\/wp-json\/wp\/v2\/comments?post=132241"}],"version-history":[{"count":0,"href":"https:\/\/www.europesays.com\/fr\/wp-json\/wp\/v2\/posts\/132241\/revisions"}],"wp:featuredmedia":[{"embeddable":true,"href":"https:\/\/www.europesays.com\/fr\/wp-json\/wp\/v2\/media\/132242"}],"wp:attachment":[{"href":"https:\/\/www.europesays.com\/fr\/wp-json\/wp\/v2\/media?parent=132241"}],"wp:term":[{"taxonomy":"category","embeddable":true,"href":"https:\/\/www.europesays.com\/fr\/wp-json\/wp\/v2\/categories?post=132241"},{"taxonomy":"post_tag","embeddable":true,"href":"https:\/\/www.europesays.com\/fr\/wp-json\/wp\/v2\/tags?post=132241"}],"curies":[{"name":"wp","href":"https:\/\/api.w.org\/{rel}","templated":true}]}}