{"id":132248,"date":"2025-05-27T17:05:11","date_gmt":"2025-05-27T17:05:11","guid":{"rendered":"https:\/\/www.europesays.com\/fr\/132248\/"},"modified":"2025-05-27T17:05:11","modified_gmt":"2025-05-27T17:05:11","slug":"bison-fute-voit-rouge-comment-eviter-les-bouchons-a-paris-et-en-ile-de-france","status":"publish","type":"post","link":"https:\/\/www.europesays.com\/fr\/132248\/","title":{"rendered":"Bison Fut\u00e9 voit rouge, comment \u00e9viter les bouchons \u00e0 Paris et en \u00cele-de-France"},"content":{"rendered":"<p>            Par<br \/>\n        <strong><br \/>\n            <a href=\"https:\/\/actu.fr\/auteur\/redaction-paris\" title=\"Consulter tous les articles de R\u00e9daction Paris\" target=\"_blank\" rel=\"noopener\">R\u00e9daction Paris<\/a><br \/>\n        <\/strong><\/p>\n<p>        Publi\u00e9 le<\/p>\n<p>            27 mai 2025 \u00e0 18h04        <\/p>\n<p>C\u2019est le retour des jours f\u00e9ri\u00e9s, des ponts et des routes surcharg\u00e9es. Que pr\u00e9voit <a href=\"https:\/\/actu.fr\/tag\/bison-fute\" target=\"_blank\" rel=\"noopener\">Bison Fut\u00e9<\/a> pour le <strong>week-end de l\u2019Ascension<\/strong> sur les routes de Paris et d\u2019\u00cele-de-France\u2009? Une <a href=\"https:\/\/actu.fr\/tag\/circulation\" target=\"_blank\" rel=\"noopener\">circulation<\/a> tr\u00e8s difficile d\u00e8s mercredi 28\u00a0mai 2025.\u00a0Voici tous nos conseils pour \u00e9viter les embouteillages.<\/p>\n<p>Mercredi 28\u00a0mai 2025<\/p>\n<p class=\" wall-content\">Journ\u00e9e class\u00e9e <strong>rouge<\/strong> dans le sens des d\u00e9parts dans toute la France. En \u00cele-de-France, \u00ab\u2009d\u00e8s la fin de la matin\u00e9e, la circulation devrait se densifier en direction des barri\u00e8res de p\u00e9age des autoroutes <a href=\"https:\/\/actu.fr\/tag\/autoroute-10-a10\" target=\"_blank\" rel=\"noopener\">A10<\/a> et <a href=\"https:\/\/actu.fr\/tag\/autoroute-6-a6\" target=\"_blank\" rel=\"noopener\">A6<\/a>. Les autoroutes qui y convergent devraient aussi \u00eatre concern\u00e9es, notamment l\u2019A86 et l\u2019A6b\u2009\u00bb, pr\u00e9voit Bison Fut\u00e9.\u00a0Le trafic ne sera pas plus fluide dans l\u2019apr\u00e8s-midi et les difficult\u00e9s de circulation seront \u00ab\u2009persistantes jusqu\u2019en fin de soir\u00e9e\u2009\u00bb.<\/p>\n<p class=\" wall-content\"><strong>Les conseils de Bison Fut\u00e9<\/strong><\/p>\n<p class=\" wall-content\">Dans le sens des d\u00e9parts\u2009:<\/p>\n<p class=\" wall-content\">\u2013 quittez ou traversez l\u2019\u00cele-de-France avant 10h ou apr\u00e8s minuit,<br \/>\u2013 \u00e9vitez l\u2019autoroute A31, entre Nancy et le Luxembourg, de 16h \u00e0 19h,<br \/>\u2013 \u00e9vitez l\u2019autoroute A13, entre Paris et Caen, de 17h \u00e0 20h,<br \/>\u2013 \u00e9vitez l\u2019autoroute A11, entre Angers et Nantes, de 16h \u00e0 19h,<br \/>\u2013 \u00e9vitez l\u2019autoroute A63, entre Bordeaux et Bayonne, de 16h \u00e0 20h,<br \/>\u2013 \u00e9vitez l\u2019autoroute A7, entre Lyon et Orange, de 16h \u00e0 23h, et entre Salon-de-Provence et Marseille, de 16h \u00e0 20h,<br \/>\u2013 \u00e9vitez l\u2019autoroute A9, entre Orange et Narbonne, de 17h \u00e0 21h,<br \/>\u2013 \u00e9vitez l\u2019autoroute A61 entre Toulouse et Narbonne, de 17h \u00e0 19h,<br \/>\u2013 \u00e9vitez le tunnel du Mont-Blanc (N205), entre la France et l\u2019Italie, de 16h \u00e0 21h.<\/p>\n<p class=\" wall-content\">Dans le sens des retours\u2009:<\/p>\n<p>Vid\u00e9os : en ce moment sur Actu<\/p>\n<p class=\" wall-content\">\u2013 rejoignez ou traversez l\u2019\u00cele-de-France avant 15h ou apr\u00e8s 20h,<br \/>\u2013 \u00e9vitez l\u2019autoroute A22, entre la Belgique et Lille, de 15h \u00e0 18h,<br \/>\u2013 \u00e9vitez l\u2019autoroute A21, entre Douchy-les-Mines et Bully-les-Mines, de 14h \u00e0 19h,<br \/>\u2013 \u00e9vitez l\u2019autoroute A1, entre Lille et Paris, de 15h \u00e0 20h,<br \/>\u2013 \u00e9vitez l\u2019autoroute A50, entre Toulon et Marseille, de 16h \u00e0 19h,<br \/>\u2013 \u00e9vitez l\u2019autoroute A7, entre Marseille et Salon-de-Provence, de 12h \u00e0 19h,<br \/>\u2013 \u00e9vitez l\u2019autoroute A54 et la route nationale N113, entre N\u00eemes et Salon-de-Provence, de 14h \u00e0 20h,<br \/>\u2013 \u00e9vitez l\u2019autoroute A75, entre B\u00e9ziers et Clermont-Ferrand, de 13h \u00e0 18h.<\/p>\n<p>Jeudi 29\u00a0mai 2025<\/p>\n<p class=\" wall-content\">La situation sera meilleure que la veille dans le sens des retours (journ\u00e9e class\u00e9e verte) mais toujours aussi compliqu\u00e9e dans celui des d\u00e9parts (journ\u00e9e class\u00e9e rouge). Pour l\u2019\u00cele-de-France, le trafic sera \u00ab\u2009tr\u00e8s <strong>dense en direction des barri\u00e8res de p\u00e9age<\/strong> des autoroutes A10 et A6, ainsi que sur les autoroutes qui y convergent, notamment l\u2019A86 et l\u2019A6b.\u2009\u00bb Une saturation qui pourrait durer jusqu\u2019en d\u00e9but d\u2019apr\u00e8s-midi.<\/p>\n<p class=\" wall-content\"><strong>Les conseils de Bison Fut\u00e9<\/strong><\/p>\n<p class=\" wall-content\">Dans le sens des d\u00e9parts\u2009:<\/p>\n<p class=\" wall-content\">\u2013 quittez ou traversez l\u2019\u00cele-de-France avant 5h ou apr\u00e8s 16h,<br \/>\u2013 \u00e9vitez l\u2019autoroute A13, entre Paris et Caen, de 10h \u00e0 14h,<br \/>\u2013 \u00e9vitez la route nationale 165, entre Nantes et Quimper, de 10h \u00e0 17h,<br \/>\u2013 \u00e9vitez l\u2019autoroute A10, entre Orl\u00e9ans et Tours, de 11h \u00e0 13h,<br \/>\u2013 \u00e9vitez l\u2019autoroute A7, entre Lyon et Orange, de 11h \u00e0 17h,<br \/>\u2013 \u00e9vitez l\u2019autoroute A9, entre Montpellier et Narbonne, de 12h \u00e0 14h,<br \/>\u2013 \u00e9vitez l\u2019autoroute A61, entre Toulouse et Narbonne, de 11h \u00e0 15h,<br \/>\u2013 \u00e9vitez le tunnel du Mont-Blanc (N205), entre la France et l\u2019Italie, de 7h \u00e0 18h.<\/p>\n<p>Vendredi\u00a030 et samedi 31\u00a0mai 2025<\/p>\n<p class=\" wall-content\">Seule journ\u00e9e fluide de ce week-end de l\u2019Ascension, les deux sens de circulation sont class\u00e9s <strong>verts<\/strong>.<\/p>\n<p>Dimanche 1er\u00a0juin 2025<\/p>\n<p class=\" wall-content\">M\u00eame sc\u00e9nario que celui de mercredi et jeudi mais dans le sens inverse\u2009: les d\u00e9parts sont verts mais la France se divise entre <strong>rouge et noir<\/strong> dans celui des retours. Les autoroutes A10 et A6 seront en proie \u00e0 une horde d\u2019automobiliste d\u00e8s la fin de la matin\u00e9e et jusque tard dans la soir\u00e9e. L\u2019A13 sera elle aussi particuli\u00e8rement fr\u00e9quent\u00e9e d\u00e8s le milieu de la matin\u00e9e.<\/p>\n<p>Les conseils de Bison Fut\u00e9<\/p>\n<p class=\" wall-content\">Dans le sens des d\u00e9parts\u2009:<\/p>\n<p class=\" wall-content\">\u2013 rejoignez ou traversez l\u2019\u00cele-de-France avant 10h ou apr\u00e8s minuit,<br \/>\u2013 \u00e9vitez l\u2019autoroute A25, entre Socx et Lille, de 17h \u00e0 19h,<br \/>\u2013 \u00e9vitez l\u2019autoroute A13, entre Caen et Paris, de 11h \u00e0 16h,<br \/>\u2013 \u00e9vitez l\u2019autoroute A11, entre Angers et Le\u00a0Mans, de 10h \u00e0 19h, et entre Le\u00a0Mans et Paris, de 16h \u00e0 20h,<br \/>\u2013 \u00e9vitez la route nationale 157 et l\u2019autoroute A81, entre Rennes et Le\u00a0Mans, de 15h \u00e0 17h,<br \/>\u2013 \u00e9vitez la route nationale N165, entre Quimper et Nantes, de 15h \u00e0 18h,<br \/>\u2013 \u00e9vitez l\u2019autoroute A10, entre Bordeaux et Tours, de 12h \u00e0 19h, et entre Tours et Orl\u00e9ans, de 18h \u00e0 21h,<br \/>\u2013 \u00e9vitez l\u2019autoroute A9, entre l\u2019Espagne et Narbonne, de 13h \u00e0 17h, et entre Narbonne et Orange, de 13h \u00e0 19h,<br \/>\u2013 \u00e9vitez l\u2019autoroute A7, entre Marseille et Orange, de 10h \u00e0 17h, et entre Orange et Lyon, de 12h \u00e0 19h,<br \/>\u2013 \u00e9vitez l\u2019autoroute A20, entre Brive-La-Gaillarde et Ch\u00e2teauroux, de 15h \u00e0 18h,<br \/>\u2013 \u00e9vitez l\u2019autoroute A61, entre Narbonne et Toulouse, de 15h \u00e0 17h,<br \/>\u2013 \u00e9vitez le tunnel du Mont-Blanc (N205), entre l\u2019Italie et la France, de 10h \u00e0 23h.<\/p>\n<p class=\" wall-content\">Suivez toute l\u2019actualit\u00e9 de vos villes et m\u00e9dias favoris en vous inscrivant \u00e0 <a href=\"https:\/\/moncompte.actu.fr\" title=\"D\u00e9couvez Mon Actu\" rel=\"nofollow noopener\" data-trk=\"{&quot;cta&quot;:{&quot;action&quot;:&quot;https:\\\/\\\/moncompte.actu.fr&quot;,&quot;category&quot;:&quot;mon compte&quot;,&quot;from&quot;:&quot;article footer&quot;,&quot;name&quot;:&quot;Mon actu&quot;,&quot;type&quot;:&quot;cta&quot;}}\" target=\"_blank\">Mon Actu<\/a>.<\/p>\n","protected":false},"excerpt":{"rendered":"Par R\u00e9daction Paris Publi\u00e9 le 27 mai 2025 \u00e0 18h04 C\u2019est le retour des jours f\u00e9ri\u00e9s, des ponts&hellip;\n","protected":false},"author":2,"featured_media":132249,"comment_status":"","ping_status":"","sticky":false,"template":"","format":"standard","meta":{"footnotes":""},"categories":[1592],"tags":[1111,11,2118,6427,3542,1777,674,1011,27,662,12,626,25,104],"class_list":{"0":"post-132248","1":"post","2":"type-post","3":"status-publish","4":"format-standard","5":"has-post-thumbnail","7":"category-ile-de-france","8":"tag-actu","9":"tag-actualites","10":"tag-autoroute-6-a6","11":"tag-bison-fute","12":"tag-circulation","13":"tag-eu","14":"tag-europe","15":"tag-fr","16":"tag-france","17":"tag-ile-de-france","18":"tag-news","19":"tag-paris","20":"tag-republique-francaise","21":"tag-societe"},"share_on_mastodon":{"url":"https:\/\/pubeurope.com\/@fr\/114580889582068350","error":""},"_links":{"self":[{"href":"https:\/\/www.europesays.com\/fr\/wp-json\/wp\/v2\/posts\/132248","targetHints":{"allow":["GET"]}}],"collection":[{"href":"https:\/\/www.europesays.com\/fr\/wp-json\/wp\/v2\/posts"}],"about":[{"href":"https:\/\/www.europesays.com\/fr\/wp-json\/wp\/v2\/types\/post"}],"author":[{"embeddable":true,"href":"https:\/\/www.europesays.com\/fr\/wp-json\/wp\/v2\/users\/2"}],"replies":[{"embeddable":true,"href":"https:\/\/www.europesays.com\/fr\/wp-json\/wp\/v2\/comments?post=132248"}],"version-history":[{"count":0,"href":"https:\/\/www.europesays.com\/fr\/wp-json\/wp\/v2\/posts\/132248\/revisions"}],"wp:featuredmedia":[{"embeddable":true,"href":"https:\/\/www.europesays.com\/fr\/wp-json\/wp\/v2\/media\/132249"}],"wp:attachment":[{"href":"https:\/\/www.europesays.com\/fr\/wp-json\/wp\/v2\/media?parent=132248"}],"wp:term":[{"taxonomy":"category","embeddable":true,"href":"https:\/\/www.europesays.com\/fr\/wp-json\/wp\/v2\/categories?post=132248"},{"taxonomy":"post_tag","embeddable":true,"href":"https:\/\/www.europesays.com\/fr\/wp-json\/wp\/v2\/tags?post=132248"}],"curies":[{"name":"wp","href":"https:\/\/api.w.org\/{rel}","templated":true}]}}