{"id":132253,"date":"2025-05-27T17:08:08","date_gmt":"2025-05-27T17:08:08","guid":{"rendered":"https:\/\/www.europesays.com\/fr\/132253\/"},"modified":"2025-05-27T17:08:08","modified_gmt":"2025-05-27T17:08:08","slug":"lancien-maire-de-paris-jean-tiberi-est-mort","status":"publish","type":"post","link":"https:\/\/www.europesays.com\/fr\/132253\/","title":{"rendered":"L\u2019ancien maire de Paris, Jean Tiberi, est mort"},"content":{"rendered":"<p>Successeur de Jacques Chirac et pr\u00e9d\u00e9cesseur de Bertrand Delano\u00eb, l\u2019ancien maire de Paris, est d\u00e9c\u00e9d\u00e9 ce mardi \u00e0 90\u00a0ans ce mardi. Il fut \u00e9lu du 5e\u00a0arrondissement de la capitale durant un demi-si\u00e8cle.<\/p>\n<p class=\"fig-paragraph\">Lorsque, \u00e0 tout juste 30\u00a0ans, le jeune magistrat fait une entr\u00e9e discr\u00e8te au\u00a0<a href=\"https:\/\/www.lefigaro.fr\/politique\/anne-hidalgo-rattrapee-par-son-deplacement-a-tahiti-au-conseil-de-paris-20231114\" target=\"_blank\" data-fig-type=\"Article\" rel=\"noopener\" data-gtm-custom-categorie=\"navigation\" data-gtm-custom-action=\"crossclick\" data-gtm-custom-label=\"Contextuel\" data-gtm-event=\"customEventSPE\" data-fig-domain=\"LEFIGARO\">Conseil de Paris<\/a>, il ne se doute pas qu\u2019il sera trente ans plus tard le h\u00e9ros malgr\u00e9 lui d\u2019une de ces guerres qui ont scand\u00e9 l\u2019histoire de la droite fran\u00e7aise et qui se conclura par la victoire de la gauche \u00e0 Paris. Si Jean Tiberi acc\u00e9da \u00e0 une notori\u00e9t\u00e9 nationale, c\u2019est en raison de ces ann\u00e9es du cr\u00e9puscule chiraquien dans la capitale. Pourtant, \u00e9lu du 5e\u00a0arrondissement durant un demi-si\u00e8cle (1965-2014), et \u00e0 la t\u00eate de l\u2019H\u00f4tel de Ville durant un mandat (1995-2001), il fut d\u2019abord un amoureux de Paris et l\u2019arch\u00e9type de l\u2019\u00e9lu de terrain connaissant chaque habitant par son nom et attentif \u00e0 chaque m\u00e8tre de trottoir.<\/p>\n<p class=\"fig-paragraph\">D\u2019origine corse, Jean Tiberi est n\u00e9 le 30\u00a0janvier 1935 dans le 5e\u00a0arrondissement dans la m\u00eame clinique que\u00a0<a href=\"http:\/\/www.lefigaro.fr\/politique\/il-y-avait-un-souffle-epique-trente-ans-apres-la-victoire-de-jacques-chirac-le-scenario-fascine-toujours-pour-2027-20250419\" target=\"_blank\" data-fig-type=\"Article\" rel=\"noopener\" data-gtm-custom-categorie=\"navigation\" data-gtm-custom-action=\"crossclick\" data-gtm-custom-label=\"Contextuel\" data-gtm-event=\"customEventSPE\" data-fig-domain=\"LEFIGARO\">Jacques Chirac<\/a>. Magistrat &#8211; il fut substitut \u00e0 Metz et \u00e0 Meaux puis juge \u00e0 Beauvais -, il entre en politique dans le sillage d\u2019un autre juriste, Ren\u00e9 Capitant, chef de file des \u00ab\u00a0gaullistes de gauche\u00a0\u00bb hostiles \u00e0\u00a0<a href=\"http:\/\/www.lefigaro.fr\/vox\/politique\/etats-unis-ve-republique-ecologie-les-lecons-oubliees-de-georges-pompidou-20250321\" target=\"_blank\" data-fig-type=\"Article\" rel=\"noopener\" data-gtm-custom-categorie=\"navigation\" data-gtm-custom-action=\"crossclick\" data-gtm-custom-label=\"Contextuel\" data-gtm-event=\"customEventSPE\" data-fig-domain=\"LEFIGARO\">Pompidou<\/a>. Il entre au Conseil de Paris en 1965, \u00e0 la faveur de la premi\u00e8re des huit \u00e9lections municipales, qu\u2019il remportera toutes, dans le 5e\u00a0arrondissement. Trois ans plus tard, Capitant devenant garde des Sceaux, il reprend son si\u00e8ge de d\u00e9put\u00e9, qu\u2019il conservera quarante-quatre ans durant.<\/p>\n<p class=\"fig-paragraph\">Tiberi c\u2019est le Ve et le Ve, c\u2019est Tiberi. Parmi tous les barons gaullistes parisiens, il est incontestablement celui qui s\u2019identifie le plus \u00e0 son quartier. Avec son \u00e9pouse, Xavi\u00e8re, Corse au franc-parler avec qui il aura deux enfants, H\u00e9l\u00e8ne et Dominique, ils ne manquent aucune f\u00eate d\u2019\u00e9cole et n\u2019\u00e9ludent aucune demande\u00a0; un z\u00e8le d\u2019arrondissementiers sous lequel des adversaires moins actifs virent du client\u00e9lisme. Mais avant que l\u2019ombre des \u00ab\u00a0affaires\u00a0\u00bb plane sur la municipalit\u00e9 parisienne, l\u2019omnipr\u00e9sence et l\u2019engagement total du couple Tiberi sont cit\u00e9s en exemple.<\/p>\n<p class=\"fig-body-link\">\n            \u00c0 lire aussi<br \/>\n        <a class=\"fig-body-link__link fig-premium-mark\" href=\"http:\/\/www.lefigaro.fr\/politique\/aux-invalides-l-hommage-de-la-france-pour-dire-adieu-a-jean-louis-debre-20250310\" target=\"_blank\" data-fig-type=\"Article\" rel=\"noopener\" data-gtm-custom-categorie=\"navigation\" data-gtm-custom-action=\"crossclick\" data-gtm-custom-label=\"Contextuel\" data-gtm-event=\"customEventSPE\" data-fig-domain=\"LEFIGARO\">Aux Invalides, l\u2019hommage de la France pour dire adieu \u00e0 Jean-Louis Debr\u00e9<br \/>\n    <\/a>\n<\/p>\n<p class=\"fig-paragraph\">Aussi, lorsque Jacques Chirac, apr\u00e8s avoir claqu\u00e9 la porte de Matignon et cr\u00e9\u00e9 le RPR, se lance \u00e0 l\u2019assaut de l\u2019H\u00f4tel de Ville, en 1977, il choisit de figurer sur la liste de Tiberi dans le Ve, un gage de tranquillit\u00e9 qui lui permet de faire campagne dans le reste de la capitale.<\/p>\n<p>Fid\u00e8le chiraquien<\/p>\n<p class=\"fig-paragraph\">Pour Chirac, Tiberi devient d\u00e8s lors indispensable. Alors qu\u2019il doit conjuguer gestion municipale et combat national, il sait que la \u00ab\u00a0maison\u00a0\u00bb sera bien tenue par celui qu\u2019il nomme second puis, six ans plus tard, premier adjoint. Quand le patron du\u00a0<a href=\"http:\/\/www.lefigaro.fr\/marseille\/renaud-muselier-fait-renaitre-a-son-tour-le-rpr-avec-des-elus-de-provence-alpes-cote-d-azur-20240214\" target=\"_blank\" data-fig-type=\"NewsFlash\" rel=\"noopener\" data-gtm-custom-categorie=\"navigation\" data-gtm-custom-action=\"crossclick\" data-gtm-custom-label=\"Contextuel\" data-gtm-event=\"customEventSPE\" data-fig-domain=\"LEFIGARO\">RPR<\/a>\u00a0fait des grands choix politiques, son bras droit assure leur pr\u00e9paration technique et veille au suivi de leur mise en \u0153uvre. Quand son agenda ne lui permet pas de r\u00e9pondre \u00e0 toutes les sollicitations, il sait que son adjoint sera toujours l\u00e0 pour le remplacer. Si des jeunes loups envoy\u00e9s \u00e0 la conqu\u00eate d\u2019arrondissements de gauche r\u00f4dent avant tout une carri\u00e8re nationale (Alain Jupp\u00e9 dans le XVIIIe, Jacques Toubon dans le XIIIe, Alain Devaquet dans le XIe), Jean Tiberi, se consacre exclusivement \u00e0 la capitale.<\/p>\n<p class=\"fig-paragraph\">Mais s\u2019il ne veut que Paris, il ne veut pas que Paris lui \u00e9chappe. En mai 1995, comme tous les lieutenants chiraquiens, il se r\u00e9jouit de l\u2019entr\u00e9e \u00e0 l\u2019\u00c9lys\u00e9e de son champion. Mais pour l\u2019H\u00f4tel de Ville, Chirac a d\u2019autres id\u00e9es. Il pense \u00e0 Jupp\u00e9, lequel pr\u00e9f\u00e8re prendre son autonomie \u00e0 Bordeaux. Il envisage la promotion d\u2019\u00c9douard Balladur, en signe de r\u00e9conciliation apr\u00e8s la cassure de la pr\u00e9sidentielle. Il envisage aussi de r\u00e9compenser le fid\u00e8le Toubon.<\/p>\n<p class=\"fig-body-link\">\n            \u00c0 lire aussi<br \/>\n        <a class=\"fig-body-link__link fig-premium-mark\" href=\"http:\/\/www.lefigaro.fr\/actualite-france\/une-armee-de-55-000-personnes-la-mairie-de-paris-emploie-t-elle-plus-d-agents-que-toutes-les-prefectures-de-france-reunies-20241029\" target=\"_blank\" data-fig-type=\"Article\" rel=\"noopener\" data-gtm-custom-categorie=\"navigation\" data-gtm-custom-action=\"crossclick\" data-gtm-custom-label=\"Contextuel\" data-gtm-event=\"customEventSPE\" data-fig-domain=\"LEFIGARO\">\u00abUne arm\u00e9e de 55.000 personnes\u00bb\u00a0: la mairie de Paris emploie-t-elle plus d\u2019agents que toutes les pr\u00e9fectures de France r\u00e9unies\u00a0?<br \/>\n    <\/a>\n<\/p>\n<p class=\"fig-paragraph\">Mais pas question pour Tiberi, apr\u00e8s tant d\u2019ann\u00e9es d\u2019abn\u00e9gation, de se voir doubler par moins d\u00e9vou\u00e9s que lui. Il va jusqu\u2019\u00e0 refuser la Chancellerie pour obtenir le vaste bureau d\u2019angle de l\u2019H\u00f4tel de Ville. Et le 16\u00a0mai 1995, il devient maire de Paris. Son Graal. M\u00eame si les municipales, report\u00e9es au lendemain de la pr\u00e9sidentielle, se traduisent par la perte au profit de la gauche de six arrondissements de l\u2019Est.<\/p>\n<p>Figure de proximit\u00e9<\/p>\n<p class=\"fig-paragraph\">Quelque chose est cass\u00e9 dans la puissante machine RPR de la capitale. Et surtout quelque chose est bris\u00e9 dans la relation personnelle entre Chirac et son successeur, qui sait qu\u2019il n\u2019a pas \u00e9t\u00e9 un premier choix. Cette double victoire, pr\u00e9sidentielle pour Jacques Chirac, municipale pour Jean Tiberi, sonne la fin de l\u2019histoire heureuse des \u00ab\u00a0amis de l\u2019H\u00f4tel de Ville\u00a0\u00bb.<\/p>\n<p class=\"fig-paragraph\">Une page heureuse aurait pu s\u2019ouvrir pour le num\u00e9ro deux devenu num\u00e9ro un. Il aurait aim\u00e9 incarner une figure de proximit\u00e9 apr\u00e8s une figure nationale. \u00catre le maire des Parisiens apr\u00e8s le maire de Paris. L\u2019\u00e9dile s\u2019occupant de la vie quotidienne de ses administr\u00e9s apr\u00e8s le premier magistrat ayant fait de la capitale le marchepied de ses ambitions nationales.<\/p>\n<p class=\"fig-paragraph\">Tiberi aurait pu \u00eatre en 2001 ce que Bertrand Delano\u00eb sera en 2008. D\u2019ailleurs, c\u2019est lui qui, avant ses successeurs socialistes, mettra en place les toutes premi\u00e8res pistes cyclables en cherchant d\u00e9j\u00e0 \u00e0 r\u00e9duire la place de la voiture. C\u2019est lui aussi qui lancera les \u00e9tudes en vue du tramway des boulevards des mar\u00e9chaux.<\/p>\n<p>Carri\u00e8re \u00e9clabouss\u00e9e par des affaires<\/p>\n<p class=\"fig-paragraph\">Mais tr\u00e8s vite, le parfum des \u00ab\u00a0affaires\u00a0\u00bb empoisonne sa mandature. Des travaux dans des logements de la ville attribu\u00e9s \u00e0 ses enfants, l\u2019opacit\u00e9 des proc\u00e9dures des march\u00e9s HLM puis la suspicion d\u2019un syst\u00e8me de \u00ab\u00a0faux \u00e9lecteurs\u00a0\u00bb. Plusieurs dossiers ne visent pas le seul Tiberi mais il devient le symbole de la fin d\u2019un syst\u00e8me.<\/p>\n<p class=\"fig-body-link\">\n            \u00c0 lire aussi<br \/>\n        <a class=\"fig-body-link__link fig-premium-mark\" href=\"http:\/\/www.lefigaro.fr\/actualite-france\/pistes-cyclables-a-paris-les-dix-fautes-de-la-mairie-20240528\" target=\"_blank\" data-fig-type=\"Article\" rel=\"noopener\" data-gtm-custom-categorie=\"navigation\" data-gtm-custom-action=\"crossclick\" data-gtm-custom-label=\"Contextuel\" data-gtm-event=\"customEventSPE\" data-fig-domain=\"LEFIGARO\">Pistes cyclables \u00e0 Paris: les dix fautes de la mairie<br \/>\n    <\/a>\n<\/p>\n<p class=\"fig-paragraph\">En 1999, un \u00ab\u00a0putsch\u00a0\u00bb interne au RPR parisien tente de le faire remplacer par Jacques Toubon. Mais Tiberi s\u2019accroche. Tout comme il refuse aux municipales de c\u00e9der la place \u00e0\u00a0<a href=\"https:\/\/www.lefigaro.fr\/politique\/philippe-seguin-baisse-sa-garde-et-se-fait-surprendre-par-un-francois-mitterrand-affaibli-mais-pas-abattu-20230813\" target=\"_blank\" data-fig-type=\"Article\" rel=\"noopener\" data-gtm-custom-categorie=\"navigation\" data-gtm-custom-action=\"crossclick\" data-gtm-custom-label=\"Contextuel\" data-gtm-event=\"customEventSPE\" data-fig-domain=\"LEFIGARO\">Philippe S\u00e9guin<\/a>, adoub\u00e9 par Chirac et le RPR. Tiberi le loyal est devenu Tiberi le rebelle. Sa r\u00e9sistance surprend mais la droite parisienne paie le prix d\u2019une guerre fratricide d\u2019une rare violence. En 2001, la division de la droite offre les cl\u00e9s de l\u2019H\u00f4tel de Ville au PS.<\/p>\n<p class=\"fig-paragraph\">Coinc\u00e9 entre les trois mandats de Chirac et les quatre de Delano\u00eb-Hidalgo, Tiberi fut un maire \u00e9ph\u00e9m\u00e8re alors qu\u2019il fut un \u00e9lu au long cours. Il aura peut-\u00eatre moins marqu\u00e9 Paris que Paris l\u2019a marqu\u00e9. Mais le Ve gardera le souvenir d\u2019un \u00e9lu de proximit\u00e9 comme peu de villes et peu de quartiers en ont connu.<\/p>\n<p>De nombreuses r\u00e9actions<\/p>\n<p class=\"fig-paragraph\">\u00abJ\u2019apprends avec beaucoup de tristesse la disparition de Jean Tiberi qui fut quatre mandats durant le maire engag\u00e9 du 5e arrondissement. \u00c0 son \u00e9pouse et ses enfants, j\u2019exprime mes condol\u00e9ances les plus sinc\u00e8res\u00bb, \u00e9crit sur Facebook la maire du 5e arrondissement Florence Berthout.<\/p>\n<p class=\"fig-paragraph\">\u00abParis, sa ville, lui rendra hommage\u00bb, a annonc\u00e9 la maire socialiste Anne Hidalgo. \u00abJe veux saluer la m\u00e9moire de cet homme qui a consacr\u00e9 une part immense de sa vie \u00e0 Paris et au 5e arrondissement, qui perd l\u2019un des siens. Je garderai le souvenir d\u2019un homme chaleureux, avec qui j\u2019avais tiss\u00e9 des relations cordiales et respectueuses.\u00bb, a-t-elle dit dans un message transmis \u00e0 l\u2019AFP. \u00abEn sa m\u00e9moire, les drapeaux de tous les \u00e9quipements municipaux seront mis en berne et des registres seront ouverts \u00e0 l\u2019H\u00f4tel de Ville, au 29 rue de Rivoli, pour permettre aux Parisiennes et aux Parisiens de t\u00e9moigner de leur affection\u00bb, a-t-elle pr\u00e9cis\u00e9.<\/p>\n<p class=\"fig-paragraph\">Rachida Dati, ministre de la Culture et maire du 7e arrondissement, a \u00e9galement r\u00e9agi en publiant sur X ce message\u00a0: \u00abC\u2019est avec une profonde \u00e9motion que j\u2019ai appris la disparition de Jean Tiberi. Parisien du 5 arrondissement qu\u2019il affectionnait tant, il a su porter haut les couleurs de la capitale, comme 1 adjoint de Jacques Chirac, d\u00e9put\u00e9, ministre et surtout comme Maire de Paris. Son souci constant de pr\u00e9server la beaut\u00e9 de Paris ou encore le lancement du premier plan v\u00e9lo, resteront un h\u00e9ritage pr\u00e9cieux pour tous les Parisiens. En ces moments que je sais douloureux, j\u2019adresse \u00e0 sa famille et \u00e0 ses proches mes pens\u00e9es les plus sinc\u00e8res.<\/p>\n<p class=\"fig-paragraph\">Renaud Muselier a, lui aussi, r\u00e9agi au d\u00e9c\u00e8s de Jean Tiberi\u00a0: \u00abC\u2019est avec tristesse que nous apprenons le d\u00e9c\u00e8s de ce grand homme politique, aim\u00e9 et respect\u00e9 de tous les Parisiens. Au nom de la R\u00e9gion Sud, j\u2019adresse mes pens\u00e9es \u00e0 sa famille et ses proches\u00bb.\u00a0<\/p>\n","protected":false},"excerpt":{"rendered":"Successeur de Jacques Chirac et pr\u00e9d\u00e9cesseur de Bertrand Delano\u00eb, l\u2019ancien maire de Paris, est d\u00e9c\u00e9d\u00e9 ce mardi \u00e0&hellip;\n","protected":false},"author":2,"featured_media":132254,"comment_status":"","ping_status":"","sticky":false,"template":"","format":"standard","meta":{"footnotes":""},"categories":[1888],"tags":[1111,1928,11,1927,426,427,3983,422,423,1777,674,1011,27,418,424,425,420,421,2381,12,1926,419,626,1925,316,429,25,428],"class_list":{"0":"post-132253","1":"post","2":"type-post","3":"status-publish","4":"format-standard","5":"has-post-thumbnail","7":"category-paris","8":"tag-actu","9":"tag-actu-paris","10":"tag-actualites","11":"tag-actualites-paris","12":"tag-candidat","13":"tag-candidats","14":"tag-deces","15":"tag-depute","16":"tag-deputes","17":"tag-eu","18":"tag-europe","19":"tag-fr","20":"tag-france","21":"tag-gouvernement","22":"tag-institution","23":"tag-institutions","24":"tag-loi","25":"tag-lois","26":"tag-mairie-de-paris","27":"tag-news","28":"tag-news-paris","29":"tag-opposition","30":"tag-paris","31":"tag-paris-news","32":"tag-politique","33":"tag-ps","34":"tag-republique-francaise","35":"tag-ump"},"share_on_mastodon":{"url":"https:\/\/pubeurope.com\/@fr\/114580901347805933","error":""},"_links":{"self":[{"href":"https:\/\/www.europesays.com\/fr\/wp-json\/wp\/v2\/posts\/132253","targetHints":{"allow":["GET"]}}],"collection":[{"href":"https:\/\/www.europesays.com\/fr\/wp-json\/wp\/v2\/posts"}],"about":[{"href":"https:\/\/www.europesays.com\/fr\/wp-json\/wp\/v2\/types\/post"}],"author":[{"embeddable":true,"href":"https:\/\/www.europesays.com\/fr\/wp-json\/wp\/v2\/users\/2"}],"replies":[{"embeddable":true,"href":"https:\/\/www.europesays.com\/fr\/wp-json\/wp\/v2\/comments?post=132253"}],"version-history":[{"count":0,"href":"https:\/\/www.europesays.com\/fr\/wp-json\/wp\/v2\/posts\/132253\/revisions"}],"wp:featuredmedia":[{"embeddable":true,"href":"https:\/\/www.europesays.com\/fr\/wp-json\/wp\/v2\/media\/132254"}],"wp:attachment":[{"href":"https:\/\/www.europesays.com\/fr\/wp-json\/wp\/v2\/media?parent=132253"}],"wp:term":[{"taxonomy":"category","embeddable":true,"href":"https:\/\/www.europesays.com\/fr\/wp-json\/wp\/v2\/categories?post=132253"},{"taxonomy":"post_tag","embeddable":true,"href":"https:\/\/www.europesays.com\/fr\/wp-json\/wp\/v2\/tags?post=132253"}],"curies":[{"name":"wp","href":"https:\/\/api.w.org\/{rel}","templated":true}]}}