{"id":13226,"date":"2025-04-09T17:57:21","date_gmt":"2025-04-09T17:57:21","guid":{"rendered":"https:\/\/www.europesays.com\/fr\/13226\/"},"modified":"2025-04-09T17:57:21","modified_gmt":"2025-04-09T17:57:21","slug":"dans-quels-scenarios-bordeaux-accueillerait-les-demi-finales-de-la-champions-cup","status":"publish","type":"post","link":"https:\/\/www.europesays.com\/fr\/13226\/","title":{"rendered":"dans quels sc\u00e9narios Bordeaux accueillerait les demi-finales de la Champions Cup\u00a0?"},"content":{"rendered":"<p>            Par<br \/>\n        <strong><br \/>\n            <a href=\"https:\/\/actu.fr\/auteur\/redaction-bordeaux\" title=\"Consulter tous les articles de R\u00e9daction Bordeaux\" target=\"_blank\" rel=\"noopener\">R\u00e9daction Bordeaux<\/a><br \/>\n        <\/strong><\/p>\n<p>        Publi\u00e9 le<\/p>\n<p>            8 avr. 2025 \u00e0 18h12        <\/p>\n<p>Quatre stades ont \u00e9t\u00e9 pr\u00e9selectionn\u00e9s pour accueillir les demi-finales <strong>de la Champions Cup de rugby,<\/strong> a d\u00e9voil\u00e9 ce mardi 8 avril l\u2019European Professional Club Rugby (ECPR). Le <a href=\"https:\/\/actu.fr\/tag\/matmut-atlantique\" target=\"_blank\" rel=\"noopener\">Matmut Atlantique de Bordeaux<\/a> a de nombreuses chances d\u2019accueillir un match. On vous explique dans quels cas.<\/p>\n<p class=\" wall-content\">On conna\u00eetra les <strong>affiches des demi-finales <\/strong>\u00e0 l\u2019issue des quarts de ce week-end. Mais aussi le stade o\u00f9 elles se d\u00e9rouleront le week-end des 2, 3 et 4 mai 2025.<\/p>\n<p>Qui aura l\u2019avantage du territoire ?<\/p>\n<p class=\" wall-content\">Le <strong>Matmut Atlantique<\/strong> de Bordeaux (42 100 places), le Matmut Stadium de Gerland \u00e0 Lyon (35 000 places), le Stadium Milton Keynes (30 500 places) et l\u2019Aviva Stadium \u00e0 Dublin (51 700 places) ont \u00e9t\u00e9 pr\u00e9s\u00e9lectionn\u00e9s.<\/p>\n<p class=\" wall-content\">Pour d\u00e9terminer les stades qui accueilleront les chocs, la r\u00e8gle est claire : \u00ab\u00a0Les clubs qui ont obtenu le <strong>meilleur classement<\/strong> pendant la phase de poules du tournoi auront l\u2019avantage du territoire\u00a0\u00bb.<\/p>\n<p class=\" wall-content\">Le Matmut Atlantique accueillera les demi-finales dans les<strong>\u00a0sc\u00e9narios<\/strong> suivants :\u00a0<\/p>\n<p>Vid\u00e9os : en ce moment sur Actu<\/p>\n<ul class=\" wall-content\">\n<li>Si <strong>l\u2019UBB<\/strong> <strong>se qualifie<\/strong> ce samedi face \u00e0 Munster, les Bordelais joueront leur prochain match contre Toulon ou Toulouse au Matmut Atlantique,<\/li>\n<li>Si Munster l\u2019emporte, ils joueront face aux <strong>Toulousains<\/strong> au Matmut Atlantique. Face \u00e0 Toulon, le match aura lieu au Matmut de <a href=\"https:\/\/actu.fr\/lyon\/\" target=\"_blank\" rel=\"noopener\">Lyon,<\/a>\u00a0<\/li>\n<li>Si les Glasgow Warriors se qualifient en demi-finales, ils joueront leur match face \u00e0 <strong>Castres Olympique<\/strong> au Matmut Atlantique. En revanche, si les Warriors affrontent les Northampton Saints, ils joueront au Stadium MK, \u00e0 Milton Keynes.<\/li>\n<\/ul>\n<p class=\" wall-content\">Par ailleurs, si le <strong>Leinster<\/strong> l\u2019emporte face \u00e0 Glasgow, il jouera contre les Northampton Saints ou Castres \u00e0 l\u2019Aviva de Dublin.\u00a0<\/p>\n<p class=\" wall-content\">\u00ab\u00a0Les dates et horaires des demi-finales seront annonc\u00e9s <strong>d\u00e8s que possible<\/strong> apr\u00e8s les quarts de finale\u00a0\u00bb, pr\u00e9cise l\u2019European Professional Club Rugby (ECPR). On sait d\u00e9j\u00e0 que la finale, quant \u00e0 elle, aura lieu le <strong>samedi 24 mai<\/strong> au Principality Stadium de Cardiff.<\/p>\n<p class=\" wall-content\">Suivez toute l\u2019actualit\u00e9 de vos villes et m\u00e9dias favoris en vous inscrivant \u00e0 <a href=\"https:\/\/moncompte.actu.fr\" title=\"D\u00e9couvez Mon Actu\" rel=\"nofollow noopener\" data-trk=\"{&quot;cta&quot;:{&quot;action&quot;:&quot;https:\\\/\\\/moncompte.actu.fr&quot;,&quot;category&quot;:&quot;mon compte&quot;,&quot;from&quot;:&quot;article footer&quot;,&quot;name&quot;:&quot;Mon actu&quot;,&quot;type&quot;:&quot;cta&quot;}}\" target=\"_blank\">Mon Actu<\/a>.<\/p>\n<ul class=\"ac-article-tag wall-content\">\n<li><a href=\"https:\/\/actu.fr\/tag\/matmut-atlantique\" data-trk=\"{&quot;cta&quot;:{&quot;action&quot;:&quot;Matmut Atlantique&quot;,&quot;category&quot;:&quot;tag&quot;,&quot;from&quot;:&quot;article footer&quot;,&quot;name&quot;:&quot;Matmut Atlantique&quot;,&quot;type&quot;:&quot;cta&quot;}}\" target=\"_blank\" rel=\"noopener\">#Matmut Atlantique<\/a><\/li>\n<li><a href=\"https:\/\/actu.fr\/tag\/usb-union-bordeaux-begles\" data-trk=\"{&quot;cta&quot;:{&quot;action&quot;:&quot;UBB Union Bordeaux B\\u00e8gles&quot;,&quot;category&quot;:&quot;tag&quot;,&quot;from&quot;:&quot;article footer&quot;,&quot;name&quot;:&quot;UBB Union Bordeaux B\\u00e8gles&quot;,&quot;type&quot;:&quot;cta&quot;}}\" target=\"_blank\" rel=\"noopener\">#UBB Union Bordeaux B\u00e8gles<\/a><\/li>\n<\/ul>\n","protected":false},"excerpt":{"rendered":"Par R\u00e9daction Bordeaux Publi\u00e9 le 8 avr. 2025 \u00e0 18h12 Quatre stades ont \u00e9t\u00e9 pr\u00e9selectionn\u00e9s pour accueillir les&hellip;\n","protected":false},"author":2,"featured_media":13227,"comment_status":"","ping_status":"","sticky":false,"template":"","format":"standard","meta":{"footnotes":""},"categories":[2817],"tags":[1111,11,1997,1777,674,1011,27,5977,12,2219,25,479,60,4435],"class_list":{"0":"post-13226","1":"post","2":"type-post","3":"status-publish","4":"format-standard","5":"has-post-thumbnail","7":"category-bordeaux","8":"tag-actu","9":"tag-actualites","10":"tag-bordeaux","11":"tag-eu","12":"tag-europe","13":"tag-fr","14":"tag-france","15":"tag-matmut-atlantique","16":"tag-news","17":"tag-nouvelle-aquitaine","18":"tag-republique-francaise","19":"tag-rugby","20":"tag-sports","21":"tag-ubb-union-bordeaux-begles"},"share_on_mastodon":{"url":"https:\/\/pubeurope.com\/@fr\/114309303647946512","error":""},"_links":{"self":[{"href":"https:\/\/www.europesays.com\/fr\/wp-json\/wp\/v2\/posts\/13226","targetHints":{"allow":["GET"]}}],"collection":[{"href":"https:\/\/www.europesays.com\/fr\/wp-json\/wp\/v2\/posts"}],"about":[{"href":"https:\/\/www.europesays.com\/fr\/wp-json\/wp\/v2\/types\/post"}],"author":[{"embeddable":true,"href":"https:\/\/www.europesays.com\/fr\/wp-json\/wp\/v2\/users\/2"}],"replies":[{"embeddable":true,"href":"https:\/\/www.europesays.com\/fr\/wp-json\/wp\/v2\/comments?post=13226"}],"version-history":[{"count":0,"href":"https:\/\/www.europesays.com\/fr\/wp-json\/wp\/v2\/posts\/13226\/revisions"}],"wp:featuredmedia":[{"embeddable":true,"href":"https:\/\/www.europesays.com\/fr\/wp-json\/wp\/v2\/media\/13227"}],"wp:attachment":[{"href":"https:\/\/www.europesays.com\/fr\/wp-json\/wp\/v2\/media?parent=13226"}],"wp:term":[{"taxonomy":"category","embeddable":true,"href":"https:\/\/www.europesays.com\/fr\/wp-json\/wp\/v2\/categories?post=13226"},{"taxonomy":"post_tag","embeddable":true,"href":"https:\/\/www.europesays.com\/fr\/wp-json\/wp\/v2\/tags?post=13226"}],"curies":[{"name":"wp","href":"https:\/\/api.w.org\/{rel}","templated":true}]}}