{"id":132265,"date":"2025-05-27T17:14:13","date_gmt":"2025-05-27T17:14:13","guid":{"rendered":"https:\/\/www.europesays.com\/fr\/132265\/"},"modified":"2025-05-27T17:14:13","modified_gmt":"2025-05-27T17:14:13","slug":"la-france-lobbying-des-europeens-royaume-uni-pour-reconnaitre-letat-palestinien","status":"publish","type":"post","link":"https:\/\/www.europesays.com\/fr\/132265\/","title":{"rendered":"La France lobbying des Europ\u00e9ens, Royaume-Uni pour reconna\u00eetre l&rsquo;\u00c9tat palestinien"},"content":{"rendered":"<p>PARIS \u2013 La France a pouss\u00e9 les pays europ\u00e9ens, notamment le Royaume-Uni, les Pays-Bas et la Belgique \u00e0 reconna\u00eetre conjointement l\u2019\u00c9tat de Palestine lors d\u2019une conf\u00e9rence des Nations Unies le mois prochain.<\/p>\n<p>Le pr\u00e9sident fran\u00e7ais Emmanuel Macron avait esp\u00e9r\u00e9 utiliser l\u2019\u00e9v\u00e9nement pour relancer les pourparlers de paix entre Isra\u00ebl et les Palestiniens en demandant \u00e0 plusieurs \u00c9tats europ\u00e9ens de reconna\u00eetre officiellement l\u2019\u00c9tat palestinien et certains \u00c9tats du Moyen-Orient reconnaissent officiellement Isra\u00ebl.<\/p>\n<p>\u00ab\u00a0La solution \u00e0 deux \u00c9tats est plus n\u00e9cessaire que jamais, mais elle a \u00e9t\u00e9 plus min\u00e9e que jamais en raison de la guerre, du d\u00e9placement (des Palestiniens) et de la violence des colons extr\u00e9mistes\u00a0\u00bb, a d\u00e9clar\u00e9 un diplomate fran\u00e7ais qui, comme d\u2019autres cit\u00e9s dans cette pi\u00e8ce, a obtenu l\u2019anonymat pour des raisons de protocole.<\/p>\n<p>Mais avec la catastrophe humanitaire \u00e0 Gaza caus\u00e9e par la campagne de bombardement d\u2019Isra\u00ebl et son blocus de trois mois restreignant gravement l\u2019acc\u00e8s \u00e0 la nourriture, \u00e0 l\u2019eau et aux m\u00e9dicaments pour les civils, Paris a \u00e9t\u00e9 contraint de r\u00e9trograder les attentes de la conf\u00e9rence, elle co-associe avec l\u2019Arabie saoudite.<\/p>\n<p>\u00ab\u00a0Les nations arabes, ils veulent des sanctions et non pas un \u00c9tat\u00a0\u00bb, a d\u00e9clar\u00e9 un diplomate europ\u00e9en.<\/p>\n<p>Le porte-parole du Premier ministre britannique Keir Starmer a d\u00e9clar\u00e9 la semaine derni\u00e8re que le Royaume-Uni \u00e9tait pr\u00eat \u00e0 travailler avec des alli\u00e9s et des pays de la r\u00e9gion pour \u00abfaire ce que nous pouvons pour soutenir les fondations de l\u2019\u00c9tat palestinien\u00bb.<\/p>\n<p>La France et le Royaume-Uni seraient les premi\u00e8res nations du G7 \u00e0 reconna\u00eetre l\u2019\u00c9tat de Palestine, une demande de plusieurs d\u00e9cennies des Palestiniens. Isra\u00ebl a critiqu\u00e9 \u00e0 plusieurs reprises les efforts diplomatiques fran\u00e7ais, faisant valoir qu\u2019ils l\u00e9gitiment le groupe militant du Hamas et r\u00e9compensent efficacement le groupe pour l\u2019attaque terroriste d\u2019octobre 2023. Le gouvernement isra\u00e9lien est susceptible de dire la m\u00eame chose \u00e0 propos de la reconnaissance palestinienne de Paris et de Londres.<\/p>\n<p>Plus de 140 \u00c9tats membres de l\u2019ONU reconnaissent l\u2019\u00c9tat de Palestine, l\u2019Espagne, l\u2019Irlande et la Norv\u00e8ge rejoignant les rangs l\u2019ann\u00e9e derni\u00e8re. De nombreux pays nord-africains et du Moyen-Orient ne reconnaissent pas Isra\u00ebl.<\/p>\n<p>Pendant des ann\u00e9es, les responsables fran\u00e7ais ont d\u00e9clar\u00e9 que Paris \u00e9tait au bord de la reconnaissance de l\u2019\u00c9tat palestinien, mais que nous avertissait toujours que cela ne ferait cette d\u00e9cision que si elle faisait avancer le processus de paix. <\/p>\n<p>En avril, Macron a d\u00e9clar\u00e9 que le temps \u00e9tait venu \u00ab\u00e9voluer vers la reconnaissance\u00bb et participer \u00e0 un processus collectif dans lequel Isra\u00ebl et un \u00c9tat palestinien ont \u00e9t\u00e9 reconnus.<\/p>\n<p>Mais cela ne s\u2019est jamais produit.<\/p>\n<p>Maintenant, avec la crise humanitaire dans la bande de Gaza, reconnaissant officiellement un \u00c9tat palestinien ressemblerait davantage \u00e0 une r\u00e9primande, par opposition \u00e0 marcher vers la paix, a expliqu\u00e9 Michel Duclos, ancien ambassadeur de la Syrie et coll\u00e8gue \u00e0 l\u2019Institut Montaigne.<\/p>\n<p><img loading=\"lazy\" decoding=\"async\" width=\"1024\" height=\"685\" src=\"data:image\/svg+xml,%3Csvg%20xmlns=\" http:=\"\" alt=\"\" class=\"wp-image-6669435\" data-lazy-src=\"https:\/\/www.europesays.com\/fr\/wp-content\/uploads\/2025\/05\/La-France-lobbying-des-Europeens-Royaume-Uni-pour-reconnaitre-lEtat-palestinien.jpg\"\/>Plus de 140 \u00c9tats membres de l\u2019ONU reconnaissent l\u2019\u00c9tat de Palestine, l\u2019Espagne, l\u2019Irlande et la Norv\u00e8ge rejoignant les rangs l\u2019ann\u00e9e derni\u00e8re. | Chalinee thirasupa \/ epa-efe<\/p>\n<p>\u00ab\u00a0Cela constituerait une condamnation d\u2019Isra\u00ebl\u00a0\u00bb, a-t-il d\u00e9clar\u00e9.<\/p>\n<p>Cependant, Duclos a d\u00e9clar\u00e9 que la reconnaissance europ\u00e9enne des territoires palestiniens pourrait \u00abencourager les nations arabes \u00e0 d\u00e9finir leurs conditions pour normaliser les relations avec Isra\u00ebl\u00bb. Le diplomate fran\u00e7ais cit\u00e9 ci-dessus a d\u00e9clar\u00e9 que la France esp\u00e9rait que les \u00c9tats du Moyen-Orient prendraient toujours des \u00abmesures\u00bb vers la normalisation lors de la conf\u00e9rence, qui devrait se d\u00e9rouler du 17 au 20 juin \u00e0 New York. <\/p>\n<p>En fin de compte, l\u2019arr\u00eat de la violence dans la bande de Gaza et, dans une moindre mesure, la Cisjordanie, d\u00e9pend de ce que les \u00c9tats-Unis, alli\u00e9 le plus proche d\u2019Isra\u00ebl et le plus grand bailleur de fonds militaire, d\u00e9cide de faire. Et tandis que les responsables europ\u00e9ens notent un changement dans l\u2019attitude du pr\u00e9sident am\u00e9ricain Donald Trump envers le Premier ministre isra\u00e9lien Benjamin Netanyahu, il y a encore peu de signe \u00e0 Washington est pr\u00eat \u00e0 reconna\u00eetre un \u00c9tat palestinien.<\/p>\n<p>\u00ab\u00a0Tout cela peut \u00eatre un Squib humide\u00a0\u00bb, a d\u00e9clar\u00e9 le responsable europ\u00e9en.<\/p>\n<p>  (Tagstotranslate) Banques <\/p>\n","protected":false},"excerpt":{"rendered":"PARIS \u2013 La France a pouss\u00e9 les pays europ\u00e9ens, notamment le Royaume-Uni, les Pays-Bas et la Belgique \u00e0&hellip;\n","protected":false},"author":2,"featured_media":132266,"comment_status":"","ping_status":"","sticky":false,"template":"","format":"standard","meta":{"footnotes":""},"categories":[1588],"tags":[11,828,25694,4858,4303,1777,674,27,1146,516,664,9934,11514,16292,3579,3257,12,25695,3518,473,1853,7185,25696,1851,1850,1852],"class_list":{"0":"post-132265","1":"post","2":"type-post","3":"status-publish","4":"format-standard","5":"has-post-thumbnail","7":"category-royaume-uni","8":"tag-actualites","9":"tag-belgique","10":"tag-crisis","11":"tag-eau","12":"tag-egypte","13":"tag-eu","14":"tag-europe","15":"tag-france","16":"tag-guerre","17":"tag-irlande","18":"tag-israel","19":"tag-lobbying","20":"tag-macron","21":"tag-medicaments","22":"tag-militaire","23":"tag-moyen-orient","24":"tag-news","25":"tag-norway","26":"tag-palestine","27":"tag-royaume-uni","28":"tag-royaume-uni-de-grande-bretagne-et-dirlande-du-nord","29":"tag-sanctions","30":"tag-saoud-pays-bas-t-royaume-uni-t-etats-unis-t-benjamin-netanyahu-t-donald-trump-t-emmanuel-macron","31":"tag-uk","32":"tag-united-kingdom","33":"tag-united-kingdom-of-great-britain-and-northern-ireland"},"share_on_mastodon":{"url":"https:\/\/pubeurope.com\/@fr\/114580925013511161","error":""},"_links":{"self":[{"href":"https:\/\/www.europesays.com\/fr\/wp-json\/wp\/v2\/posts\/132265","targetHints":{"allow":["GET"]}}],"collection":[{"href":"https:\/\/www.europesays.com\/fr\/wp-json\/wp\/v2\/posts"}],"about":[{"href":"https:\/\/www.europesays.com\/fr\/wp-json\/wp\/v2\/types\/post"}],"author":[{"embeddable":true,"href":"https:\/\/www.europesays.com\/fr\/wp-json\/wp\/v2\/users\/2"}],"replies":[{"embeddable":true,"href":"https:\/\/www.europesays.com\/fr\/wp-json\/wp\/v2\/comments?post=132265"}],"version-history":[{"count":0,"href":"https:\/\/www.europesays.com\/fr\/wp-json\/wp\/v2\/posts\/132265\/revisions"}],"wp:featuredmedia":[{"embeddable":true,"href":"https:\/\/www.europesays.com\/fr\/wp-json\/wp\/v2\/media\/132266"}],"wp:attachment":[{"href":"https:\/\/www.europesays.com\/fr\/wp-json\/wp\/v2\/media?parent=132265"}],"wp:term":[{"taxonomy":"category","embeddable":true,"href":"https:\/\/www.europesays.com\/fr\/wp-json\/wp\/v2\/categories?post=132265"},{"taxonomy":"post_tag","embeddable":true,"href":"https:\/\/www.europesays.com\/fr\/wp-json\/wp\/v2\/tags?post=132265"}],"curies":[{"name":"wp","href":"https:\/\/api.w.org\/{rel}","templated":true}]}}