{"id":132267,"date":"2025-05-27T17:15:10","date_gmt":"2025-05-27T17:15:10","guid":{"rendered":"https:\/\/www.europesays.com\/fr\/132267\/"},"modified":"2025-05-27T17:15:10","modified_gmt":"2025-05-27T17:15:10","slug":"air-liquide-acquisition-de-deux-societes-en-allemagne-27-05-2025-a-1837","status":"publish","type":"post","link":"https:\/\/www.europesays.com\/fr\/132267\/","title":{"rendered":"Air Liquide: acquisition de deux soci\u00e9t\u00e9s en Allemagne &#8211; 27\/05\/2025 \u00e0 18:37"},"content":{"rendered":"<p>                                                                (CercleFinance.com) &#8211;<br \/>\n<a href=\"https:\/\/www.boursorama.com\/cours\/1rPAI\/\" rel=\"nofollow noopener\" target=\"_blank\"><br \/>\n Air Liquide<br \/>\n<\/a><br \/>\nannonce ce soir l&rsquo;acquisition de intensivLeben et AP-Sachsen, deux soci\u00e9t\u00e9s de soins r\u00e9sidentiels en Allemagne.<\/p>\n<p>Avec cette op\u00e9ration, le Groupe \u00e9largit sa pr\u00e9sence sur le march\u00e9 des lieux de vie m\u00e9dicalis\u00e9s. Air Liquide accompagne plus de 220 000 patients en Allemagne et 2,1 millions de personnes \u00e0 domicile vivant avec une maladie chronique dans le monde.\n<\/p>\n<p>Les deux soci\u00e9t\u00e9s acquises op\u00e8rent dans la r\u00e9gion de Saxe, l&rsquo;une des r\u00e9gions les plus dens\u00e9ment peupl\u00e9es de l&rsquo;Est de l&rsquo;Allemagne, pr\u00e9cise le groupe.\n<\/p>\n<p>Air Liquide est pr\u00e9sent dans l&rsquo;activit\u00e9 Sant\u00e9 \u00e0 domicile en Allemagne depuis 25 ans et a r\u00e9ussi \u00e0 devenir l&rsquo;un des acteurs majeurs du secteur des lieux de vies m\u00e9dicalis\u00e9s, avec 20 centres \u00e0 travers l&rsquo;Allemagne.\n<\/p>\n<p>Diana Schillag, membre du Comit\u00e9 Ex\u00e9cutif d&rsquo;Air Liquide supervisant la Sant\u00e9, a d\u00e9clar\u00e9 : \u0093Au regard de la demande croissante en soins m\u00e9dicaux \u00e0 domicile li\u00e9e \u00e0 l&rsquo;\u00e9volution d\u00e9mographique, les lieux de vie m\u00e9dicalis\u00e9s jouent un r\u00f4le essentiel pour les syst\u00e8mes de sant\u00e9.&rsquo;<\/p>\n","protected":false},"excerpt":{"rendered":"(CercleFinance.com) &#8211; Air Liquide annonce ce soir l&rsquo;acquisition de intensivLeben et AP-Sachsen, deux soci\u00e9t\u00e9s de soins r\u00e9sidentiels en&hellip;\n","protected":false},"author":2,"featured_media":132268,"comment_status":"","ping_status":"","sticky":false,"template":"","format":"standard","meta":{"footnotes":""},"categories":[1587],"tags":[400,11,672,398,408,1804,405,1805,1803,1777,674,1801,403,402,399,404,12,1802,401,406,407],"class_list":{"0":"post-132267","1":"post","2":"type-post","3":"status-publish","4":"format-standard","5":"has-post-thumbnail","7":"category-allemagne","8":"tag-action-cac-40","9":"tag-actualites","10":"tag-allemagne","11":"tag-bourse-de-paris","12":"tag-boursorama","13":"tag-bundesrepublik-deutschland","14":"tag-cotations","15":"tag-de","16":"tag-deutschland","17":"tag-eu","18":"tag-europe","19":"tag-germany","20":"tag-indices-devises","21":"tag-investir","22":"tag-investissement","23":"tag-marche-boursier","24":"tag-news","25":"tag-republique-federale-dallemagne","26":"tag-sicav","27":"tag-trackers","28":"tag-warrants"},"share_on_mastodon":{"url":"https:\/\/pubeurope.com\/@fr\/114580928825381844","error":""},"_links":{"self":[{"href":"https:\/\/www.europesays.com\/fr\/wp-json\/wp\/v2\/posts\/132267","targetHints":{"allow":["GET"]}}],"collection":[{"href":"https:\/\/www.europesays.com\/fr\/wp-json\/wp\/v2\/posts"}],"about":[{"href":"https:\/\/www.europesays.com\/fr\/wp-json\/wp\/v2\/types\/post"}],"author":[{"embeddable":true,"href":"https:\/\/www.europesays.com\/fr\/wp-json\/wp\/v2\/users\/2"}],"replies":[{"embeddable":true,"href":"https:\/\/www.europesays.com\/fr\/wp-json\/wp\/v2\/comments?post=132267"}],"version-history":[{"count":0,"href":"https:\/\/www.europesays.com\/fr\/wp-json\/wp\/v2\/posts\/132267\/revisions"}],"wp:featuredmedia":[{"embeddable":true,"href":"https:\/\/www.europesays.com\/fr\/wp-json\/wp\/v2\/media\/132268"}],"wp:attachment":[{"href":"https:\/\/www.europesays.com\/fr\/wp-json\/wp\/v2\/media?parent=132267"}],"wp:term":[{"taxonomy":"category","embeddable":true,"href":"https:\/\/www.europesays.com\/fr\/wp-json\/wp\/v2\/categories?post=132267"},{"taxonomy":"post_tag","embeddable":true,"href":"https:\/\/www.europesays.com\/fr\/wp-json\/wp\/v2\/tags?post=132267"}],"curies":[{"name":"wp","href":"https:\/\/api.w.org\/{rel}","templated":true}]}}