{"id":132269,"date":"2025-05-27T17:16:09","date_gmt":"2025-05-27T17:16:09","guid":{"rendered":"https:\/\/www.europesays.com\/fr\/132269\/"},"modified":"2025-05-27T17:16:09","modified_gmt":"2025-05-27T17:16:09","slug":"leurope-finit-dans-le-vert-avec-le-repit-dans-la-guerre-commerciale","status":"publish","type":"post","link":"https:\/\/www.europesays.com\/fr\/132269\/","title":{"rendered":"L&rsquo;Europe finit dans le vert avec le r\u00e9pit dans la guerre commerciale"},"content":{"rendered":"<p>(Reuters) &#8211;     Les Bourses europ\u00e9ennes ont termin\u00e9 en hausse mardi, b\u00e9n\u00e9ficiant du soulagement g\u00e9n\u00e9r\u00e9 par la d\u00e9cision du pr\u00e9sident am\u00e9ricain Donald Trump d&rsquo;attendre le 9 juillet pour permettre des n\u00e9gociations avec l&rsquo;Union europ\u00e9enne (UE) sur les droits de douane. <\/p>\n<p>\u00c0 Paris, o\u00f9 les gains se sont toutefois estomp\u00e9s en fin de s\u00e9ance, le CAC 40 a fini sur une note stable (-0,02%) \u00e0 7.826,79 points. \u00c0 Francfort, le Dax a pris 0,96% et \u00e0 Londres, le FTSE 100 a progress\u00e9 de 0,69%.<\/p>\n<p>L&rsquo;indice EuroStoxx 50 a pris 0,55%, le FTSEurofirst 300 0,33% et le Stoxx 600 0,45%.<\/p>\n<p>L&rsquo;apaisement des tensions commerciales entre les \u00c9tats-Unis et Bruxelles a conduit mardi \u00e0 une deuxi\u00e8me s\u00e9ance cons\u00e9cutive de gains pour les Bourses europ\u00e9nnes, qui saluent le recul du pr\u00e9sident am\u00e9ricain sur sa menace d&rsquo;imposer des droits de douane de 50% \u00e0 l&rsquo;UE \u00e0 partir du 1er juin et le r\u00e9tablissement de la date limite du 9 juillet pour donner une chance aux n\u00e9gociations.<\/p>\n<p>La Commission europ\u00e9enne, qui se pr\u00e9pare aux pourparlers, a demand\u00e9 \u00e0 des grandes entreprises europ\u00e9ennes et \u00e0 des dirigeants de soci\u00e9t\u00e9s de d\u00e9tailler leurs projets d&rsquo;investissement aux \u00c9tats-Unis, selon deux sources famili\u00e8res avec le sujet. <\/p>\n<p>Le locataire de la Maison blanche a pour sa part d\u00e9clar\u00e9 mardi qu&rsquo;il esp\u00e9rait que l&rsquo;UE \u00ab\u00a0s&rsquo;ouvrirait\u00a0\u00bb au commerce avec les \u00c9tats-Unis, bien qu&rsquo;il ait r\u00e9it\u00e9r\u00e9 sa menace d&rsquo;imposer des surtaxes de mani\u00e8re unilat\u00e9rale si un accord n&rsquo;\u00e9tait pas conclu. <\/p>\n<p>L&rsquo;apaisement des tensions dans l&rsquo;obligataire a \u00e9galement contribu\u00e9 \u00e0 stimuler les actions, alors que le rendement des obligations du Tr\u00e9sor am\u00e9ricain \u00e0 30 ans s&rsquo;\u00e9tait r\u00e9cemment envol\u00e9 en raison des craintes concernant la dette des Etats-Unis, qui pourrait encore gonfler avec le projet de loi sur les r\u00e9ductions d&rsquo;imp\u00f4ts actuellement examin\u00e9 par le Congr\u00e8s.<\/p>\n<p>Sur le front macro\u00e9conomique, les investisseurs ont appris mardi que l&rsquo;inflation en France \u00e9tait tomb\u00e9e en mai \u00e0 son plus bas niveau depuis d\u00e9cembre 2020, un signe \u00ab\u00a0tr\u00e8s encourageant de la d\u00e9sinflation en action\u00a0\u00bb, selon le gouverneur de la Banque de France, Fran\u00e7ois Villeroy de Galhau, qui a par ailleurs dit que la normalisation de la politique mon\u00e9taire de la Banque centrale europ\u00e9enne (BCE) n&rsquo;\u00e9tait \u00ab\u00a0sans doute pas \u00e0 son terme\u00a0\u00bb. <\/p>\n<p>Les march\u00e9s \u00e9valuent \u00e0 90% les chances d&rsquo;une r\u00e9duction de 25 points de base des taux de la BCE lors de sa r\u00e9union de la semaine prochaine.  <\/p>\n<p>VALEURS <\/p>\n<p>\u00c0 Paris, Elis a pris 2%, le sp\u00e9cialiste des services de nettoyage pr\u00e9voyant une croissance annuelle de son chiffre d&rsquo;affaires et une am\u00e9lioration progressive de sa marge d&rsquo;Ebitda.<\/p>\n<p>Ailleurs en Europe, l&rsquo;action Telecom Italia a recul\u00e9 de 2,1% apr\u00e8s une d\u00e9cision de la justice italienne de retarder le remboursement de 1 milliard d&rsquo;euros de redevances au groupe de t\u00e9l\u00e9comunications. <\/p>\n<p>Le secteur europ\u00e9en de la d\u00e9fense a pris 1,6%, aid\u00e9 par le contexte d&rsquo;escalade des tensions entre la Russie et l&rsquo;Ukraine et le feu vert de Bruxelles \u00e0 la cr\u00e9ation d&rsquo;un programme d&rsquo;achats communs en mati\u00e8re de d\u00e9fense de 150 milliards d&rsquo;euros. <\/p>\n<p>A WALL STREET <\/p>\n<p>Wall Street \u00e9volue en nette hausse \u00e0 son retour du week-end prolong\u00e9 du Memorial Day, les indices soutenus comme en Europe par la tr\u00eave commerciale: le Dow Jones avance de 1,34%, le Standard &amp; Poor&rsquo;s 500 de 1,67% et le Nasdaq Composite de 2,07%.<\/p>\n<p>LES INDICATEURS DU JOUR <\/p>\n<p>En Allemagne, le moral des consommateurs devrait encore s&rsquo;am\u00e9liorer \u00e0 l&rsquo;approche du mois de juin, mais la prudence des m\u00e9nages quant \u00e0 leurs d\u00e9penses reste un obstacle \u00e0 une reprise plus solide de la premi\u00e8re \u00e9conomie d&rsquo;Europe, a montr\u00e9 une enqu\u00eate publi\u00e9e mardi.<\/p>\n<p>L&rsquo;\u00e9conomie allemande reste en effet confront\u00e9e \u00e0 des difficult\u00e9s et devrait se contracter en 2025 pour la troisi\u00e8me ann\u00e9e cons\u00e9cutive, de 0,3%, a estim\u00e9 mardi la f\u00e9d\u00e9ration allemande des chambres de commerce et d&rsquo;industrie (DIHK).<\/p>\n<p>CHANGES<\/p>\n<p>Sur les march\u00e9s des devises, le dollar se redresse mardi, soutenu par la d\u00e9cision de Donald Trump de repousser l&rsquo;\u00e9ch\u00e9ance des droits de douane \u00e0 l&rsquo;encontre de l&rsquo;UE. <\/p>\n<p>Le billet vert gagne 0,38% face \u00e0 un panier de devises de r\u00e9f\u00e9rence, tandis que l&rsquo;euro perd 0,43% \u00e0 1,1338 dollar.<\/p>\n<p>TAUX<\/p>\n<p>Les rendements obligataires \u00e0 long terme ont recul\u00e9 mardi dans la zone euro avec les donn\u00e9es encourageantes sur l&rsquo;inflation fran\u00e7aise et alors que les inqui\u00e9tudes concernant l&rsquo;impact des droits de douane am\u00e9ricains restent de mise.<\/p>\n<p>Le rendement du Bund allemand \u00e0 dix ans a recul\u00e9 2,7 points de base \u00e0 2,5340%. Celui de l&rsquo;obligation \u00e0 deux ans a fini stable \u00e0 1,7910%.<\/p>\n<p>Aux Etats-Unis, le rendement des Treasuries \u00e0 30 ans recule de plus de 8 points de base \u00e0 4,9562%, un mouvement qui refl\u00e8te la baisse des rendements souverains japonais \u00e0 long terme, Reuters ayant rapport\u00e9 mardi que le minist\u00e8re nippon des Finances pourrait r\u00e9duire l&rsquo;\u00e9mission de ces obligations.<\/p>\n<p>Le rendement de l&rsquo;obligation am\u00e9ricaine \u00e0 dix ans perd pour sa part 6 points de base \u00e0 4,4515%.<\/p>\n<p>Le d\u00e9partement du Tr\u00e9sor vendra 69 milliards de dollars d&rsquo;obligations \u00e0 deux ans ce mardi, puis 70 milliards de dollars et 44 milliards de dollars d&rsquo;obligations \u00e0 cinq et sept ans mercredi et jeudi.<\/p>\n<p>\u00ab\u00a0Nous allons surveiller chaque vente aux ench\u00e8res comme un \u00e9v\u00e9nement \u00e0 risque (&#8230;) surtout s&rsquo;il y a un manque de liquidit\u00e9 ou si les acheteurs ne se pr\u00e9sentent pas\u00a0\u00bb, a d\u00e9clar\u00e9 Subadra Rajappa, responsable de la strat\u00e9gie des taux am\u00e9ricains chez Soci\u00e9t\u00e9 G\u00e9n\u00e9rale. <\/p>\n<p>P\u00c9TROLE<\/p>\n<p>Les prix du p\u00e9trole reculent en raison des inqui\u00e9tudes concernant une surabondance de l&rsquo;offre apr\u00e8s que les d\u00e9l\u00e9gations iranienne et am\u00e9ricaine ont progress\u00e9 dans leurs discussions et alors que l&rsquo;Opep+ pourrait d\u00e9cider d&rsquo;augmenter la production lors d&rsquo;une r\u00e9union plus tard dans la semaine.<\/p>\n<p>Le Brent perd 1,79% \u00e0 63,58 dollars le baril et le brut l\u00e9ger am\u00e9ricain (West Texas Intermediate, WTI) c\u00e8de 1,89% \u00e0 60,37 dollars.<\/p>\n<p>(Certaines donn\u00e9es peuvent accuser un l\u00e9ger d\u00e9calage)<\/p>\n<p> (R\u00e9dig\u00e9 par Diana Mandi\u00e1, \u00e9dit\u00e9 par Kate Entringer)<\/p>\n","protected":false},"excerpt":{"rendered":"(Reuters) &#8211; Les Bourses europ\u00e9ennes ont termin\u00e9 en hausse mardi, b\u00e9n\u00e9ficiant du soulagement g\u00e9n\u00e9r\u00e9 par la d\u00e9cision du&hellip;\n","protected":false},"author":2,"featured_media":98888,"comment_status":"","ping_status":"","sticky":false,"template":"","format":"standard","meta":{"footnotes":""},"categories":[1586],"tags":[11,2125,1777,674,1011,27,2124,12,25],"class_list":{"0":"post-132269","1":"post","2":"type-post","3":"status-publish","4":"format-standard","5":"has-post-thumbnail","7":"category-europe","8":"tag-actualites","9":"tag-depeches-reuters","10":"tag-eu","11":"tag-europe","12":"tag-fr","13":"tag-france","14":"tag-infos-reuters","15":"tag-news","16":"tag-republique-francaise"},"share_on_mastodon":{"url":"https:\/\/pubeurope.com\/@fr\/114580932800295973","error":""},"_links":{"self":[{"href":"https:\/\/www.europesays.com\/fr\/wp-json\/wp\/v2\/posts\/132269","targetHints":{"allow":["GET"]}}],"collection":[{"href":"https:\/\/www.europesays.com\/fr\/wp-json\/wp\/v2\/posts"}],"about":[{"href":"https:\/\/www.europesays.com\/fr\/wp-json\/wp\/v2\/types\/post"}],"author":[{"embeddable":true,"href":"https:\/\/www.europesays.com\/fr\/wp-json\/wp\/v2\/users\/2"}],"replies":[{"embeddable":true,"href":"https:\/\/www.europesays.com\/fr\/wp-json\/wp\/v2\/comments?post=132269"}],"version-history":[{"count":0,"href":"https:\/\/www.europesays.com\/fr\/wp-json\/wp\/v2\/posts\/132269\/revisions"}],"wp:featuredmedia":[{"embeddable":true,"href":"https:\/\/www.europesays.com\/fr\/wp-json\/wp\/v2\/media\/98888"}],"wp:attachment":[{"href":"https:\/\/www.europesays.com\/fr\/wp-json\/wp\/v2\/media?parent=132269"}],"wp:term":[{"taxonomy":"category","embeddable":true,"href":"https:\/\/www.europesays.com\/fr\/wp-json\/wp\/v2\/categories?post=132269"},{"taxonomy":"post_tag","embeddable":true,"href":"https:\/\/www.europesays.com\/fr\/wp-json\/wp\/v2\/tags?post=132269"}],"curies":[{"name":"wp","href":"https:\/\/api.w.org\/{rel}","templated":true}]}}