{"id":132272,"date":"2025-05-27T17:18:08","date_gmt":"2025-05-27T17:18:08","guid":{"rendered":"https:\/\/www.europesays.com\/fr\/132272\/"},"modified":"2025-05-27T17:18:08","modified_gmt":"2025-05-27T17:18:08","slug":"le-tribunal-de-nanterre-se-declare-incompetent-liberation","status":"publish","type":"post","link":"https:\/\/www.europesays.com\/fr\/132272\/","title":{"rendered":"le tribunal de Nanterre se d\u00e9clare incomp\u00e9tent \u2013 Lib\u00e9ration"},"content":{"rendered":"<p class=\"sc-ksZaOG ehjQrN text-element\">Ce n\u2019est peut-\u00eatre qu\u2019un r\u00e9pit, mais la pression qui retombe d\u2019un coup \u00e0 15 heures fait s\u2019\u00e9trangler la voix de Bastien Viv\u00e8s \u00e0 la sortie de la salle d\u2019audience. \u00abOui, je suis quand m\u00eame soulag\u00e9, je n\u2019avais rien \u00e0 faire ici.\u00bb Ici, c\u2019est-\u00e0-dire \u00e0 Nanterre, dans la 20e chambre correctionnelle d\u00e9volue aux violences sur mineurs. Or, demandait ce matin <a href=\"https:\/\/www.liberation.fr\/portraits\/richard-malka-ni-dieu-mi-maitre-20250115_3VPLGGEXGZC2FDJPYVRMRU25R4\/\" target=\"_blank\" rel=\"noreferrer noopener\" title=\"https:\/\/www.liberation.fr\/portraits\/richard-malka-ni-dieu-mi-maitre-20250115_3VPLGGEXGZC2FDJPYVRMRU25R4\/\">Me Richard Malka<\/a>, avocat <a href=\"https:\/\/www.liberation.fr\/culture\/bande-dessinee-protection-des-enfants-contre-liberte-de-la-creation-la-justice-se-penche-sur-le-cas-vives-20250526_OGA3ZMN6IVAZPFZQEYO6UAU4KE\/\" target=\"_blank\" rel=\"noreferrer noopener\" title=\"https:\/\/www.liberation.fr\/culture\/bande-dessinee-protection-des-enfants-contre-liberte-de-la-creation-la-justice-se-penche-sur-le-cas-vives-20250526_OGA3ZMN6IVAZPFZQEYO6UAU4KE\/\">du dessinateur de 41 ans et des \u00e9ditions Gl\u00e9nat<\/a> accus\u00e9s par plusieurs associations d\u2019avoir r\u00e9alis\u00e9 et diffus\u00e9 des dessins \u00e0 caract\u00e8re pornographique de mineurs : \u00abQu\u2019est-ce qu\u2019on fait \u00e0 Nanterre ?\u00bb Aucun des pr\u00e9venus n\u2019a de lien avec les Hauts-de-Seine, si ? Apr\u00e8s deux ans et demi de proc\u00e9dure, le tribunal judiciaire de Nanterre vient donc de constater que\u2026 non, en effet, aucun lien. Un \u00abgag\u00bb, entend-on chuchoter.<\/p>\n<p class=\"sc-ksZaOG ehjQrN text-element\">A l\u2019issue d\u2019une matin\u00e9e de confrontations essentiellement centr\u00e9es sur des questions techniques de droit proc\u00e9dural, les magistrats ont fait droit aux demandes de nullit\u00e9 expos\u00e9es par les avocats de la d\u00e9fense. Le tribunal s\u2019est finalement d\u00e9clar\u00e9 incomp\u00e9tent (sur un plan territorial) \u00e0 juger des \u0153uvres du dessinateur mis en cause pour \u00abfixation d\u2019images ou de repr\u00e9sentations p\u00e9dopornographiques\u00bb. La pr\u00e9sidente, C\u00e9line Ballerini, a \u00e9galement appel\u00e9 le parquet \u00ab\u00e0 mieux se pourvoir\u00bb, avant de lever l\u2019audience. Pour l\u2019heure, selon les mots de Me Malka : \u00abIl n\u2019y a donc plus de proc\u00e8s Viv\u00e8s.\u00bb Les pr\u00e9venus risquaient jusqu\u2019\u00e0 cinq ans d\u2019emprisonnement et 75 000 euros d\u2019amende.<\/p>\n<p class=\"sc-ksZaOG ehjQrN text-element\">Fin du d\u00e9bat ? Les parties civiles, quatre associations de protection de l\u2019enfance (Face \u00e0 l\u2019inceste, Innocence en danger, Fondation pour l\u2019enfance, l\u2019Enfant Bleu), retournaient le soufflet aux d\u00e9fenseurs de la libert\u00e9 d\u2019expression : \u00abLa d\u00e9fense a-t-elle si peur des d\u00e9bats ?\u00bb Les questions sont pourtant passionnantes, embrayaient-elles : \u00abDans quelle mesure peut-on proportionner la libert\u00e9 d\u2019expression quand d\u2019autres libert\u00e9s [comme la protection de l\u2019enfance, ndlr] sont en jeu ?\u00bb interroge Me C\u00e9line Astolfe, conseil de la Fondation pour l\u2019enfance. Parmi les t\u00e9moins de l\u2019accusation, l\u2019historien de l\u2019art Andr\u00e9 Gunthert \u00e9tait venu en parler, ainsi que V\u00e9ronique B\u00e9chu de la Brigade des mineurs. Me Malka aurait \u00e9t\u00e9 ravi de \u00abd\u00e9battre\u00bb avec tout ce monde de l\u2019\u00e9thique des repr\u00e9sentations artistiques \u00abautour d\u2019une table. Vraiment, on n\u2019attendait que \u00e7a. Mais au lieu de d\u00e9battre, vous avez port\u00e9 plainte\u00bb.<\/p>\n<p class=\"sc-ksZaOG ehjQrN text-element\">A la sortie, Bastien Viv\u00e8s insistait : lui aussi, bien s\u00fbr, trouve tr\u00e8s int\u00e9ressante la question de la repr\u00e9sentation des tabous et des limites \u00e0 la libert\u00e9 de cr\u00e9ation. Pour sa part, la seule limite qu\u2019il se donne, c\u2019est \u00abl\u2019incitation et l\u2019apologie. Or, ce n\u2019est pas du tout ce que je fais dans mes \u0153uvres\u00bb. Partant pour le d\u00e9bat, donc. Mais s\u2019il doit avoir lieu \u00e0 nouveau dans l\u2019enclos judiciaire, commente-t-il, l\u2019auteur souhaite qu\u2019il puisse se tenir dans une chambre p\u00e9nale ad\u00e9quate.<\/p>\n<p class=\"sc-ksZaOG ehjQrN text-element\">Bastien Viv\u00e8s, les \u00e9ditions Gl\u00e9nat et les Requins Marteaux comparaissaient en effet devant la chambre correctionnelle d\u00e9volue aux violences sur mineurs, et non dans la 17e \u00e0 Paris, par exemple, d\u00e9volue \u00e0 la presse et aux \u0153uvres. Une premi\u00e8re dans l\u2019histoire pour un artiste, insistait Me Malka, et une d\u00e9cision \u00ablunaire\u00bb : celle-ci revenait \u00e0 consid\u00e9rer un auteur de fiction comme un possible d\u00e9linquant sexuel, alors qu\u2019aucun fait ne l\u2019en rendait soup\u00e7onnable.<\/p>\n<p class=\"sc-ksZaOG ehjQrN text-element\">Cette juridiction \u00e9tait donc moins \u00e0 l\u2019avantage de l\u2019accus\u00e9, convenait aupr\u00e8s de Lib\u00e9 Me Delphine Girard, avocate de l\u2019ONG Innocence en danger, partie civile dans le dossier. Mais l\u2019accusation ne laissera pas dire pour autant \u00abqu\u2019on a choisi notre juge, avec lequel on serait connivent\u00bb. A pr\u00e9sent, seul le parquet de Nanterre peut d\u00e9cider de la suite de la proc\u00e9dure : classer le dossier ou saisir une autre juridiction. L\u2019\u00e9p\u00e9e de Damocl\u00e8s flottera donc encore quelque temps au-dessus de la t\u00eate des accus\u00e9s. \u00abMais de toute fa\u00e7on, avec cette affaire, j\u2019en ai pour toute la vie, d\u00e9clare devant nous Bastien Viv\u00e8s dans un sourire amer. Donc autant attendre un an ou deux de plus et \u00eatre jug\u00e9 dans de meilleures conditions. Aussi pour les autres auteurs qui seront attaqu\u00e9s.\u00bb<\/p>\n<p class=\"sc-ksZaOG ehjQrN text-element\"><b>Mise \u00e0 jour<\/b> \u00e0 18 h 41 avec des informations suppl\u00e9mentaires.<\/p>\n","protected":false},"excerpt":{"rendered":"Ce n\u2019est peut-\u00eatre qu\u2019un r\u00e9pit, mais la pression qui retombe d\u2019un coup \u00e0 15 heures fait s\u2019\u00e9trangler la&hellip;\n","protected":false},"author":2,"featured_media":132273,"comment_status":"","ping_status":"","sticky":false,"template":"","format":"standard","meta":{"footnotes":""},"categories":[2],"tags":[11,13152,1011,27,12,626,874,25],"class_list":{"0":"post-132272","1":"post","2":"type-post","3":"status-publish","4":"format-standard","5":"has-post-thumbnail","7":"category-actualites","8":"tag-actualites","9":"tag-angouleme","10":"tag-fr","11":"tag-france","12":"tag-news","13":"tag-paris","14":"tag-pedophilie","15":"tag-republique-francaise"},"share_on_mastodon":{"url":"https:\/\/pubeurope.com\/@fr\/114580940663947290","error":""},"_links":{"self":[{"href":"https:\/\/www.europesays.com\/fr\/wp-json\/wp\/v2\/posts\/132272","targetHints":{"allow":["GET"]}}],"collection":[{"href":"https:\/\/www.europesays.com\/fr\/wp-json\/wp\/v2\/posts"}],"about":[{"href":"https:\/\/www.europesays.com\/fr\/wp-json\/wp\/v2\/types\/post"}],"author":[{"embeddable":true,"href":"https:\/\/www.europesays.com\/fr\/wp-json\/wp\/v2\/users\/2"}],"replies":[{"embeddable":true,"href":"https:\/\/www.europesays.com\/fr\/wp-json\/wp\/v2\/comments?post=132272"}],"version-history":[{"count":0,"href":"https:\/\/www.europesays.com\/fr\/wp-json\/wp\/v2\/posts\/132272\/revisions"}],"wp:featuredmedia":[{"embeddable":true,"href":"https:\/\/www.europesays.com\/fr\/wp-json\/wp\/v2\/media\/132273"}],"wp:attachment":[{"href":"https:\/\/www.europesays.com\/fr\/wp-json\/wp\/v2\/media?parent=132272"}],"wp:term":[{"taxonomy":"category","embeddable":true,"href":"https:\/\/www.europesays.com\/fr\/wp-json\/wp\/v2\/categories?post=132272"},{"taxonomy":"post_tag","embeddable":true,"href":"https:\/\/www.europesays.com\/fr\/wp-json\/wp\/v2\/tags?post=132272"}],"curies":[{"name":"wp","href":"https:\/\/api.w.org\/{rel}","templated":true}]}}