{"id":132280,"date":"2025-05-27T17:22:15","date_gmt":"2025-05-27T17:22:15","guid":{"rendered":"https:\/\/www.europesays.com\/fr\/132280\/"},"modified":"2025-05-27T17:22:15","modified_gmt":"2025-05-27T17:22:15","slug":"un-quebecois-realise-un-reve-a-70-ans-en-participant-au-plus-gros-tournoi-de-volleyball-en-amerique-du-nord","status":"publish","type":"post","link":"https:\/\/www.europesays.com\/fr\/132280\/","title":{"rendered":"Un Qu\u00e9b\u00e9cois r\u00e9alise un r\u00eave \u00e0 70 ans en participant au plus gros tournoi de volleyball en Am\u00e9rique du Nord"},"content":{"rendered":"<p><strong>\u00c0 70 ans, Gilles L\u00e9pine a v\u00e9cu l\u2019excitation d\u2019un gamin dans un magasin de jouets en participant au plus gros tournoi de volleyball int\u00e9rieur en Am\u00e9rique du Nord.<\/strong><\/p>\n<p>L\u2019US Open disput\u00e9 au Centre des congr\u00e8s de Denver la fin de semaine derni\u00e8re comptait 53 terrains et 578 \u00e9quipes s\u2019\u00e9taient donn\u00e9 rendez-vous \u00e0 cet \u00e9v\u00e9nement annuel qui se prom\u00e8ne un peu partout aux \u00c9tats-Unis. L\u00e9pine et ses co\u00e9quipiers \u00e9voluaient dans la cat\u00e9gorie des 70 ans et plus.<\/p>\n<p>                <a class=\"fancybox\" rel=\"group nofollow noopener\" href=\"https:\/\/m1.quebecormedia.com\/emp\/emp\/1425c030-3a6d-11f0-800c-fd5f99b7c140_ORIGINAL.jpg?impolicy=crop-resize&amp;x=0&amp;y=0&amp;w=1200&amp;h=961&amp;width=1400\" target=\"_blank\"><\/p>\n<p>                  <img decoding=\"async\"  src=\"https:\/\/www.europesays.com\/fr\/wp-content\/uploads\/2025\/05\/1425c030-3a6d-11f0-800c-fd5f99b7c140_ORIGINAL.jpg\" class=\"story-img\" alt=\"Un Qu\u00e9b\u00e9cois r\u00e9alise un r\u00eave \u00e0 70 ans en participant au plus gros tournoi de volleyball en Am\u00e9rique du Nord\"\/><br \/>\n                <\/a><\/p>\n<p>                    fournie par Gilles L\u00e9pine<\/p>\n<p>\u00abJe voulais le voir comme organisateur et le jouer une fois dans ma vie, a racont\u00e9 L\u00e9pine, lundi, avant de prendre son vol de retour. \u00c7a n\u2019avait pas de sens comment j\u2019\u00e9tais excit\u00e9. J\u2019ai r\u00e9alis\u00e9 un r\u00eave que je ne pensais plus possible. C\u2019\u00e9tait compl\u00e8tement inesp\u00e9r\u00e9 de disputer un tournoi de ce niveau \u00e0 mon \u00e2ge. C\u2019est certainement un de mes plus beaux moments.\u00bb<\/p>\n<p>L\u00e9pine a \u00e9t\u00e9 souffl\u00e9 par l\u2019atmosph\u00e8re. \u00abC\u2019\u00e9tait une grande, grande f\u00eate du volleyball. J\u2019\u00e9tais comme un enfant dans un magasin de bonbons. L\u2019organisation de tout \u00e7a \u00e9tait ph\u00e9nom\u00e9nale. Et comme joueur, j\u2019en ai eu plein la face.\u00bb<\/p>\n<p>  <strong>Il retrouve ses idoles<\/strong><\/p>\n<p>\u00c0 Denver, L\u00e9pine a \u00e9volu\u00e9 avec certains des meilleurs joueurs de l\u2019histoire canadienne et un coll\u00e8gue qu\u2019il n\u2019avait pas vu depuis 49 ans et qui agissait comme entra\u00eeneur.<\/p>\n<p>\u00abGarth Pischke et Gregory Russell \u00e9taient pratiquement des idoles pour moi. Ils ont tous les deux particip\u00e9 aux Jeux olympiques de Montr\u00e9al en 1976 et Pischke \u00e9tait aussi \u00e0 Los Angeles en 1984 quand le Canada a obtenu le meilleur r\u00e9sultat de son histoire en terminant au quatri\u00e8me rang. Pendant ses meilleures ann\u00e9es, il \u00e9tait parmi les dix meilleurs joueurs au monde.\u00bb<\/p>\n<p>\u00abQuant \u00e0 John Neilson, j\u2019avais travaill\u00e9 avec lui aux Jeux olympiques de Montr\u00e9al et je ne l\u2019avais pas revu, de poursuivre L\u00e9pine. Nous avions mont\u00e9 le filet pour la finale olympique entre l\u2019URSS et la Pologne dans un Forum rempli. \u00c0 Denver, nous \u00e9tions cochambreurs.\u00bb<\/p>\n<p>  <strong>Victoire contre les Am\u00e9ricains en finale<\/strong><\/p>\n<p>C\u2019est Pischke qui a convaincu L\u00e9pine de se joindre \u00e0 l\u2019\u00e9quipe canadienne. \u00abAu d\u00e9part, je ne voulais pas y aller, mais Garth m\u2019a persuad\u00e9 en me disant que nous allions battre les Am\u00e9ricains. C\u2019est ce qui est arriv\u00e9. C\u2019\u00e9tait bien le fun de battre les Am\u00e9ricains. On a battu une \u00e9quipe de la Californie en finale, une \u00e9quipe qui voyage partout dans le monde appuy\u00e9e par un millionnaire. On a perdu un seul set dans tout le tournoi.\u00bb<\/p>\n<p>Pr\u00e8s de 50 ans plus tard, L\u00e9pine a r\u00e9alis\u00e9 son r\u00eave de porter le maillot du Canada. \u00abRetenu parmi les espoirs dans mission 1976, je n\u2019avais pas \u00e9t\u00e9 choisi pour les Jeux et cela avait \u00e9t\u00e9 une grande frustration \u00e0 l\u2019\u00e9poque. J\u2019\u00e9tais le king au Qu\u00e9bec, mais je ne parlais pas anglais. Apr\u00e8s toutes ces ann\u00e9es, j\u2019ai finalement fait l\u2019\u00e9quipe canadienne.\u00bb<\/p>\n<p>\u00abFrustr\u00e9 sur le coup, \u00e7a fait longtemps que je n\u2019ai plus d\u2019amertume, d\u2019ajouter L\u00e9pine, qui a \u00e9t\u00e9 initi\u00e9 au volleyball par ses s\u0153urs \u00e0 l\u2019\u00e2ge de 15 ans. Le volleyball a \u00e9t\u00e9 bon pour moi et m\u2019a permis de voyager partout dans le monde.\u00bb<\/p>\n<p>De retour \u00e0 Qu\u00e9bec, L\u00e9pine replongera rapidement dans l\u2019organisation de la Ligue des nations qui se d\u00e9roulera au Centre Vid\u00e9otron du 11 au 15 juin. La billetterie ne d\u00e9rougit pas et le pr\u00e9sident du comit\u00e9 organisateur anticipe une foule de 12 000 spectateurs pour le match du 14 juin entre le Canada et la France, double championne olympique.<\/p>\n","protected":false},"excerpt":{"rendered":"\u00c0 70 ans, Gilles L\u00e9pine a v\u00e9cu l\u2019excitation d\u2019un gamin dans un magasin de jouets en participant au&hellip;\n","protected":false},"author":2,"featured_media":132281,"comment_status":"","ping_status":"","sticky":false,"template":"","format":"standard","meta":{"footnotes":""},"categories":[1417],"tags":[1011,27,60,1470,1469],"class_list":{"0":"post-132280","1":"post","2":"type-post","3":"status-publish","4":"format-standard","5":"has-post-thumbnail","7":"category-volley","8":"tag-fr","9":"tag-france","10":"tag-sports","11":"tag-volley","12":"tag-volleyball"},"share_on_mastodon":{"url":"https:\/\/pubeurope.com\/@fr\/114580956838633314","error":""},"_links":{"self":[{"href":"https:\/\/www.europesays.com\/fr\/wp-json\/wp\/v2\/posts\/132280","targetHints":{"allow":["GET"]}}],"collection":[{"href":"https:\/\/www.europesays.com\/fr\/wp-json\/wp\/v2\/posts"}],"about":[{"href":"https:\/\/www.europesays.com\/fr\/wp-json\/wp\/v2\/types\/post"}],"author":[{"embeddable":true,"href":"https:\/\/www.europesays.com\/fr\/wp-json\/wp\/v2\/users\/2"}],"replies":[{"embeddable":true,"href":"https:\/\/www.europesays.com\/fr\/wp-json\/wp\/v2\/comments?post=132280"}],"version-history":[{"count":0,"href":"https:\/\/www.europesays.com\/fr\/wp-json\/wp\/v2\/posts\/132280\/revisions"}],"wp:featuredmedia":[{"embeddable":true,"href":"https:\/\/www.europesays.com\/fr\/wp-json\/wp\/v2\/media\/132281"}],"wp:attachment":[{"href":"https:\/\/www.europesays.com\/fr\/wp-json\/wp\/v2\/media?parent=132280"}],"wp:term":[{"taxonomy":"category","embeddable":true,"href":"https:\/\/www.europesays.com\/fr\/wp-json\/wp\/v2\/categories?post=132280"},{"taxonomy":"post_tag","embeddable":true,"href":"https:\/\/www.europesays.com\/fr\/wp-json\/wp\/v2\/tags?post=132280"}],"curies":[{"name":"wp","href":"https:\/\/api.w.org\/{rel}","templated":true}]}}