{"id":132286,"date":"2025-05-27T17:25:09","date_gmt":"2025-05-27T17:25:09","guid":{"rendered":"https:\/\/www.europesays.com\/fr\/132286\/"},"modified":"2025-05-27T17:25:09","modified_gmt":"2025-05-27T17:25:09","slug":"le-maintien-de-fougeres-en-n1-mis-en-delibere-par-la-federation","status":"publish","type":"post","link":"https:\/\/www.europesays.com\/fr\/132286\/","title":{"rendered":"le maintien de Foug\u00e8res en N1 mis en d\u00e9lib\u00e9r\u00e9 par la f\u00e9d\u00e9ration"},"content":{"rendered":"<p>            Par<br \/>\n        <strong><br \/>\n            <a href=\"https:\/\/actu.fr\/auteur\/benoit-fouque\" title=\"Consulter tous les articles de Benoit Fouque\" target=\"_blank\" rel=\"noopener\">Benoit Fouque<\/a><br \/>\n        <\/strong><\/p>\n<p>        Publi\u00e9 le<\/p>\n<p>            27 mai 2025 \u00e0 18h39        <\/p>\n<p>Apr\u00e8s avoir auditionn\u00e9 les cinquante clubs engag\u00e9s dans les championnats La Boulang\u00e8re Wonderligue \/ LF2 \/ NM1 2024\/25, la\u00a0<b>commission de contr\u00f4le de gestion<\/b> (CCG) de la f\u00e9d\u00e9ration fran\u00e7aise de <a href=\"https:\/\/actu.fr\/sports\/basket\" target=\"_blank\" rel=\"noopener\">basket-ball<\/a> a adopt\u00e9 plusieurs d\u00e9cisions.<\/p>\n<p class=\" wall-content\">La CCG a mis sa d\u00e9cision en d\u00e9lib\u00e9r\u00e9 pour plusieurs clubs maintenus sportivement en <b>Nationale 1<\/b> : Enfants du Forez basket (Feurs), SASU Levallois BB, CEP Lorient BB, Mulhouse BA, SASP UJAP Quimper 29, Union Rennes basket 35, Union Saint-Chamond Andr\u00e9zieux BB, Stade Toulousain BB, SAS Tours MB.<\/p>\n<p>L\u2019Aurore Vitr\u00e9 r\u00e9trograd\u00e9 provisoirement en R\u00e9gionale<\/p>\n<p class=\" wall-content\">Elle a\u00a0d\u00e9cid\u00e9 une r\u00e9trogradation en championnat de Ligue r\u00e9gionale pour l\u2019<a href=\"https:\/\/actu.fr\/bretagne\/vitre_35360\/basket-n1m-laurore-vitre-retrogradee-en-regional-le-club-fait-appel_62696324.html\" target=\"_blank\" rel=\"noopener\">Aurore de Vitr\u00e9 BB<\/a> (le recours du club sera \u00e9tudi\u00e9 par la chambre d\u2019appel FFBB le<b> jeudi 5 juin<\/b>).<\/p>\n<p class=\" wall-content\">La commission a mis en d\u00e9lib\u00e9r\u00e9 ses d\u00e9cisions relatives \u00e0 l\u2019engagement en championnat de<b> Nationale 2<\/b> masculine 2025\/26 du <b>Pays de Foug\u00e8res basket<\/b> et de <b>Metz BC<\/b>.<\/p>\n<p class=\" wall-content\">A l\u2019issue de la 2e phase du championnat de N1, le PFB a termin\u00e9 \u00e0 la 10e place, c\u2019est \u00e0 dire premier rel\u00e9gable. Le club pourrait se voir offrir un rep\u00eachage, \u00e0 condition de r\u00e9pondre aux exigences de la commission de contr\u00f4le de gestion au niveau du <b>budget<\/b>.<\/p>\n<p>Vid\u00e9os : en ce moment sur Actu<\/p>\n<p class=\" wall-content\">La semaine derni\u00e8re, Mathieu Lemercier, l\u2019entra\u00eeneur des <b>Blues Brothers<\/b>, expliquait :<\/p>\n<blockquote class=\"ac-article-quote wall-content\">\n<p>J\u2019ai bon espoir qu\u2019on soit rep\u00each\u00e9 et que le PFB soit en N1 la saison prochaine.<\/p>\n<\/blockquote>\n<p class=\" wall-content\">La CCG a \u00e9mis un avis favorable \u00e0 l\u2019engagement en championnat NM2 2025\/26 de <b>Poissy BA<\/b> et l\u2019<b>US Avignon Le Pontet BB<\/b>.<\/p>\n<p class=\" wall-content\">Elle indique qu\u2019elle traitera les d\u00e9cisions en d\u00e9lib\u00e9r\u00e9 et auditionnera les clubs qui acc\u00e8dent de <b>NF1\/NM2<\/b> et\u00a0descendent de <b>Pro B<\/b> lors de ses s\u00e9ances des 3\/4 juin, 11\/12 juin et 18\/19 juin.<\/p>\n<p class=\" wall-content\">Suivez toute l\u2019actualit\u00e9 de vos villes et m\u00e9dias favoris en vous inscrivant \u00e0 <a href=\"https:\/\/moncompte.actu.fr\" title=\"D\u00e9couvez Mon Actu\" rel=\"nofollow noopener\" data-trk=\"{&quot;cta&quot;:{&quot;action&quot;:&quot;https:\\\/\\\/moncompte.actu.fr&quot;,&quot;category&quot;:&quot;mon compte&quot;,&quot;from&quot;:&quot;article footer&quot;,&quot;name&quot;:&quot;Mon actu&quot;,&quot;type&quot;:&quot;cta&quot;}}\" target=\"_blank\">Mon Actu<\/a>.<\/p>\n<ul class=\"ac-article-tag wall-content\">\n<li><a href=\"https:\/\/actu.fr\/tag\/pays-de-fougeres-basket\" data-trk=\"{&quot;cta&quot;:{&quot;action&quot;:&quot;Pays de Foug\\u00e8res basket&quot;,&quot;category&quot;:&quot;tag&quot;,&quot;from&quot;:&quot;article footer&quot;,&quot;name&quot;:&quot;Pays de Foug\\u00e8res basket&quot;,&quot;type&quot;:&quot;cta&quot;}}\" target=\"_blank\" rel=\"noopener\">#Pays de Foug\u00e8res basket<\/a><\/li>\n<\/ul>\n","protected":false},"excerpt":{"rendered":"Par Benoit Fouque Publi\u00e9 le 27 mai 2025 \u00e0 18h39 Apr\u00e8s avoir auditionn\u00e9 les cinquante clubs engag\u00e9s dans&hellip;\n","protected":false},"author":2,"featured_media":132287,"comment_status":"","ping_status":"","sticky":false,"template":"","format":"standard","meta":{"footnotes":""},"categories":[1414],"tags":[1465,1464,1011,27,25697,60],"class_list":{"0":"post-132286","1":"post","2":"type-post","3":"status-publish","4":"format-standard","5":"has-post-thumbnail","7":"category-basket","8":"tag-basket","9":"tag-basketball","10":"tag-fr","11":"tag-france","12":"tag-pays-de-fougeres-basket","13":"tag-sports"},"share_on_mastodon":{"url":"https:\/\/pubeurope.com\/@fr\/114580968222141528","error":""},"_links":{"self":[{"href":"https:\/\/www.europesays.com\/fr\/wp-json\/wp\/v2\/posts\/132286","targetHints":{"allow":["GET"]}}],"collection":[{"href":"https:\/\/www.europesays.com\/fr\/wp-json\/wp\/v2\/posts"}],"about":[{"href":"https:\/\/www.europesays.com\/fr\/wp-json\/wp\/v2\/types\/post"}],"author":[{"embeddable":true,"href":"https:\/\/www.europesays.com\/fr\/wp-json\/wp\/v2\/users\/2"}],"replies":[{"embeddable":true,"href":"https:\/\/www.europesays.com\/fr\/wp-json\/wp\/v2\/comments?post=132286"}],"version-history":[{"count":0,"href":"https:\/\/www.europesays.com\/fr\/wp-json\/wp\/v2\/posts\/132286\/revisions"}],"wp:featuredmedia":[{"embeddable":true,"href":"https:\/\/www.europesays.com\/fr\/wp-json\/wp\/v2\/media\/132287"}],"wp:attachment":[{"href":"https:\/\/www.europesays.com\/fr\/wp-json\/wp\/v2\/media?parent=132286"}],"wp:term":[{"taxonomy":"category","embeddable":true,"href":"https:\/\/www.europesays.com\/fr\/wp-json\/wp\/v2\/categories?post=132286"},{"taxonomy":"post_tag","embeddable":true,"href":"https:\/\/www.europesays.com\/fr\/wp-json\/wp\/v2\/tags?post=132286"}],"curies":[{"name":"wp","href":"https:\/\/api.w.org\/{rel}","templated":true}]}}