{"id":132296,"date":"2025-05-27T17:30:16","date_gmt":"2025-05-27T17:30:16","guid":{"rendered":"https:\/\/www.europesays.com\/fr\/132296\/"},"modified":"2025-05-27T17:30:16","modified_gmt":"2025-05-27T17:30:16","slug":"de-la-poudre-ou-de-la-coke-pascal-praud-vole-au-secours-demmanuel-macron-apres-la-gifle-de-brigitte","status":"publish","type":"post","link":"https:\/\/www.europesays.com\/fr\/132296\/","title":{"rendered":"\u00ab\u00a0De la poudre ou de la coke\u00a0\u00bb : Pascal Praud vole au secours d\u2019Emmanuel Macron apr\u00e8s la gifle de Brigitte"},"content":{"rendered":"<p data-start=\"309\" data-end=\"745\">Brigitte et <a href=\"https:\/\/www.closermag.fr\/bio-people\/biographie-emmanuel-macron-389948\" target=\"_blank\" rel=\"noopener\"><br \/>\nEmmanuel Macron<\/a> au Vietnam ? On n&rsquo;irait pas jusqu&rsquo;\u00e0 dire que<br \/>\nc&rsquo;est la guerre (mais presque). Depuis leur arriv\u00e9e en Asie, le<br \/>\ncouple pr\u00e9sidentiel d\u00e9fraye la chronique. La raison ? La diffusion<br \/>\nd&rsquo;une vid\u00e9o de leur sortie d&rsquo;avion o\u00f9 la Premi\u00e8re dame semble<br \/>\n<a href=\"https:\/\/www.closermag.fr\/politique\/emmanuel-macron-gifle-par-brigitte-premiere-sortie-du-couple-apres-lincident-ce-nouveau-geste-qui-en-dit-long-3548736\" target=\"_blank\" rel=\"noopener\"><br \/>\ngifler son mari<\/a>. Il n&rsquo;en fallait gu\u00e8re plus pour agiter les<br \/>\nmondes m\u00e9diatiques et politiques. L&rsquo;ampleur de la pol\u00e9mique a m\u00eame<br \/>\noblig\u00e9 <strong>Emmanuel Macron \u00e0 sortir du silence<\/strong>.<\/p>\n<p data-start=\"747\" data-end=\"1171\">Et sur les ondes d&rsquo;Europe 1,<br \/>\n<a href=\"https:\/\/www.closermag.fr\/people\/pascal-praud-age-compagne-salaire-europe-1-twitter-tout-savoir-1686711\" target=\"_blank\" rel=\"noopener\"><br \/>\nPascal Praud<\/a> n&rsquo;a pas pu couper \u00e0 cette s\u00e9quence. Dans son<br \/>\n\u00e9mission, le journaliste a fait comme Cyril Hanouna : il a pris des<br \/>\npincettes pour \u00e9voquer cette s\u00e9quence. \u00ab\u00a0Je ne comprends m\u00eame<br \/>\npas pourquoi l&rsquo;\u00c9lys\u00e9e r\u00e9agit l\u00e0-dessus. Des chamailleries, du<br \/>\nchahut&#8230; <strong>Je ne comprends pas<\/strong>\u00ab\u00a0, a-t-il<br \/>\nd&rsquo;abord lanc\u00e9. Comme beaucoup, Pascal Praud n&rsquo;a pas compris le<br \/>\nretournement de situation au sein du Palais.<\/p>\n<p>\u00ab\u00a0Le geste que je vois&#8230;\u00a0\u00bb<\/p>\n<p data-start=\"1173\" data-end=\"1688\">L&rsquo;entourage d&rsquo;Emmanuel Macron<br \/>\navait d&rsquo;abord accus\u00e9 l&rsquo;intelligence artificielle avant<br \/>\nd&rsquo;authentifier les images d&rsquo;Emmanuel et <a href=\"https:\/\/www.closermag.fr\/bio-people\/biographie-brigitte-macron-521904\" target=\"_blank\" rel=\"noopener\"><br \/>\nBrigitte Macron<\/a>. Pour le journaliste, pas de doute : le<br \/>\npr\u00e9sident de la R\u00e9publique a fait \u00ab\u00a0une erreur\u00a0\u00bb et pas<br \/>\nn&rsquo;importe laquelle. \u00ab\u00a0Au moment o\u00f9 les portes s&rsquo;ouvrent, il doit<br \/>\nsavoir qu&rsquo;il est sous l&rsquo;objectif des cam\u00e9ras. <strong>Le geste que<br \/>\nje vois, au fond, je refuse de l&rsquo;interpr\u00e9ter<\/strong>, a-t-il<br \/>\ncontinu\u00e9. Parce que tu ne vois que trois secondes, tu ne sais<br \/>\npas ce qu&rsquo;il y avait, ce qu&rsquo;il y a apr\u00e8s.\u00a0\u00bb<\/p>\n<p data-start=\"1690\" data-end=\"2090\">Pour la t\u00eate d&rsquo;affiche de<br \/>\nCNews, commenter cette s\u00e9quence \u00ab\u00a0n&rsquo;a pas de sens\u00a0\u00bb. \u00ab\u00a0Ou alors,<br \/>\non s&rsquo;amuse \u00e0 jouer les inspecteurs Columbo. En m\u00eame temps, tout le<br \/>\nmonde le fait. Donc on le fait\u00a0\u00bb, a-t-il plaisant\u00e9. Un peu g\u00ean\u00e9<br \/>\nd&rsquo;avoir \u00e0 \u00e9voquer l&rsquo;arriv\u00e9e des Macron au Vietnam, Pascal Praud a<br \/>\nessay\u00e9 de comprendre ce qu&rsquo;il avait bien pu se passer dans les<br \/>\ncoulisses de la communication du couple pr\u00e9sidentiel.<\/p>\n<p>Pascal Praud invoque Elizabeth II<\/p>\n<p data-start=\"2092\" data-end=\"2515\">\u00ab\u00a0Si \u00e7a se trouve,<br \/>\nl&rsquo;entourage va au-del\u00e0 de ce qu&rsquo;aurait imagin\u00e9 Emmanuel<br \/>\nMacron\u00a0\u00bb, s&rsquo;est-il demand\u00e9. Le meilleur exemple selon lui ?<br \/>\n\u00ab\u00a0L&rsquo;autre jour, de la m\u00eame mani\u00e8re, il a r\u00e9agi sur le Kleenex<br \/>\ndans le train. Certains imaginaient que c&rsquo;\u00e9tait de la poudre ou de<br \/>\nla coke, disons-le. Je pense qu&rsquo;il a eu tort !\u00a0\u00bb, a l\u00e2ch\u00e9<br \/>\nl&rsquo;animateur de L&rsquo;Heure des pros. Car <strong>Emmanuel Macron<br \/>\ns&rsquo;\u00e9tait en effet justifi\u00e9 sur ces images d\u00e9tourn\u00e9es.<\/strong><\/p>\n<p data-start=\"2517\" data-end=\"2994\">\u00ab\u00a0&lsquo;Never explain, never<br \/>\ncomplain&rsquo;, c&rsquo;est la devise de la reine d&rsquo;Angleterre et c&rsquo;est ce<br \/>\nqu&rsquo;il y a de mieux, parce que tu donnes du grain \u00e0 moudre ! En<br \/>\nrevanche, dans le Kleenex du train, en plus, ils ont mal r\u00e9agi. Le<br \/>\nfait qu&rsquo;ils disent que \u00e7a n&rsquo;existe pas donne du grain \u00e0 moudre !<br \/>\nC&rsquo;est une erreur de com&rsquo;. Tu ne dis rien et puis voil\u00e0\u00a0\u00bb, a<br \/>\nconclu Pascal Praud. Trop tard pour Emmanuel Macron. Devant les<br \/>\ncam\u00e9ras, il a plaid\u00e9 pour <strong>\u00ab\u00a0une<br \/>\nchamaillerie\u00a0\u00bb<\/strong> de couple. Et rien de plus.<\/p>\n","protected":false},"excerpt":{"rendered":"Brigitte et Emmanuel Macron au Vietnam ? On n&rsquo;irait pas jusqu&rsquo;\u00e0 dire que c&rsquo;est la guerre (mais presque).&hellip;\n","protected":false},"author":2,"featured_media":132297,"comment_status":"","ping_status":"","sticky":false,"template":"","format":"standard","meta":{"footnotes":""},"categories":[1359],"tags":[548,986,58,1073,59,1011,27,10160,973],"class_list":{"0":"post-132296","1":"post","2":"type-post","3":"status-publish","4":"format-standard","5":"has-post-thumbnail","7":"category-people","8":"tag-article-simple","9":"tag-brigitte-macron","10":"tag-divertissement","11":"tag-emmanuel-macron","12":"tag-entertainment","13":"tag-fr","14":"tag-france","15":"tag-pascal-praud","16":"tag-people"},"share_on_mastodon":{"url":"https:\/\/pubeurope.com\/@fr\/114580987817569555","error":""},"_links":{"self":[{"href":"https:\/\/www.europesays.com\/fr\/wp-json\/wp\/v2\/posts\/132296","targetHints":{"allow":["GET"]}}],"collection":[{"href":"https:\/\/www.europesays.com\/fr\/wp-json\/wp\/v2\/posts"}],"about":[{"href":"https:\/\/www.europesays.com\/fr\/wp-json\/wp\/v2\/types\/post"}],"author":[{"embeddable":true,"href":"https:\/\/www.europesays.com\/fr\/wp-json\/wp\/v2\/users\/2"}],"replies":[{"embeddable":true,"href":"https:\/\/www.europesays.com\/fr\/wp-json\/wp\/v2\/comments?post=132296"}],"version-history":[{"count":0,"href":"https:\/\/www.europesays.com\/fr\/wp-json\/wp\/v2\/posts\/132296\/revisions"}],"wp:featuredmedia":[{"embeddable":true,"href":"https:\/\/www.europesays.com\/fr\/wp-json\/wp\/v2\/media\/132297"}],"wp:attachment":[{"href":"https:\/\/www.europesays.com\/fr\/wp-json\/wp\/v2\/media?parent=132296"}],"wp:term":[{"taxonomy":"category","embeddable":true,"href":"https:\/\/www.europesays.com\/fr\/wp-json\/wp\/v2\/categories?post=132296"},{"taxonomy":"post_tag","embeddable":true,"href":"https:\/\/www.europesays.com\/fr\/wp-json\/wp\/v2\/tags?post=132296"}],"curies":[{"name":"wp","href":"https:\/\/api.w.org\/{rel}","templated":true}]}}