{"id":132310,"date":"2025-05-27T17:38:09","date_gmt":"2025-05-27T17:38:09","guid":{"rendered":"https:\/\/www.europesays.com\/fr\/132310\/"},"modified":"2025-05-27T17:38:09","modified_gmt":"2025-05-27T17:38:09","slug":"malika-menard-premiere-photo-de-sa-fille-sherazade","status":"publish","type":"post","link":"https:\/\/www.europesays.com\/fr\/132310\/","title":{"rendered":"Malika M\u00e9nard : premi\u00e8re photo de sa fille Sherazade"},"content":{"rendered":"<p>Sur un nuage, <a href=\"https:\/\/www.public.fr\/tag\/malika-menard\" target=\"_blank\" rel=\"noopener\">Malika M\u00e9nard<\/a> a souhait\u00e9 partager son bonheur avec ses abonn\u00e9s ce mardi 27 mai 2025. En effet, <a href=\"https:\/\/vsd.fr\/tag\/malika-menard\/\" target=\"_blank\" rel=\"noopener\">l\u2019ancienne Miss France<\/a> a d\u00e9voil\u00e9 une partie du visage de sa fille, n\u00e9e il y a seulement quelques jours.<\/p>\n<p>En effet, le dimanche 25 mai 2025, jour de f\u00eate des m\u00e8res, Miss France 2010 surprenait tous ses followers sur Instagram en partageant une publication remplie d\u2019amour et de joie. Car la jeune maman c\u00e9l\u00e9brait <a href=\"https:\/\/www.public.fr\/malika-menard-celebre-sa-toute-premiere-fete-des-meres-avec-sa-fille-sherazade\" target=\"_blank\" rel=\"noopener\">sa toute premi\u00e8re f\u00eate des m\u00e8res.<\/a><\/p>\n<p>Malika M\u00e9nard est devenue maman<\/p>\n<p>Sur son compte Instagram, avec son compagnon Karim, Malika M\u00e9nard annon\u00e7ait en effet la naissance de leur premier enfant.<strong>\u00a0Une petite fille, pr\u00e9nomm\u00e9e Sherazade<\/strong>, fruit de son amour avec l\u2019homme d&rsquo;affaires belgo-marocain de 50 ans.<\/p>\n<p>\u00ab\u00a0Une f\u00eate des m\u00e8res avec un go\u00fbt tout particulier, une saveur inoubliable pour moi cette ann\u00e9e : la premi\u00e8re en tant que maman.\u00a0<strong>Ma petite fille, mon grand amour, Sherazade<\/strong>, m\u2019a offert il y a quelques jours ce r\u00f4le que je n\u2019osais esp\u00e9rer, que j\u2019appr\u00e9hendais autant qu\u2019il m\u2019excitait\u00a0\u00bb, a \u00e9crit l\u2019ancienne reine de beaut\u00e9 en l\u00e9gende de sa publication.<\/p>\n<p>Avant de poursuivre : \u00ab\u00a0Merci la vie pour les \u00e9motions, pour cet amour qui rime avec toujours\u00a0\u00bb. Avec sa moiti\u00e9, Malika M\u00e9nard vit un conte de f\u00e9es depuis plusieurs ann\u00e9es. En couple depuis plusieurs ann\u00e9es, l\u2019ancienne Miss France et l\u2019homme d\u2019affaires ont d\u00e9cid\u00e9 de s\u2019unir le 13 juillet 2024 avant de conna\u00eetre le bonheur absolu quelques mois plus tard.<\/p>\n<p>Premi\u00e8re photo du \u00ab\u00a0visage\u00a0\u00bb de sa fille<\/p>\n<p>En effet, le 5 f\u00e9vrier 2025, Malika M\u00e9nard prenait la parole pour annoncer une grande nouvelle : <a href=\"https:\/\/www.public.fr\/malika-menard-fraichement-mariee-annonce-etre-enceinte-de-son-premier-enfant\" target=\"_blank\" rel=\"noopener\">sa premi\u00e8re grossesse<\/a>. \u00ab\u00a0Je dois vous partager un grand secret. Enfin un secret qui est encore petit mais qui est tr\u00e8s pr\u00e9cieux et que je ch\u00e9ris tr\u00e8s fort. Depuis plusieurs mois maintenant, un miracle a pris vie \u00e0 l\u2019int\u00e9rieur de mon corps et ma plus belle histoire d\u2019amour a d\u00e9but\u00e9\u00a0\u00bb, indiquait-elle pour annoncer sa grossesse.<\/p>\n<p>Depuis plusieurs jours \u00e0 pr\u00e9sent, la jeune maman doit apprendre son nouveau r\u00f4le et partager son quotidien, qui a bien chang\u00e9, \u00e0 ses abonn\u00e9s. Ces derniers, qui attendaient de voir la bouille de la petite Sherazade depuis sa naissance, ont \u00e9t\u00e9 servis il y a quelques heures.<\/p>\n<p><strong>Malika M\u00e9nard a en effet publi\u00e9 un clich\u00e9 en compagnie de sa petite fille<\/strong> sur son compte Instagram. Prenant le soin de <strong>cacher son visage par un \u00e9moji,<\/strong> la jeune maman a tout de m\u00eame permis d\u2019apercevoir une partie de sa bouille, pour le plus grand bonheur des internautes.\u00a0<\/p>\n<p><img loading=\"lazy\" decoding=\"async\" width=\"473\" height=\"1024\" src=\"data:image\/svg+xml,%3Csvg%20xmlns=\" http:=\"\" alt=\"Malika M\u00e9nard : premi\u00e8re photo de sa fille Sherazade\" data-lazy- data-lazy- data-lazy-src=\"https:\/\/www.europesays.com\/fr\/wp-content\/uploads\/2025\/05\/WhatsApp-Image-2025-05-27-at-17.06.09-473x1024.jpeg\"\/><\/p>\n<p>      Mentionn\u00e9s dans cet article<\/p>\n<p>\u00c0 lire aussi<\/p>\n","protected":false},"excerpt":{"rendered":"Sur un nuage, Malika M\u00e9nard a souhait\u00e9 partager son bonheur avec ses abonn\u00e9s ce mardi 27 mai 2025.&hellip;\n","protected":false},"author":2,"featured_media":132311,"comment_status":"","ping_status":"","sticky":false,"template":"","format":"standard","meta":{"footnotes":""},"categories":[8],"tags":[58,59,1011,27,14525,3034],"class_list":{"0":"post-132310","1":"post","2":"type-post","3":"status-publish","4":"format-standard","5":"has-post-thumbnail","7":"category-divertissement","8":"tag-divertissement","9":"tag-entertainment","10":"tag-fr","11":"tag-france","12":"tag-malika-menard","13":"tag-miss-france"},"share_on_mastodon":{"url":"https:\/\/pubeurope.com\/@fr\/114581019300786398","error":""},"_links":{"self":[{"href":"https:\/\/www.europesays.com\/fr\/wp-json\/wp\/v2\/posts\/132310","targetHints":{"allow":["GET"]}}],"collection":[{"href":"https:\/\/www.europesays.com\/fr\/wp-json\/wp\/v2\/posts"}],"about":[{"href":"https:\/\/www.europesays.com\/fr\/wp-json\/wp\/v2\/types\/post"}],"author":[{"embeddable":true,"href":"https:\/\/www.europesays.com\/fr\/wp-json\/wp\/v2\/users\/2"}],"replies":[{"embeddable":true,"href":"https:\/\/www.europesays.com\/fr\/wp-json\/wp\/v2\/comments?post=132310"}],"version-history":[{"count":0,"href":"https:\/\/www.europesays.com\/fr\/wp-json\/wp\/v2\/posts\/132310\/revisions"}],"wp:featuredmedia":[{"embeddable":true,"href":"https:\/\/www.europesays.com\/fr\/wp-json\/wp\/v2\/media\/132311"}],"wp:attachment":[{"href":"https:\/\/www.europesays.com\/fr\/wp-json\/wp\/v2\/media?parent=132310"}],"wp:term":[{"taxonomy":"category","embeddable":true,"href":"https:\/\/www.europesays.com\/fr\/wp-json\/wp\/v2\/categories?post=132310"},{"taxonomy":"post_tag","embeddable":true,"href":"https:\/\/www.europesays.com\/fr\/wp-json\/wp\/v2\/tags?post=132310"}],"curies":[{"name":"wp","href":"https:\/\/api.w.org\/{rel}","templated":true}]}}