{"id":132317,"date":"2025-05-27T17:42:08","date_gmt":"2025-05-27T17:42:08","guid":{"rendered":"https:\/\/www.europesays.com\/fr\/132317\/"},"modified":"2025-05-27T17:42:08","modified_gmt":"2025-05-27T17:42:08","slug":"lassemblee-nationale-adopte-la-loi-legalisant-le-suicide-assiste-et-leuthanasie","status":"publish","type":"post","link":"https:\/\/www.europesays.com\/fr\/132317\/","title":{"rendered":"L\u2019Assembl\u00e9e nationale adopte la loi l\u00e9galisant le suicide assist\u00e9 et l\u2019euthanasie"},"content":{"rendered":"<p><strong>D\u00c9CRYPTAGE &#8211;<\/strong> Les d\u00e9put\u00e9s ont largement vot\u00e9, ce mardi apr\u00e8s-midi, les deux propositions de loi \u00abfin de vie\u00bb visant \u00e0 \u00e9tendre les soins palliatifs et ouvrant une \u00abaide \u00e0 mourir\u00bb.<\/p>\n<p class=\"fig-paragraph\">C\u2019est une \u00abrupture anthropologique\u00bb pour les uns, un \u00abnouveau mod\u00e8le Fran\u00e7ais de la fin de vie\u00bb pour les autres. Une loi \u00abd\u2019abandon\u00bb des plus fragiles ou une loi \u00abde libert\u00e9\u00bb pour choisir sa mort selon les camps. Apr\u00e8s 50 ans de d\u00e9bats et de controverses, les d\u00e9put\u00e9s viennent pour la premi\u00e8re fois d\u2019adopter un texte sur l\u2019aide \u00e0 mourir, l\u00e9galisant le suicide assist\u00e9 et l\u2019euthanasie. La ligne rouge de l\u2019interdit de tuer pourra \u00eatre franchie avec l\u2019inscription de l\u2019aide \u00e0 mourir dans le code de sant\u00e9 public. Si les d\u00e9bats peinent \u00e0 \u00e9puiser la question vertigineuse de la fin de vie, les d\u00e9put\u00e9s, eux, ont tranch\u00e9. Au terme d\u2019une s\u00e9ance notamment marqu\u00e9e par les larmes de l\u2019\u00e9cologiste Sandrine Rousseau \u00e0 la tribune de l\u2019Assembl\u00e9e nationale, les deux propositions de lois \u00abfin de vie\u00bb, celle visant \u00e0 \u00e9tendre les soins palliatifs (560 voix pour 0 contre), et celle ouvrant \u00abune aide active \u00e0 mourir\u00bb (305 voix pour 199 contre), ont \u00e9t\u00e9 adopt\u00e9es ce mardi apr\u00e8s-midi \u00e0 l\u2019Assembl\u00e9e nationale.<\/p>\n<p class=\"fig-paragraph\">Depuis deux semaines, les d\u00e9bats dans l\u2019H\u00e9micycle se sont d\u00e9roul\u00e9s dans un climat serein. Comme souvent sur les sujets soci\u00e9taux, une libert\u00e9 de vote avait \u00e9t\u00e9 donn\u00e9e aux parlementaires dans chacun des groupes. La plupart ne se sont d\u2019ailleurs pas priv\u00e9s pour en faire usage. Peu de groupes peuvent se targuer d\u2019avoir fait le plein. \u00c0 rebours d\u2019une majorit\u00e9 de son groupe, le macroniste Charles Rodwell a par exemple vot\u00e9 contre. \u00abLe d\u00e9lit d\u2019entrave a \u00e9t\u00e9 maintenu et les peines le concernant ont \u00e9t\u00e9 doubl\u00e9es\u00bb, regrette-t-il. M\u00eame chose pour l\u2019\u00e9lu du MoDem Romain Daubi\u00e9, qui s\u2019est aussi oppos\u00e9. \u00abUn des devoirs de la soci\u00e9t\u00e9 est de prot\u00e9ger les plus faibles et notamment les personnes malades. Ce texte ouvre une porte dont on ne sait pas ce qu\u2019il y a derri\u00e8re\u00bb, regrette-t-il.<\/p>\n<p>\u00a0\u00bb<br \/>\n        data-script=\u00a0\u00bbhttps:\/\/static.lefigaro.fr\/widget-video\/short-ttl\/video\/index.js\u00a0\u00bb<br \/>\n    &gt;<\/p>\n<p class=\"fig-paragraph\">L\u2019Insoumise Sophia Chikirou s\u2019est quant \u00e0 elle abstenue. \u00abJe doute d\u2019un point de vue moral sur les effets anthropologiques d\u2019une telle loi, sur les effets d\u00e9l\u00e9t\u00e8res dans une soci\u00e9t\u00e9 organis\u00e9e par le capitalisme pr\u00e9dateur. Je doute aussi de la n\u00e9cessit\u00e9 de l\u00e9gif\u00e9rer au-del\u00e0 de la loi actuelle qui permet d\u00e9j\u00e0 de r\u00e9pondre \u00e0 la tr\u00e8s large majorit\u00e9 des situations\u00bb, argue la d\u00e9put\u00e9e m\u00e9lenchoniste, aupr\u00e8s du Figaro. Certains avouent quant \u00e0 eux avoir chang\u00e9 d\u2019avis &#8211; dans un sens ou dans l\u2019autre &#8211; au cours des d\u00e9bats, en \u00e9coutant les arguments des uns et des autres. \u00ab\u00c0 la base, j\u2019\u00e9tais plut\u00f4t contre mais je me suis laiss\u00e9 convaincre par les habitants de ma circonscription\u00bb, t\u00e9moigne par exemple le d\u00e9put\u00e9 macroniste de Paris, Sylvain Maillard.<\/p>\n<p>D\u00e9bats tendus sur les crit\u00e8res d\u2019\u00e9ligibilit\u00e9 \u00e0 la mort<\/p>\n<p class=\"fig-paragraph\">Malgr\u00e9 la\u00a0<a href=\"http:\/\/www.lefigaro.fr\/politique\/macron-et-la-loi-fin-de-vie-huit-ans-d-ambivalence-20250526\" data-fig-type=\"Article\" data-gtm-custom-categorie=\"navigation\" data-gtm-custom-action=\"crossclick\" data-gtm-custom-label=\"Contextuel\" data-gtm-event=\"customEventSPE\" data-fig-domain=\"LEFIGARO\" target=\"_blank\" rel=\"noopener\">volont\u00e9 du pr\u00e9sident de la R\u00e9publique<\/a>\u00a0de \u00abregarder la mort en face\u00bb, le texte a connu un parcours des plus chaotiques, marqu\u00e9 par la dissolution de l\u2019Assembl\u00e9e nationale et la scission du projet de loi originel en deux propositions de loi sur les soins palliatifs et l\u2019aide \u00e0 mourir. Le climat respectueux n\u2019a pas emp\u00each\u00e9 la bataille d\u2019id\u00e9e et de mots. Les termes \u00abeuthanasie\u00bb et \u00absuicide assist\u00e9\u00bb n\u2019ont pas fait leur entr\u00e9e dans la loi au grand regret des opposants qui r\u00e9clamaient davantage de clart\u00e9. Les expressions moins anxiog\u00e8nes et moins clivantes d\u2019\u00abaide \u00e0 mourir\u00bb, ou \u00abauto-administration\u00bb du produit l\u00e9tal leur ont \u00e9t\u00e9 pr\u00e9f\u00e9r\u00e9es. Mais c\u2019est sur la question des crit\u00e8res d\u2019\u00e9ligibilit\u00e9 \u00e0 la mort provoqu\u00e9e que les d\u00e9bats ont \u00e9t\u00e9 les plus tendus. Ces derniers ont peu \u00e9volu\u00e9 au terme de deux semaines d\u2019examen malgr\u00e9 de profonds d\u00e9saccords sur \u00abl\u2019\u00e9quilibre\u00bb du texte.<\/p>\n<p class=\"fig-paragraph\">Les patients devront correspondre \u00e0 cinq crit\u00e8res pour avoir acc\u00e8s \u00e0 un produit l\u00e9tal\u00a0: \u00eatre majeurs et Fran\u00e7ais, atteints \u00abd\u2019une affection grave et incurable\u00bb qui engage \u00able pronostic vital, en phase avanc\u00e9e ou terminale\u00bb et pr\u00e9senter \u00abune souffrance physique ou psychologique li\u00e9e \u00e0 cette affection\u00bb. Enfin, ils devront \u00eatre aptes \u00ab\u00e0 manifester sa volont\u00e9 de fa\u00e7on libre et \u00e9clair\u00e9e\u00bb. La premi\u00e8re proposition de loi, d\u00e9di\u00e9e au renforcement des soins palliatifs, est pr\u00e9sent\u00e9e comme un moyen de contrebalancer ce nouveau droit \u00e0 une mort \u00abdans la dignit\u00e9\u00bb.<\/p>\n<p>\u00a0\u00bb<br \/>\n        data-script=\u00a0\u00bbhttps:\/\/static.lefigaro.fr\/widget-video\/short-ttl\/video\/index.js\u00a0\u00bb<br \/>\n    &gt;<\/p>\n<p>Un d\u00e9lit d\u2019entrave<\/p>\n<p class=\"fig-paragraph\">Dans la derni\u00e8re ligne droite, avant le vote, c\u2019est la question de la cr\u00e9ation d\u2019un \u00abd\u00e9lit d\u2019entrave \u00e0 l\u2019aide \u00e0 mourir\u00bb qui a cr\u00e9\u00e9 le plus de remous. Ce dernier pr\u00e9voit de punir le fait \u00abd\u2019emp\u00eacher ou de tenter d\u2019emp\u00eacher de pratiquer\u00bb une euthanasie ou un suicide assist\u00e9 par une peine de deux ans de prison et 30.000 euros d\u2019amende. Pour le ministre de l\u2019Int\u00e9rieur, Bruno Retailleau, le texte franchit ainsi une \u00abnouvelle limite\u00bb qui \u00abn\u2019est pas supportable\u00bb. \u00abTendre la main \u00e0 celui qui souffre est le propre de l\u2019humanit\u00e9. Est-ce que nous voulons vraiment d\u2019une soci\u00e9t\u00e9 qui condamne celui qui tente de redonner des raisons de vivre \u00e0 celui qui n\u2019en a plus\u00a0? Tout cela va beaucoup trop loin. On ne peut pas \u00eatre coupable de compassion\u00a0!\u00bb, s\u2019est-il \u00e9mu sur les r\u00e9seaux sociaux.<\/p>\n<p class=\"fig-paragraph\">In fine, cet ensemble forme-t-il ce \u00abnouveau mod\u00e8le de la fin de vie\u00bb souhait\u00e9 par Emmanuel Macron\u00a0? \u00abC\u2019est un nouveau mod\u00e8le qui prend \u00e0 la fois en compte l\u2019aide \u00e0 mourir et les soins palliatifs, approuve Jonathan Denis, pr\u00e9sident de l\u2019Association pour le Droit de Mourir dans la Dignit\u00e9. Mais c\u2019est aussi l\u2019un des textes les plus restrictifs au monde en raison de ses crit\u00e8res sur la \u201cphase avanc\u00e9e ou terminale\u201d de la maladie et le \u201cpronostic vital engag\u00e9\u201d. De plus, les d\u00e9put\u00e9s sont revenus sur le libre choix entre suicide assist\u00e9 et euthanasie. L\u2019auto-administration du produit l\u00e9tal sera la r\u00e8gle. La prise en compte des directives anticip\u00e9es ne figure pas non plus dans le texte\u00bb.\u00a0<\/p>\n<p class=\"fig-paragraph\">Les soignants oppos\u00e9s au texte et regroup\u00e9s au sein du Collectif Soins de vie jugent \u00e0 l\u2019inverse que la France vient de voter une des lois la plus \u00abpermissive\u00bb au monde sur la fin de vie. \u00abPlus qu\u2019une r\u00e9ponse \u00e0 quelques situations de souffrances, cette proposition de loi instaure un nouveau droit qui va au-del\u00e0 des situations de fin de vie\u00bb, alerte ce groupement d\u2019une vingtaine d\u2019ordres et soci\u00e9t\u00e9s savantes. Avec les pr\u00e9c\u00e9dentes lois Leonetti de 2005 et Claeys-Leonetti de 2016 sur la fin de vie, la France avait su tracer un \u00abchemin de cr\u00eate singulier\u00bb, fond\u00e9 sur \u00ables soins palliatifs\u00bb, \u00able refus de l\u2019obstination d\u00e9raisonnable\u00bb et \u00able respect de la parole des patients\u00bb, d\u00e9crypte le juriste Laurent Fr\u00e9mont, co-fondateur du collectif D\u00e9mocratie, \u00e9thique et solidarit\u00e9s (CDES). Aujourd\u2019hui, la France \u00abrenie sa promesse de non-abandon et rejoint les quelques pays ayant transgress\u00e9 l\u2019interdit de donner la mort, poursuit-il. Et elle le fait en s\u2019engageant d\u2019embl\u00e9e dans un texte extr\u00e9miste avec des crit\u00e8res larges et flous, une proc\u00e9dure exp\u00e9ditive et une coercition tr\u00e8s forte \u00e0 l\u2019encontre des soignants\u00bb.<\/p>\n","protected":false},"excerpt":{"rendered":"D\u00c9CRYPTAGE &#8211; Les d\u00e9put\u00e9s ont largement vot\u00e9, ce mardi apr\u00e8s-midi, les deux propositions de loi \u00abfin de vie\u00bb&hellip;\n","protected":false},"author":2,"featured_media":132318,"comment_status":"","ping_status":"","sticky":false,"template":"","format":"standard","meta":{"footnotes":""},"categories":[4],"tags":[47,1058,1054,1059,1060,1055,11,416,1057,17193,118,1011,27,1061,303,12,1062,25,656,104,1056,809],"class_list":{"0":"post-132317","1":"post","2":"type-post","3":"status-publish","4":"format-standard","5":"has-post-thumbnail","7":"category-france","8":"tag-actualite","9":"tag-actualite-education","10":"tag-actualite-france","11":"tag-actualite-justice","12":"tag-actualite-securite","13":"tag-actualite-societe","14":"tag-actualites","15":"tag-assemblee-nationale","16":"tag-education","17":"tag-euthanasie","18":"tag-faits-divers","19":"tag-fr","20":"tag-france","21":"tag-immigration","22":"tag-justice","23":"tag-news","24":"tag-polemique","25":"tag-republique-francaise","26":"tag-securite","27":"tag-societe","28":"tag-societe-francaise","29":"tag-violence"},"share_on_mastodon":{"url":"","error":""},"_links":{"self":[{"href":"https:\/\/www.europesays.com\/fr\/wp-json\/wp\/v2\/posts\/132317","targetHints":{"allow":["GET"]}}],"collection":[{"href":"https:\/\/www.europesays.com\/fr\/wp-json\/wp\/v2\/posts"}],"about":[{"href":"https:\/\/www.europesays.com\/fr\/wp-json\/wp\/v2\/types\/post"}],"author":[{"embeddable":true,"href":"https:\/\/www.europesays.com\/fr\/wp-json\/wp\/v2\/users\/2"}],"replies":[{"embeddable":true,"href":"https:\/\/www.europesays.com\/fr\/wp-json\/wp\/v2\/comments?post=132317"}],"version-history":[{"count":0,"href":"https:\/\/www.europesays.com\/fr\/wp-json\/wp\/v2\/posts\/132317\/revisions"}],"wp:featuredmedia":[{"embeddable":true,"href":"https:\/\/www.europesays.com\/fr\/wp-json\/wp\/v2\/media\/132318"}],"wp:attachment":[{"href":"https:\/\/www.europesays.com\/fr\/wp-json\/wp\/v2\/media?parent=132317"}],"wp:term":[{"taxonomy":"category","embeddable":true,"href":"https:\/\/www.europesays.com\/fr\/wp-json\/wp\/v2\/categories?post=132317"},{"taxonomy":"post_tag","embeddable":true,"href":"https:\/\/www.europesays.com\/fr\/wp-json\/wp\/v2\/tags?post=132317"}],"curies":[{"name":"wp","href":"https:\/\/api.w.org\/{rel}","templated":true}]}}