{"id":132325,"date":"2025-05-27T17:46:15","date_gmt":"2025-05-27T17:46:15","guid":{"rendered":"https:\/\/www.europesays.com\/fr\/132325\/"},"modified":"2025-05-27T17:46:15","modified_gmt":"2025-05-27T17:46:15","slug":"villers-les-nancy-chauffeur-de-bus-gaze-a-bord-la-caisse-volee","status":"publish","type":"post","link":"https:\/\/www.europesays.com\/fr\/132325\/","title":{"rendered":"Villers-l\u00e8s-Nancy. Chauffeur de bus gaz\u00e9\u00a0\u00e0 bord\u00a0: la caisse vol\u00e9e"},"content":{"rendered":"<p>Un chauffeur de bus du r\u00e9seau Stan a \u00e9t\u00e9 victime d\u2019une agression rare, sinon exceptionnelle, lundi 26\u00a0mai. Les faits ont eu lieu au terminus de la ligne 16, vers 19\u00a0h\u00a015, \u00e0 Villers-Clairlieu. Alors que le conducteur sortait des toilettes et remontait \u00e0 bord, un individu coiff\u00e9 d\u2019une capuche et semble-t-il, porteur de lunettes de soleil, a fait irruption au niveau de la cabine de conduite.<\/p>\n<p>Arm\u00e9 d\u2019une bombe lacrymog\u00e8ne, l\u2019agresseur en aspergeait la victime avant de voler la caisse et de s\u2019enfuir en courant avec le butin. M\u00eame si aujourd\u2019hui le prix du Pass achet\u00e9 a bord a flamb\u00e9 (2\u00a0\u20ac) et d\u00e9passe largement celui d\u2019un litre de carburant, le pr\u00e9judice financier en cours d\u2019\u00e9valuation reste maigre d\u2019autant que la majorit\u00e9 des usagers poss\u00e8dent un abonnement ou un Pass achet\u00e9 \u00e0 l\u2019avance leur permettant plusieurs voyages.<\/p>\n<p>  En arr\u00eat de travail<\/p>\n<p>Tr\u00e8s choqu\u00e9, le chauffeur a \u00e9t\u00e9 pris en charge par les pompiers mais son \u00e9tat n\u2019a pas n\u00e9cessit\u00e9 de transport vers les urgences de l\u2019h\u00f4pital central de Nancy. La police s\u2019est d\u00e9plac\u00e9e au terminus afin d\u2019effectuer les premi\u00e8res constatations et les patrouilles r\u00e9alis\u00e9es dans le secteur n\u2019ont pas permis d\u2019interpeller le fuyard. \u00c0 la suite de l\u2019agression, le chauffeur, atteint psychologiquement par ce qu\u2019il a subi, est en arr\u00eat de travail. Il doit d\u00e9poser plainte tout comme K\u00e9olis, son employeur.<\/p>\n<p>Une enqu\u00eate pour tenter d\u2019identifier l\u2019auteur a \u00e9t\u00e9 confi\u00e9e aux policiers de la brigade d\u2019atteintes aux biens.<\/p>\n","protected":false},"excerpt":{"rendered":"Un chauffeur de bus du r\u00e9seau Stan a \u00e9t\u00e9 victime d\u2019une agression rare, sinon exceptionnelle, lundi 26\u00a0mai. Les&hellip;\n","protected":false},"author":2,"featured_media":132326,"comment_status":"","ping_status":"","sticky":false,"template":"","format":"standard","meta":{"footnotes":""},"categories":[9635],"tags":[1111,11,271,272,1704,1777,674,274,1011,27,775,10262,3457,1702,12,25,10261],"class_list":{"0":"post-132325","1":"post","2":"type-post","3":"status-publish","4":"format-standard","5":"has-post-thumbnail","7":"category-nancy","8":"tag-actu","9":"tag-actualites","10":"tag-crime","11":"tag-delit-et-contravention","12":"tag-edition-nancy-et-agglomeration","13":"tag-eu","14":"tag-europe","15":"tag-faits-divers-justice","16":"tag-fr","17":"tag-france","18":"tag-grand-est","19":"tag-metropole-du-grand-nancy-54b5","20":"tag-meurthe-et-moselle","21":"tag-nancy","22":"tag-news","23":"tag-republique-francaise","24":"tag-villers-les-nancy"},"share_on_mastodon":{"url":"https:\/\/pubeurope.com\/@fr\/114581050763128653","error":""},"_links":{"self":[{"href":"https:\/\/www.europesays.com\/fr\/wp-json\/wp\/v2\/posts\/132325","targetHints":{"allow":["GET"]}}],"collection":[{"href":"https:\/\/www.europesays.com\/fr\/wp-json\/wp\/v2\/posts"}],"about":[{"href":"https:\/\/www.europesays.com\/fr\/wp-json\/wp\/v2\/types\/post"}],"author":[{"embeddable":true,"href":"https:\/\/www.europesays.com\/fr\/wp-json\/wp\/v2\/users\/2"}],"replies":[{"embeddable":true,"href":"https:\/\/www.europesays.com\/fr\/wp-json\/wp\/v2\/comments?post=132325"}],"version-history":[{"count":0,"href":"https:\/\/www.europesays.com\/fr\/wp-json\/wp\/v2\/posts\/132325\/revisions"}],"wp:featuredmedia":[{"embeddable":true,"href":"https:\/\/www.europesays.com\/fr\/wp-json\/wp\/v2\/media\/132326"}],"wp:attachment":[{"href":"https:\/\/www.europesays.com\/fr\/wp-json\/wp\/v2\/media?parent=132325"}],"wp:term":[{"taxonomy":"category","embeddable":true,"href":"https:\/\/www.europesays.com\/fr\/wp-json\/wp\/v2\/categories?post=132325"},{"taxonomy":"post_tag","embeddable":true,"href":"https:\/\/www.europesays.com\/fr\/wp-json\/wp\/v2\/tags?post=132325"}],"curies":[{"name":"wp","href":"https:\/\/api.w.org\/{rel}","templated":true}]}}