{"id":132327,"date":"2025-05-27T17:47:10","date_gmt":"2025-05-27T17:47:10","guid":{"rendered":"https:\/\/www.europesays.com\/fr\/132327\/"},"modified":"2025-05-27T17:47:10","modified_gmt":"2025-05-27T17:47:10","slug":"images-decouvrez-cet-impressionnant-projet-alternatif-de-transformation-de-la-place-simone-veil-a-nancy","status":"publish","type":"post","link":"https:\/\/www.europesays.com\/fr\/132327\/","title":{"rendered":"IMAGES. D\u00e9couvrez cet impressionnant projet alternatif de transformation de la place Simone\u00a0Veil\u00a0\u00e0\u00a0Nancy"},"content":{"rendered":"<p>            Par<br \/>\n        <strong><br \/>\n            <a href=\"https:\/\/actu.fr\/auteur\/amandine-mehl\" title=\"Consulter tous les articles de Amandine Mehl\" target=\"_blank\" rel=\"noopener\">Amandine Mehl<\/a><br \/>\n        <\/strong><\/p>\n<p>        Publi\u00e9 le<\/p>\n<p>            27 mai 2025 \u00e0 19h15        <\/p>\n<p>Dans son magazine intitul\u00e9 <a href=\"https:\/\/heyzine.com\/flip-book\/0e0b7b6b56.html?fbclid=IwY2xjawKhP9NleHRuA2FlbQIxMQBicmlkETBwQzBkZjFWeWd4NXFSRUk1AR4yM8Eyb8M9vXSmOtlZ1HQergQfjdKv6D0PKcrXQ1u1_tQukBmwa56zPJnfsg_aem_FBP6go-eWnL34zlHflcggw#page\/5\" target=\"_blank\" rel=\"noopener\">Sens<\/a>, l\u2019association <strong>Aimer Nancy<\/strong>, qui compte <strong>Laurent H\u00e9nart<\/strong>, ancien maire de la cit\u00e9 ducale et d\u2019autres opposants \u00e0 l\u2019actuel premier \u00e9dile, Mathieu Klein, a partag\u00e9 sa vision du devenir de la <a href=\"https:\/\/actu.fr\/grand-est\/nancy_54395\/nancy-la-transformation-de-la-place-simone-veil-a-commence-voici-ce-qui-vous-attend_61308212.html\" target=\"_blank\" rel=\"noopener\">place Simone Veil<\/a>.<\/p>\n<p class=\" wall-content\">L\u2019id\u00e9e : que la place \u00ab\u00a0redevienne le point central d\u2019\u00e9change des mobilit\u00e9s\u00a0\u00bb et \u00ab\u00a0donner sa place \u00e0 l\u2019eau, aux arbres et \u00e0 la v\u00e9g\u00e9talisation\u00a0\u00bb.<\/p>\n<p>Redonner \u00e0 la gare de Nancy son \u00ab\u00a0statut de point central des mobilit\u00e9s\u00a0\u00bb<\/p>\n<p class=\" wall-content\">Tel que pr\u00e9sent\u00e9, le projet pr\u00e9voit le <strong>remplacement de la dalle<\/strong>, \u00e0 l\u2019origine d\u2019un contentieux qui <strong>emp\u00eache<\/strong> la municipalit\u00e9 actuelle de mener \u00e0 bien la transformation de la <a href=\"https:\/\/actu.fr\/grand-est\/nancy_54395\/nancy-pourquoi-la-place-simone-veil-n-est-elle-toujours-pas-vegetalisee_59875143.html\" target=\"_blank\" rel=\"noopener\">place Simone Veil<\/a>.\u00a0<\/p>\n<p class=\" wall-content\">\u00ab\u00a0Le percement de la dalle permettra d\u2019offrir, aux cyclistes et aux pi\u00e9tons, un acc\u00e8s direct, fluide et s\u00e9curis\u00e9 au sous-sol et \u00e0 l\u2019ensemble des quais de la gare depuis l\u2019esplanade\u00a0\u00bb, peut-on lire.<\/p>\n<p class=\" wall-content\">En parall\u00e8le, l\u2019association pr\u00e9voit de redonner \u00e0 la <a href=\"https:\/\/actu.fr\/tag\/gare-de-nancy\" target=\"_blank\" rel=\"noopener\">gare de Nancy<\/a> son \u00ab\u00a0<strong>statut de point central des mobilit\u00e9s<\/strong> avec le r\u00e9tablissement de l\u2019<a href=\"https:\/\/actu.fr\/grand-est\/nancy_54395\/trolleybus-a-nancy-de-couvrez-les-nouveaux-noms-des-stations-de-la-ligne-1_62306471.html\" target=\"_blank\" rel=\"noopener\">arr\u00eat gare de la ligne 1<\/a>\u00ab\u00a0, <strong>taclant<\/strong> au passage le choix pris par la majorit\u00e9 de le d\u00e9placer \u00e0 l\u2019occasion de l\u2019arriv\u00e9e du trolleybus.<\/p>\n<p>De l\u2019eau, de la v\u00e9g\u00e9talisation et des coins ombrag\u00e9s place Simone Veil<\/p>\n<p class=\" wall-content\">\u00ab\u00a0La place Simone Veil doit pouvoir faire l\u2019objet d\u2019une v\u00e9ritable v\u00e9g\u00e9talisation\u00a0\u00bb, lit-on ensuite, avant <strong>un nouveau tacle<\/strong> : \u00ab\u00a0Plut\u00f4t que de planter des arbres en pot, il faut le faire avec intelligence, l\u00e0 o\u00f9 ils peuvent s\u2019enraciner naturellement en pleine terre\u00a0\u00bb, en r\u00e9f\u00e9rence aux <strong>am\u00e9nagements transitoires<\/strong> mis en place par la Ville <strong>en raison de la fragilit\u00e9 de la dalle<\/strong>.<\/p>\n<blockquote class=\"ac-article-quote wall-content\">\n<p>L&rsquo;id\u00e9e est simple : rendre l&rsquo;espace plus respirable, plus accueillant, plus ombrag\u00e9, en particulier l&rsquo;\u00e9t\u00e9. Aux abords de la rue Mazagran, les Nanc\u00e9iennes et Nanc\u00e9iens verront appara\u00eetre bassins et jets d&rsquo;eau, cr\u00e9ant une transition rafra\u00eechissante entre la gare et le d\u00e9but du centre historique.<\/p>\n<p>    <strong>Aimer Nancy<\/strong>\n            <\/p><\/blockquote>\n<p class=\" wall-content\">L\u00e0 o\u00f9 la terre manque, l\u2019association ajoute que de la <strong>pelouse<\/strong>, des <strong>pergolas<\/strong> et des <strong>murs<\/strong> prendront \u00ab\u00a0le relais avec des solutions de v\u00e9g\u00e9talisation innovantes\u00a0\u00bb.\u00a0<\/p>\n<p>Un projet ambitieux pour la place Simone Veil\u2026 mais non chiffr\u00e9<\/p>\n<p class=\" wall-content\">Aimer Nancy propose \u00e9galement d\u2019<strong>animer le pied de la tour Thiers<\/strong> \u00ab\u00a0comme un plateau d\u2019activit\u00e9s saisonni\u00e8res\u00a0\u00bb. \u00ab\u00a0Il pourra accueillir une patinoire en hiver, puis se transformer \u00e0 la belle saison en terrain d\u2019exp\u00e9rimentations ludiques et sportives : murs d\u2019escalade, modules de skate, rollers et sports urbains\u00a0\u00bb.<\/p>\n<p class=\" wall-content\">Une transformation qui permettrait, selon l\u2019association, de faire \u00ab\u00a0de ce lieu de passage une place anim\u00e9e et vivante\u00a0\u00bb. Mais, qui n\u2019a <strong>pas \u00e9t\u00e9 chiffr\u00e9e<\/strong>.<\/p>\n<p class=\" wall-content\">Suivez toute l\u2019actualit\u00e9 de vos villes et m\u00e9dias favoris en vous inscrivant \u00e0 <a href=\"https:\/\/moncompte.actu.fr\" title=\"D\u00e9couvez Mon Actu\" rel=\"nofollow noopener\" data-trk=\"{&quot;cta&quot;:{&quot;action&quot;:&quot;https:\\\/\\\/moncompte.actu.fr&quot;,&quot;category&quot;:&quot;mon compte&quot;,&quot;from&quot;:&quot;article footer&quot;,&quot;name&quot;:&quot;Mon actu&quot;,&quot;type&quot;:&quot;cta&quot;}}\" target=\"_blank\">Mon Actu<\/a>.<\/p>\n","protected":false},"excerpt":{"rendered":"Par Amandine Mehl Publi\u00e9 le 27 mai 2025 \u00e0 19h15 Dans son magazine intitul\u00e9 Sens, l\u2019association Aimer Nancy,&hellip;\n","protected":false},"author":2,"featured_media":132328,"comment_status":"","ping_status":"","sticky":false,"template":"","format":"standard","meta":{"footnotes":""},"categories":[9635],"tags":[1111,11,1777,674,1011,27,13621,775,1702,12,25,104,1352],"class_list":{"0":"post-132327","1":"post","2":"type-post","3":"status-publish","4":"format-standard","5":"has-post-thumbnail","7":"category-nancy","8":"tag-actu","9":"tag-actualites","10":"tag-eu","11":"tag-europe","12":"tag-fr","13":"tag-france","14":"tag-gare-de-nancy","15":"tag-grand-est","16":"tag-nancy","17":"tag-news","18":"tag-republique-francaise","19":"tag-societe","20":"tag-urbanisme"},"share_on_mastodon":{"url":"https:\/\/pubeurope.com\/@fr\/114581054721472039","error":""},"_links":{"self":[{"href":"https:\/\/www.europesays.com\/fr\/wp-json\/wp\/v2\/posts\/132327","targetHints":{"allow":["GET"]}}],"collection":[{"href":"https:\/\/www.europesays.com\/fr\/wp-json\/wp\/v2\/posts"}],"about":[{"href":"https:\/\/www.europesays.com\/fr\/wp-json\/wp\/v2\/types\/post"}],"author":[{"embeddable":true,"href":"https:\/\/www.europesays.com\/fr\/wp-json\/wp\/v2\/users\/2"}],"replies":[{"embeddable":true,"href":"https:\/\/www.europesays.com\/fr\/wp-json\/wp\/v2\/comments?post=132327"}],"version-history":[{"count":0,"href":"https:\/\/www.europesays.com\/fr\/wp-json\/wp\/v2\/posts\/132327\/revisions"}],"wp:featuredmedia":[{"embeddable":true,"href":"https:\/\/www.europesays.com\/fr\/wp-json\/wp\/v2\/media\/132328"}],"wp:attachment":[{"href":"https:\/\/www.europesays.com\/fr\/wp-json\/wp\/v2\/media?parent=132327"}],"wp:term":[{"taxonomy":"category","embeddable":true,"href":"https:\/\/www.europesays.com\/fr\/wp-json\/wp\/v2\/categories?post=132327"},{"taxonomy":"post_tag","embeddable":true,"href":"https:\/\/www.europesays.com\/fr\/wp-json\/wp\/v2\/tags?post=132327"}],"curies":[{"name":"wp","href":"https:\/\/api.w.org\/{rel}","templated":true}]}}