{"id":132343,"date":"2025-05-27T17:57:20","date_gmt":"2025-05-27T17:57:20","guid":{"rendered":"https:\/\/www.europesays.com\/fr\/132343\/"},"modified":"2025-05-27T17:57:20","modified_gmt":"2025-05-27T17:57:20","slug":"ce-depute-dille-et-vilaine-donne-sa-position","status":"publish","type":"post","link":"https:\/\/www.europesays.com\/fr\/132343\/","title":{"rendered":"ce d\u00e9put\u00e9 d\u2019Ille-et-Vilaine donne sa position"},"content":{"rendered":"<p>            Par<br \/>\n        <strong><br \/>\n            <a href=\"https:\/\/actu.fr\/auteur\/remi-charrondiere\" title=\"Consulter tous les articles de R\u00e9mi Charrondi\u00e8re\" target=\"_blank\" rel=\"noopener\">R\u00e9mi Charrondi\u00e8re<\/a><br \/>\n        <\/strong><\/p>\n<p>        Publi\u00e9 le<\/p>\n<p>            27 mai 2025 \u00e0 17h25        <\/p>\n<p>Ce mardi 27\u00a0mai, apr\u00e8s deux semaines de <b>d\u00e9bats<\/b>, <a href=\"https:\/\/actu.fr\/societe\/fin-de-vie-le-texte-sur-les-soins-palliatifs-franchit-une-etape-cle-a-l-assemblee-nationale_62501400.html\" target=\"_blank\" rel=\"noopener\">les d\u00e9put\u00e9s votent le projet de loi sur l\u2019aide \u00e0 mourir<\/a>, source de nombreuses <b>divisions<\/b>, ainsi que celui sur les soins <b>palliatifs<\/b>. Dans ce cadre, <a href=\"https:\/\/actu.fr\/tag\/thierry-benoit\" target=\"_blank\" rel=\"noopener\">Thierry Benoit<\/a>, d\u00e9put\u00e9 de la 6e circonscription<b> d\u2019Ille-et-Vilaine<\/b>, pr\u00e9sente son point de vue.<\/p>\n<p>Quatre arguments<\/p>\n<p class=\" wall-content\">Le parlementaire pose ainsi une <b>question\u2009<\/b>: \u00ab\u2009La fin de vie se <b>d\u00e9cr\u00e8te<\/b>-t-elle par la loi\u2009?\u2009\u00bb et indique que pour lui, \u00ab\u2009le <b>passage <\/b>vers la mort doit s\u2019accompagner d\u2019une <b>pr\u00e9sence <\/b>humaine renforc\u00e9e (famille, amis, personnel m\u00e9dical et soignants)\u2009\u00bb.<\/p>\n<p class=\" wall-content\">Pour cette raison, Thierry Benoit indique qu\u2019il ne \u00ab<b>\u2009votera pas en faveur <\/b>de la loi sur la fin de vie qui pose aussi la <b>question <\/b>de l\u2019acharnement th\u00e9rapeutique\u2009\u00bb.<\/p>\n<p class=\" wall-content\">Il pr\u00e9sente quatre <b>arguments <\/b>expliquant ce choix\u2009:<\/p>\n<ul class=\" wall-content\">\n<li>\u00ab\u2009La <b>loi Claeys-Leonetti<\/b> telle qu\u2019elle existe aujourd\u2019hui reste m\u00e9connue et devrait permettre d\u2019engager une r\u00e9flexion autour du malade avec sa famille et le personnel m\u00e9dical.\u2009\u00bb<\/li>\n<li>\u00ab\u2009Les soignants sont avant tout pr\u00e9sents pour <b>entourer <\/b>le malade et lui apporter <b>soins <\/b>et <b>r\u00e9confort <\/b>et <b>att\u00e9nuer <\/b>la douleur.\u2009\u00bb<\/li>\n<li>\u00ab\u2009Il est prioritaire de permettre <b>l\u2019acc\u00e8s <\/b>aux soins palliatifs pour tous les malades en situation d\u2019en b\u00e9n\u00e9ficier, ce qui n\u2019est <b>pas le cas<\/b> aujourd\u2019hui.\u2009\u00bb<\/li>\n<li>\u00ab\u2009Le <b>vote <\/b>d\u2019une loi sur l\u2019aide \u00e0 mourir <b>ouvre la voie <\/b>\u00e0 une nouvelle <b>doctrine <\/b>avec des risques et <b>cons\u00e9quences <\/b>sans doute <b>m\u00e9connus <\/b>aujourd\u2019hui.\u2009\u00bb<\/li>\n<\/ul>\n<p>Vid\u00e9os : en ce moment sur Actu<\/p>\n<p class=\" wall-content\">Suivez toute l\u2019actualit\u00e9 de vos villes et m\u00e9dias favoris en vous inscrivant \u00e0 <a href=\"https:\/\/moncompte.actu.fr\" title=\"D\u00e9couvez Mon Actu\" rel=\"nofollow noopener\" data-trk=\"{&quot;cta&quot;:{&quot;action&quot;:&quot;https:\\\/\\\/moncompte.actu.fr&quot;,&quot;category&quot;:&quot;mon compte&quot;,&quot;from&quot;:&quot;article footer&quot;,&quot;name&quot;:&quot;Mon actu&quot;,&quot;type&quot;:&quot;cta&quot;}}\" target=\"_blank\">Mon Actu<\/a>.<\/p>\n","protected":false},"excerpt":{"rendered":"Par R\u00e9mi Charrondi\u00e8re Publi\u00e9 le 27 mai 2025 \u00e0 17h25 Ce mardi 27\u00a0mai, apr\u00e8s deux semaines de d\u00e9bats,&hellip;\n","protected":false},"author":2,"featured_media":132344,"comment_status":"","ping_status":"","sticky":false,"template":"","format":"standard","meta":{"footnotes":""},"categories":[2821],"tags":[1111,11,416,829,1777,674,7977,1011,27,12,584,25,104,16476],"class_list":{"0":"post-132343","1":"post","2":"type-post","3":"status-publish","4":"format-standard","5":"has-post-thumbnail","7":"category-rennes","8":"tag-actu","9":"tag-actualites","10":"tag-assemblee-nationale","11":"tag-bretagne","12":"tag-eu","13":"tag-europe","14":"tag-fin-de-vie","15":"tag-fr","16":"tag-france","17":"tag-news","18":"tag-rennes","19":"tag-republique-francaise","20":"tag-societe","21":"tag-thierry-benoit"},"share_on_mastodon":{"url":"https:\/\/pubeurope.com\/@fr\/114581093988183878","error":""},"_links":{"self":[{"href":"https:\/\/www.europesays.com\/fr\/wp-json\/wp\/v2\/posts\/132343","targetHints":{"allow":["GET"]}}],"collection":[{"href":"https:\/\/www.europesays.com\/fr\/wp-json\/wp\/v2\/posts"}],"about":[{"href":"https:\/\/www.europesays.com\/fr\/wp-json\/wp\/v2\/types\/post"}],"author":[{"embeddable":true,"href":"https:\/\/www.europesays.com\/fr\/wp-json\/wp\/v2\/users\/2"}],"replies":[{"embeddable":true,"href":"https:\/\/www.europesays.com\/fr\/wp-json\/wp\/v2\/comments?post=132343"}],"version-history":[{"count":0,"href":"https:\/\/www.europesays.com\/fr\/wp-json\/wp\/v2\/posts\/132343\/revisions"}],"wp:featuredmedia":[{"embeddable":true,"href":"https:\/\/www.europesays.com\/fr\/wp-json\/wp\/v2\/media\/132344"}],"wp:attachment":[{"href":"https:\/\/www.europesays.com\/fr\/wp-json\/wp\/v2\/media?parent=132343"}],"wp:term":[{"taxonomy":"category","embeddable":true,"href":"https:\/\/www.europesays.com\/fr\/wp-json\/wp\/v2\/categories?post=132343"},{"taxonomy":"post_tag","embeddable":true,"href":"https:\/\/www.europesays.com\/fr\/wp-json\/wp\/v2\/tags?post=132343"}],"curies":[{"name":"wp","href":"https:\/\/api.w.org\/{rel}","templated":true}]}}