{"id":132345,"date":"2025-05-27T17:58:14","date_gmt":"2025-05-27T17:58:14","guid":{"rendered":"https:\/\/www.europesays.com\/fr\/132345\/"},"modified":"2025-05-27T17:58:14","modified_gmt":"2025-05-27T17:58:14","slug":"apres-lintoxication-alimentaire-dans-un-restaurant-les-patrons-sexpriment","status":"publish","type":"post","link":"https:\/\/www.europesays.com\/fr\/132345\/","title":{"rendered":"apr\u00e8s l&rsquo;intoxication alimentaire dans un restaurant, les patrons s&rsquo;expriment"},"content":{"rendered":"<p>            Par<br \/>\n        <strong><br \/>\n            <a href=\"https:\/\/actu.fr\/auteur\/brian-legoff\" title=\"Consulter tous les articles de Brian Le Goff\" rel=\"nofollow noopener\" target=\"_blank\">Brian Le Goff<\/a><br \/>\n        <\/strong><\/p>\n<p>        Publi\u00e9 le<\/p>\n<p>            27 mai 2025 \u00e0 18h07        <\/p>\n<p>\u00ab\u00a0C\u2019est difficile pour nous.\u00a0\u00bb Seulement quelques heures apr\u00e8s l\u2019intervention des pompiers au sein de leur \u00e9tablissement, <strong>Samuel Burgos et Bastien Gorju,<\/strong> cog\u00e9rants du restaurant L\u2019Unik, pr\u00e8s de <a href=\"https:\/\/actu.fr\/rennes\/\" rel=\"nofollow noopener\" target=\"_blank\">Rennes<\/a>, restent encore <strong>marqu\u00e9s par le service<\/strong> qu\u2019ils viennent de vivre. <a href=\"https:\/\/actu.fr\/bretagne\/rennes_35238\/intoxication-alimentaire-dans-un-restaurant-pres-de-rennes-dix-victimes-trois-personnes-en-urgence-absolue_62694400.html\" rel=\"nofollow noopener\" target=\"_blank\">Dix personnes ont en effet \u00e9t\u00e9 victimes d\u2019une intoxication alimentaire, mardi 27 mai \u00e0 midi<\/a>.<\/p>\n<p>\u00ab\u00a0On a imm\u00e9diatement contact\u00e9 les pompiers\u00a0\u00bb<\/p>\n<p class=\" wall-content\">Alors que <strong>70 clients d\u00e9jeunaient<\/strong> dans la salle de restaurant, un groupe de 10 personnes a \u00e9t\u00e9 pris de suffocations et a manifest\u00e9 des rougeurs. \u00ab\u00a0On a imm\u00e9diatement contact\u00e9 les pompiers\u00a0\u00bb, retracent les g\u00e9rants.<\/p>\n<p class=\" wall-content\">Les dix victimes, dont trois en urgence absolue, ont \u00e9t\u00e9 transport\u00e9es \u00e0 l\u2019h\u00f4pital. \u00ab\u00a0Elles ont <strong>toutes mang\u00e9 un m\u00eame plat en entr\u00e9e<\/strong>, un tataki de thon, que nous avons l\u2019habitude de pr\u00e9parer. Nous le recevons d\u00e9j\u00e0 en portion individuelle et nous le faisons mariner\u00a0\u00bb, poursuivent les g\u00e9rants, attrist\u00e9s par la situation et esp\u00e9rant que les clients concern\u00e9s se remettront tr\u00e8s vite.<\/p>\n<p>\u00ab\u00a0Pas de suspicion de n\u00e9gligence du restaurant\u00a0\u00bb<\/p>\n<p class=\" wall-content\"><strong>En contact<\/strong> avec l\u2019Agence r\u00e9gionale de sant\u00e9 <strong>(ARS)<\/strong> et la direction d\u00e9partementale de la protection des populations<strong> (DDPP)<\/strong>, les patrons ont fourni toutes les informations n\u00e9cessaires pour la tra\u00e7abilit\u00e9 du produit : \u00ab\u00a0C\u2019est forc\u00e9ment dur \u00e0 encaisser. On a l\u2019impression d\u2019\u00eatre fautifs, alors que, des premiers retours que nous avons eus, l\u2019intoxication pourrait \u00eatre due \u00e0 une <strong>bact\u00e9rie qui se d\u00e9veloppe naturellement<\/strong> dans le thon.\u00a0\u00bb<\/p>\n<p>Vid\u00e9os : en ce moment sur Actu<\/p>\n<p class=\" wall-content\">Des propos <strong>confirm\u00e9s par un gendarme de la compagnie de Rennes,<\/strong> sollicit\u00e9e par actu Rennes : \u00ab\u00a0Il n\u2019y a, \u00e0 l\u2019heure actuelle, pas de suspicion de n\u00e9gligence de la part du restaurant.\u00a0\u00bb<\/p>\n<p class=\" wall-content\">Suivez toute l\u2019actualit\u00e9 de vos villes et m\u00e9dias favoris en vous inscrivant \u00e0 <a href=\"https:\/\/moncompte.actu.fr\" title=\"D\u00e9couvez Mon Actu\" rel=\"nofollow noopener\" data-trk=\"{&quot;cta&quot;:{&quot;action&quot;:&quot;https:\\\/\\\/moncompte.actu.fr&quot;,&quot;category&quot;:&quot;mon compte&quot;,&quot;from&quot;:&quot;article footer&quot;,&quot;name&quot;:&quot;Mon actu&quot;,&quot;type&quot;:&quot;cta&quot;}}\" target=\"_blank\">Mon Actu<\/a>.<\/p>\n","protected":false},"excerpt":{"rendered":"Par Brian Le Goff Publi\u00e9 le 27 mai 2025 \u00e0 18h07 \u00ab\u00a0C\u2019est difficile pour nous.\u00a0\u00bb Seulement quelques heures&hellip;\n","protected":false},"author":2,"featured_media":132346,"comment_status":"","ping_status":"","sticky":false,"template":"","format":"standard","meta":{"footnotes":""},"categories":[2821],"tags":[1111,11,258,829,1777,674,118,1011,27,12,584,25,1340],"class_list":{"0":"post-132345","1":"post","2":"type-post","3":"status-publish","4":"format-standard","5":"has-post-thumbnail","7":"category-rennes","8":"tag-actu","9":"tag-actualites","10":"tag-alimentation","11":"tag-bretagne","12":"tag-eu","13":"tag-europe","14":"tag-faits-divers","15":"tag-fr","16":"tag-france","17":"tag-news","18":"tag-rennes","19":"tag-republique-francaise","20":"tag-restaurant"},"share_on_mastodon":{"url":"https:\/\/pubeurope.com\/@fr\/114581098031404852","error":""},"_links":{"self":[{"href":"https:\/\/www.europesays.com\/fr\/wp-json\/wp\/v2\/posts\/132345","targetHints":{"allow":["GET"]}}],"collection":[{"href":"https:\/\/www.europesays.com\/fr\/wp-json\/wp\/v2\/posts"}],"about":[{"href":"https:\/\/www.europesays.com\/fr\/wp-json\/wp\/v2\/types\/post"}],"author":[{"embeddable":true,"href":"https:\/\/www.europesays.com\/fr\/wp-json\/wp\/v2\/users\/2"}],"replies":[{"embeddable":true,"href":"https:\/\/www.europesays.com\/fr\/wp-json\/wp\/v2\/comments?post=132345"}],"version-history":[{"count":0,"href":"https:\/\/www.europesays.com\/fr\/wp-json\/wp\/v2\/posts\/132345\/revisions"}],"wp:featuredmedia":[{"embeddable":true,"href":"https:\/\/www.europesays.com\/fr\/wp-json\/wp\/v2\/media\/132346"}],"wp:attachment":[{"href":"https:\/\/www.europesays.com\/fr\/wp-json\/wp\/v2\/media?parent=132345"}],"wp:term":[{"taxonomy":"category","embeddable":true,"href":"https:\/\/www.europesays.com\/fr\/wp-json\/wp\/v2\/categories?post=132345"},{"taxonomy":"post_tag","embeddable":true,"href":"https:\/\/www.europesays.com\/fr\/wp-json\/wp\/v2\/tags?post=132345"}],"curies":[{"name":"wp","href":"https:\/\/api.w.org\/{rel}","templated":true}]}}