{"id":132347,"date":"2025-05-27T17:59:18","date_gmt":"2025-05-27T17:59:18","guid":{"rendered":"https:\/\/www.europesays.com\/fr\/132347\/"},"modified":"2025-05-27T17:59:18","modified_gmt":"2025-05-27T17:59:18","slug":"strasbourg-colors-urban-art-debarque-sinstallera-sur-les-murs-du-college-vauban-a-la-rentree","status":"publish","type":"post","link":"https:\/\/www.europesays.com\/fr\/132347\/","title":{"rendered":"Strasbourg. Colors Urban Art d\u00e9barque s&rsquo;installera sur les murs du coll\u00e8ge Vauban \u00e0 la rentr\u00e9e"},"content":{"rendered":"<p>Apr\u00e8s avoir accueilli pr\u00e8s de cent artistes dans divers lieux embl\u00e9matiques,\u00a0<a href=\"https:\/\/www.dna.fr\/culture-loisirs\/2025\/04\/27\/entre-agacement-et-admiration-des-passants-ces-artistes-de-rue-colorent-l-espace-public\" target=\"_blank\" rel=\"nofollow noopener\">le festival d\u2019art urbain contemporain strasbourgeois Colors Urban Art<\/a> investira du 5 au 21 septembre le coll\u00e8ge international Vauban, mis \u00e0 disposition avec le soutien de la Collectivit\u00e9 europ\u00e9enne d\u2019Alsace, propri\u00e9taire des lieux, et transform\u00e9 en v\u00e9ritable terrain de jeu cr\u00e9atif pour l\u2019occasion.<\/p>\n<p>Sous la direction artistique <a href=\"https:\/\/www.dna.fr\/actualite\/2021\/09\/18\/de-sondersdorf-a-los-angeles-l-incroyable-engouement-pour-stom500\" target=\"_blank\" rel=\"nofollow noopener\">de Stom500<\/a>, cette 7e \u00e9dition mettra \u00e0 l\u2019honneur dix artistes de renomm\u00e9e internationale, qui redessineront les murs du coll\u00e8ge avec des fresques monumentales et in\u00e9dites.<\/p>\n<p>Ce contenu est bloqu\u00e9 car vous n&rsquo;avez pas accept\u00e9 les cookies et autres traceurs.<\/p>\n<p>En cliquant sur \u00ab J\u2019accepte \u00bb, les cookies et autres traceurs seront d\u00e9pos\u00e9s et vous pourrez visualiser les contenus  (<a href=\"\" class=\"consentModule_policy\" target=\"_blank\" title=\"Consulter la politique de protection des donn\u00e9es du fournisseur\">plus d&rsquo;informations<\/a>).<\/p>\n<p>En cliquant sur \u00ab J\u2019accepte tous les cookies \u00bb, vous autorisez des d\u00e9p\u00f4ts de cookies et autres traceurs pour le stockage de vos donn\u00e9es sur nos sites et applications \u00e0 des fins de personnalisation et de ciblage publicitaire.<\/p>\n<p class=\"consentModule_secondaryText\">Vous gardez la possibilit\u00e9 de retirer votre consentement \u00e0 tout moment en consultant notre <a href=\"https:\/\/www.dna.fr\/protection-des-donnees\" target=\"_blank\" title=\"Consulter notre politique de protection des donn\u00e9es\" rel=\"nofollow noopener\">politique de protection des donn\u00e9es<\/a>. <br \/>&#13;<br \/>\n            <a href=\"https:\/\/www.dna.fr\/culture-loisirs\/2025\/05\/27\/javascript:Didomi.notice.show()\" class=\"consentModule_cmp\" rel=\"nofollow noopener\" target=\"_blank\">G\u00e9rer mes choix<\/a>&#13;\n        <\/p>\n<p>&#13;<br \/>\n                        J&rsquo;accepte&#13;<br \/>\n            J&rsquo;accepte tous les cookies&#13;\n        <\/p>\n<p>  Vernissage le 5 septembre<\/p>\n<p>Durant plusieurs semaines, et d\u00e8s cette fin mai, les artistes partageront un temps de cr\u00e9ation in situ, favorisant les \u00e9changes et les collaborations. Les week-ends d\u2019ouverture seront rythm\u00e9s par une s\u00e9rie de battles graffiti, des performances live, des conf\u00e9rences, etc. Des visites comment\u00e9es gratuites permettront de plonger dans les coulisses des cr\u00e9ations.<\/p>\n<p>Parall\u00e8lement, la programmation \u00ab Hors les murs \u00bb se d\u00e9ploiera dans plusieurs villes d\u2019Alsace, et les Colors Creative Sessions proposeront une s\u00e9rie d\u2019ateliers, de jams et de rencontres autour des cultures urbaines.<\/p>\n<p>\u00c0 vos agendas : le vernissage est pr\u00e9vu le vendredi 5 septembre \u00e0 18 h 30 !<\/p>\n","protected":false},"excerpt":{"rendered":"Apr\u00e8s avoir accueilli pr\u00e8s de cent artistes dans divers lieux embl\u00e9matiques,\u00a0le festival d\u2019art urbain contemporain strasbourgeois Colors Urban&hellip;\n","protected":false},"author":2,"featured_media":132348,"comment_status":"","ping_status":"","sticky":false,"template":"","format":"standard","meta":{"footnotes":""},"categories":[2820],"tags":[1111,11,2389,2649,1687,2880,1777,674,2271,107,1011,27,775,12,25,640],"class_list":{"0":"post-132347","1":"post","2":"type-post","3":"status-publish","4":"format-standard","5":"has-post-thumbnail","7":"category-strasbourg","8":"tag-actu","9":"tag-actualites","10":"tag-alsace","11":"tag-bas-rhin","12":"tag-culture-loisirs","13":"tag-edition-strasbourg","14":"tag-eu","15":"tag-europe","16":"tag-exposition-arts-plastiques","17":"tag-fil-info","18":"tag-fr","19":"tag-france","20":"tag-grand-est","21":"tag-news","22":"tag-republique-francaise","23":"tag-strasbourg"},"share_on_mastodon":{"url":"https:\/\/pubeurope.com\/@fr\/114581101852997709","error":""},"_links":{"self":[{"href":"https:\/\/www.europesays.com\/fr\/wp-json\/wp\/v2\/posts\/132347","targetHints":{"allow":["GET"]}}],"collection":[{"href":"https:\/\/www.europesays.com\/fr\/wp-json\/wp\/v2\/posts"}],"about":[{"href":"https:\/\/www.europesays.com\/fr\/wp-json\/wp\/v2\/types\/post"}],"author":[{"embeddable":true,"href":"https:\/\/www.europesays.com\/fr\/wp-json\/wp\/v2\/users\/2"}],"replies":[{"embeddable":true,"href":"https:\/\/www.europesays.com\/fr\/wp-json\/wp\/v2\/comments?post=132347"}],"version-history":[{"count":0,"href":"https:\/\/www.europesays.com\/fr\/wp-json\/wp\/v2\/posts\/132347\/revisions"}],"wp:featuredmedia":[{"embeddable":true,"href":"https:\/\/www.europesays.com\/fr\/wp-json\/wp\/v2\/media\/132348"}],"wp:attachment":[{"href":"https:\/\/www.europesays.com\/fr\/wp-json\/wp\/v2\/media?parent=132347"}],"wp:term":[{"taxonomy":"category","embeddable":true,"href":"https:\/\/www.europesays.com\/fr\/wp-json\/wp\/v2\/categories?post=132347"},{"taxonomy":"post_tag","embeddable":true,"href":"https:\/\/www.europesays.com\/fr\/wp-json\/wp\/v2\/tags?post=132347"}],"curies":[{"name":"wp","href":"https:\/\/api.w.org\/{rel}","templated":true}]}}