{"id":132361,"date":"2025-05-27T18:06:11","date_gmt":"2025-05-27T18:06:11","guid":{"rendered":"https:\/\/www.europesays.com\/fr\/132361\/"},"modified":"2025-05-27T18:06:11","modified_gmt":"2025-05-27T18:06:11","slug":"girondins-le-dossier-doliver-kahn-retenu-par-le-tribunal-de-commerce-de-bordeaux","status":"publish","type":"post","link":"https:\/\/www.europesays.com\/fr\/132361\/","title":{"rendered":"Girondins : le dossier d&rsquo;Oliver Kahn retenu par le tribunal de commerce de Bordeaux"},"content":{"rendered":"<p><img decoding=\"async\" src=\"https:\/\/www.europesays.com\/fr\/wp-content\/uploads\/2025\/05\/671_d43b1a85a1f5af36933c4ea2e485fb80.jpg\" alt=\"Girondins : le dossier d'Oliver Kahn retenu par le tribunal de commerce de Bordeaux\" class=\"img-responsive mt-3\"\/><\/p>\n<p class=\"text-center mb-3\" style=\"font-size: 14px\">\u00a9 Iconsport<\/p>\n<p>      <strong>Premi\u00e8re \u00e9tape franchie pour Oliver Kahn<\/strong><\/p>\n<p style=\"text-align: justify;\">Lundi 26 mai, <a href=\"https:\/\/www.webgirondins.com\/actualite-girondins-girondins-oliver-kahn-a-depose-un-dossier-de-plan-de-cession-pour-bordeaux-129221\" target=\"_blank\" rel=\"noopener nofollow\">Oliver Kahn a d\u00e9pos\u00e9 un plan de cession pour acqu\u00e9rir les Girondins de Bordeaux<\/a> et prendre la succession G\u00e9rard Lopez \u00e0 la t\u00eate du club. Ce mardi, le tribunal de commerce de Bordeaux a jug\u00e9 le plan s\u00e9rieux et recevable, indique <a href=\"https:\/\/www.lequipe.fr\/Football\/Actualites\/Le-dossier-oliver-kahn-retenu-par-le-tribunal-de-commerce-prochaine-audience-pour-l-avenir-des-girondins-de-bordeaux-le-13-juin\/1565400\" target=\"_blank\" rel=\"noopener nofollow\">L&rsquo;\u00c9quipe<\/a>.<\/p>\n<p style=\"text-align: justify;\">C&rsquo;est une \u00e9tape de plus de franchie dans ce long chemin proc\u00e9dural pour Bordeaux. Les propositions de plan fournies par Oliver Kahn seront \u00e9tudi\u00e9es par le tribunal de commerce et la chambre du conseil.<\/p>\n<p style=\"text-align: justify;\">L&rsquo;analyse du dossier Oliver Kahn sera faite le 13 juin et repoussera la d\u00e9cision du tribunal de commerce aux alentours du 20 juin. Or, la DNCG est le 24 juin pour Bordeaux, laissant le club bordelais sur un fil niveau timing.<\/p>\n<p style=\"text-align: justify;\">Une fois de plus, depuis 2021, l\u2019\u00e9t\u00e9 sera synonyme de proc\u00e9dure pour le club Marine et Blanc.<\/p>\n<p style=\"text-align: justify;\">&gt;&gt;\u00a0<strong><a href=\"https:\/\/www.webgirondins.com\/actualite-girondins-girondins-gerard-lopez-arrive-par-la-porte-de-derriere-au-tribunal-de-commerce-de-bordeaux-129233\" target=\"_blank\" rel=\"noopener nofollow\">G\u00e9rard Lopez arrive par la porte de derri\u00e8re au tribunal de commerce de Bordeaux<\/a><\/strong><\/p>\n<p style=\"text-align: justify;\">Notre podcast court :<\/p>\n<p>\u00a0<\/p>\n","protected":false},"excerpt":{"rendered":"\u00a9 Iconsport Premi\u00e8re \u00e9tape franchie pour Oliver Kahn Lundi 26 mai, Oliver Kahn a d\u00e9pos\u00e9 un plan de&hellip;\n","protected":false},"author":2,"featured_media":129704,"comment_status":"","ping_status":"","sticky":false,"template":"","format":"standard","meta":{"footnotes":""},"categories":[2817],"tags":[12408,1111,11,3694,6186,1997,19659,215,21464,25706,15491,4485,1777,674,1011,27,8294,1987,4933,4654,8295,9778,12,2219,4653,5355,5396,25,25705,3693],"class_list":{"0":"post-132361","1":"post","2":"type-post","3":"status-publish","4":"format-standard","5":"has-post-thumbnail","7":"category-bordeaux","8":"tag-activite","9":"tag-actu","10":"tag-actualites","11":"tag-affaires","12":"tag-audience","13":"tag-bordeaux","14":"tag-bordelaise","15":"tag-commerce","16":"tag-continuation","17":"tag-defendu","18":"tag-delegation","19":"tag-dossier","20":"tag-eu","21":"tag-europe","22":"tag-fr","23":"tag-france","24":"tag-gerard","25":"tag-girondins","26":"tag-homme","27":"tag-kahn","28":"tag-lopez","29":"tag-mardi","30":"tag-news","31":"tag-nouvelle-aquitaine","32":"tag-oliver","33":"tag-plan","34":"tag-porte","35":"tag-republique-francaise","36":"tag-retenu","37":"tag-tribunal"},"share_on_mastodon":{"url":"https:\/\/pubeurope.com\/@fr\/114581129497567655","error":""},"_links":{"self":[{"href":"https:\/\/www.europesays.com\/fr\/wp-json\/wp\/v2\/posts\/132361","targetHints":{"allow":["GET"]}}],"collection":[{"href":"https:\/\/www.europesays.com\/fr\/wp-json\/wp\/v2\/posts"}],"about":[{"href":"https:\/\/www.europesays.com\/fr\/wp-json\/wp\/v2\/types\/post"}],"author":[{"embeddable":true,"href":"https:\/\/www.europesays.com\/fr\/wp-json\/wp\/v2\/users\/2"}],"replies":[{"embeddable":true,"href":"https:\/\/www.europesays.com\/fr\/wp-json\/wp\/v2\/comments?post=132361"}],"version-history":[{"count":0,"href":"https:\/\/www.europesays.com\/fr\/wp-json\/wp\/v2\/posts\/132361\/revisions"}],"wp:featuredmedia":[{"embeddable":true,"href":"https:\/\/www.europesays.com\/fr\/wp-json\/wp\/v2\/media\/129704"}],"wp:attachment":[{"href":"https:\/\/www.europesays.com\/fr\/wp-json\/wp\/v2\/media?parent=132361"}],"wp:term":[{"taxonomy":"category","embeddable":true,"href":"https:\/\/www.europesays.com\/fr\/wp-json\/wp\/v2\/categories?post=132361"},{"taxonomy":"post_tag","embeddable":true,"href":"https:\/\/www.europesays.com\/fr\/wp-json\/wp\/v2\/tags?post=132361"}],"curies":[{"name":"wp","href":"https:\/\/api.w.org\/{rel}","templated":true}]}}