{"id":132364,"date":"2025-05-27T18:08:10","date_gmt":"2025-05-27T18:08:10","guid":{"rendered":"https:\/\/www.europesays.com\/fr\/132364\/"},"modified":"2025-05-27T18:08:10","modified_gmt":"2025-05-27T18:08:10","slug":"toulouse-cette-guinguette-connue-pour-ses-parts-xxl-et-ses-activites-rouvre-pour-un-troisieme-ete","status":"publish","type":"post","link":"https:\/\/www.europesays.com\/fr\/132364\/","title":{"rendered":"Toulouse. Cette guinguette connue pour ses parts XXL et ses activit\u00e9s rouvre pour un troisi\u00e8me \u00e9t\u00e9"},"content":{"rendered":"<p>            Par<br \/>\n        <strong><br \/>\n            <a href=\"https:\/\/actu.fr\/auteur\/pascal-pallas\" title=\"Consulter tous les articles de Pascal Pallas\" target=\"_blank\" rel=\"noopener\">Pascal Pallas<\/a><br \/>\n        <\/strong><\/p>\n<p>        Publi\u00e9 le<\/p>\n<p>            27 mai 2025 \u00e0 19h04        <\/p>\n<p>La guinguette <strong>Chez Molly<\/strong> rouvre ses portes ce mercredi 28 mai 2025 dans le quartier Montaudran \u00e0 <a href=\"http:\/\/actu.fr\/toulouse\" target=\"_blank\" rel=\"noopener\">Toulouse<\/a>.<\/p>\n<p class=\" wall-content\">Sous les palmiers, autour d\u2019un verre, ou d\u2019une planche bien garnie, le lieu s\u2019est impos\u00e9 les deux derniers \u00e9t\u00e9s comme une adresse incontournable des soir\u00e9es toulousaines dans un cadre unique : la grande terrasse de la guinguette est situ\u00e9e au c\u0153ur du <strong>complexe de loisirs Toulouse-Montaudran<\/strong>, avec ses pistes de bowling, ses jeux arcades, son laser game tout neuf et son circuit de karting indoor.<\/p>\n<p>Une nouvelle carte, mais toujours des portions XXL<\/p>\n<p class=\" wall-content\">Pour le troisi\u00e8me \u00e9t\u00e9, Chez Molly promet de se distinguer aussi par son impressionnante carte de tapas et ses portions tr\u00e8s g\u00e9n\u00e9reuses. Ici, comme au menu du restaurant \u00e9ponyme, mais \u00e9galement des restaurants <a href=\"https:\/\/actu.fr\/occitanie\/balma_31044\/pres-de-toulouse-ce-desormais-celebre-restaurant-vitamine-sa-terrasse-pour-l-ete_61185669.html\" target=\"_blank\" rel=\"noopener\">Chez Yvonne<\/a> et <a href=\"https:\/\/actu.fr\/occitanie\/balma_31044\/pizzas-geantes-plats-de-pates-xxl-desserts-maison-ce-nouveau-restaurant-italien-va-faire-fureur-a-toulouse_62082047.html\" target=\"_blank\" rel=\"noopener\">Chez Giovanni<\/a> des m\u00eames g\u00e9rants, les assiettes sont XXL.\u00a0<\/p>\n<p class=\" wall-content\">\u00ab\u00a0Il y a quelques nouveaut\u00e9s \u00e0 d\u00e9vorer cette ann\u00e9e : mini smash burgers, brochettes de b\u0153uf yakitori, \u00e9minc\u00e9 d\u2019onglet de b\u0153uf, empanadas croustillantes\u2026 Tout est fait maison, avec des produits de qualit\u00e9\u00a0\u00bb, annonce les g\u00e9rants.\u00a0<\/p>\n<p class=\" wall-content\">\u00c0 cela s\u2019ajoutent une belle carte de cocktail, vins et des incontournables du bar \u00e0 siroter sous les guirlandes lumineuses, dans une ambiance festive et d\u00e9contract\u00e9e.<\/p>\n<p>Vid\u00e9os : en ce moment sur ActuUne grande soir\u00e9e Feria, jeudi 5 juin<\/p>\n<p class=\" wall-content\">Pour marquer le d\u00e9but de la saison comme il se doit, Chez Molly organise <strong>une grande soir\u00e9e Feria<\/strong>, jeudi 5 juin 2025. \u00ab\u00a0Dress code blanc et rouge, tapas en folie, musique live, DJ set, surprises\u2026 Une ambiance du Sud-Ouest festive et d\u00e9contract\u00e9e, dans l\u2019esprit bod\u00e9ga, comme on les aime \u00e0 Toulouse\u00a0\u00bb, promettent les deux g\u00e9rants.<\/p>\n<p><strong>Chez Molly<\/strong><br \/>8 impasse Louise Lab\u00e9, Toulouse<br \/>\u00c0 partir du mercredi 28 mai 2025<br \/>Tous les jours de 17h \u00e0 2h (jusqu\u2019\u00e0 3h le week-end).<br \/>Service restauration de la guinguette de 18h \u00e0 22h30<br \/>T\u00e9l.: 05 61 20 20 70<br \/>www.chezmolly.fr \u2013 Instagram, Tiktok : @Chezmollyrestaurant<\/p>\n<p class=\" wall-content\">Suivez toute l\u2019actualit\u00e9 de vos villes et m\u00e9dias favoris en vous inscrivant \u00e0 <a href=\"https:\/\/moncompte.actu.fr\" title=\"D\u00e9couvez Mon Actu\" rel=\"nofollow noopener\" data-trk=\"{&quot;cta&quot;:{&quot;action&quot;:&quot;https:\\\/\\\/moncompte.actu.fr&quot;,&quot;category&quot;:&quot;mon compte&quot;,&quot;from&quot;:&quot;article footer&quot;,&quot;name&quot;:&quot;Mon actu&quot;,&quot;type&quot;:&quot;cta&quot;}}\" target=\"_blank\">Mon Actu<\/a>.<\/p>\n","protected":false},"excerpt":{"rendered":"Par Pascal Pallas Publi\u00e9 le 27 mai 2025 \u00e0 19h04 La guinguette Chez Molly rouvre ses portes ce&hellip;\n","protected":false},"author":2,"featured_media":132365,"comment_status":"","ping_status":"","sticky":false,"template":"","format":"standard","meta":{"footnotes":""},"categories":[2816],"tags":[1111,11,1777,674,1011,27,14574,1652,12,2680,25,2312],"class_list":{"0":"post-132364","1":"post","2":"type-post","3":"status-publish","4":"format-standard","5":"has-post-thumbnail","7":"category-toulouse","8":"tag-actu","9":"tag-actualites","10":"tag-eu","11":"tag-europe","12":"tag-fr","13":"tag-france","14":"tag-guinguettes-a-toulouse","15":"tag-loisirs-culture","16":"tag-news","17":"tag-occitanie","18":"tag-republique-francaise","19":"tag-toulouse"},"share_on_mastodon":{"url":"https:\/\/pubeurope.com\/@fr\/114581137249485314","error":""},"_links":{"self":[{"href":"https:\/\/www.europesays.com\/fr\/wp-json\/wp\/v2\/posts\/132364","targetHints":{"allow":["GET"]}}],"collection":[{"href":"https:\/\/www.europesays.com\/fr\/wp-json\/wp\/v2\/posts"}],"about":[{"href":"https:\/\/www.europesays.com\/fr\/wp-json\/wp\/v2\/types\/post"}],"author":[{"embeddable":true,"href":"https:\/\/www.europesays.com\/fr\/wp-json\/wp\/v2\/users\/2"}],"replies":[{"embeddable":true,"href":"https:\/\/www.europesays.com\/fr\/wp-json\/wp\/v2\/comments?post=132364"}],"version-history":[{"count":0,"href":"https:\/\/www.europesays.com\/fr\/wp-json\/wp\/v2\/posts\/132364\/revisions"}],"wp:featuredmedia":[{"embeddable":true,"href":"https:\/\/www.europesays.com\/fr\/wp-json\/wp\/v2\/media\/132365"}],"wp:attachment":[{"href":"https:\/\/www.europesays.com\/fr\/wp-json\/wp\/v2\/media?parent=132364"}],"wp:term":[{"taxonomy":"category","embeddable":true,"href":"https:\/\/www.europesays.com\/fr\/wp-json\/wp\/v2\/categories?post=132364"},{"taxonomy":"post_tag","embeddable":true,"href":"https:\/\/www.europesays.com\/fr\/wp-json\/wp\/v2\/tags?post=132364"}],"curies":[{"name":"wp","href":"https:\/\/api.w.org\/{rel}","templated":true}]}}