{"id":132374,"date":"2025-05-27T18:13:08","date_gmt":"2025-05-27T18:13:08","guid":{"rendered":"https:\/\/www.europesays.com\/fr\/132374\/"},"modified":"2025-05-27T18:13:08","modified_gmt":"2025-05-27T18:13:08","slug":"lyon-arrete-en-flagrant-delit-soupconne-de-cinq-cambriolages","status":"publish","type":"post","link":"https:\/\/www.europesays.com\/fr\/132374\/","title":{"rendered":"Lyon. Arr\u00eat\u00e9 en flagrant d\u00e9lit, soup\u00e7onn\u00e9 de cinq cambriolages"},"content":{"rendered":"<p>Lundi 26\u00a0mai vers une heure du matin un habitant de l\u2019avenue des Fr\u00e8res Lumi\u00e8re \u00e0 Lyon (8e) a appel\u00e9 la police pour signaler qu\u2019un intrus venait de s\u2019introduire dans la cour ext\u00e9rieure de son immeuble pour cambrioler un magasin.<\/p>\n<p>\u00c0 leur arriv\u00e9e sur place, les policiers ont entendu des bruits de coups sur un rideau m\u00e9tallique, qui ont provoqu\u00e9 le d\u00e9clenchement d\u2019une alarme et ont surpris un individu muni d\u2019une tige m\u00e9tallique avec laquelle il essayait de forcer le rideau. Cet homme de 30 ans, connu des services de police pour des faits similaires, a \u00e9t\u00e9 plac\u00e9 en garde \u00e0 vue et a reconnu les faits. Les investigations ont permis de lui imputer quatre autres <a href=\"https:\/\/www.leprogres.fr\/faits-divers-justice\/2025\/02\/01\/chiffres-de-la-delinquance-un-bilan-2024-inquietant\" target=\"_blank\" rel=\"noopener\">cambriolages de commerces<\/a>, commis entre le 13 et le 25\u00a0juin dans les 3e et 6e arrondissements de Lyon.<\/p>\n<p>Ce contenu est bloqu\u00e9 car vous n&rsquo;avez pas accept\u00e9 les cookies et autres traceurs.<\/p>\n<p>En cliquant sur \u00ab J\u2019accepte \u00bb, les cookies et autres traceurs seront d\u00e9pos\u00e9s et vous pourrez visualiser les contenus  (<a href=\"\" class=\"consentModule_policy\" target=\"_blank\" title=\"Consulter la politique de protection des donn\u00e9es du fournisseur\">plus d&rsquo;informations<\/a>).<\/p>\n<p>En cliquant sur \u00ab J\u2019accepte tous les cookies \u00bb, vous autorisez des d\u00e9p\u00f4ts de cookies et autres traceurs pour le stockage de vos donn\u00e9es sur nos sites et applications \u00e0 des fins de personnalisation et de ciblage publicitaire.<\/p>\n<p class=\"consentModule_secondaryText\">Vous gardez la possibilit\u00e9 de retirer votre consentement \u00e0 tout moment en consultant notre <a href=\"https:\/\/www.leprogres.fr\/protection-des-donnees\" target=\"_blank\" title=\"Consulter notre politique de protection des donn\u00e9es\" rel=\"noopener\">politique de protection des donn\u00e9es<\/a>. <br \/>&#13;<br \/>\n            <a href=\"https:\/\/www.leprogres.fr\/faits-divers-justice\/2025\/05\/27\/javascript:Didomi.notice.show()\" class=\"consentModule_cmp\" target=\"_blank\" rel=\"noopener\">G\u00e9rer mes choix<\/a>&#13;\n        <\/p>\n<p>&#13;<br \/>\n                        J&rsquo;accepte&#13;<br \/>\n            J&rsquo;accepte tous les cookies&#13;\n        <\/p>\n<p>Il a \u00e9t\u00e9 pr\u00e9sent\u00e9 ce mardi au parquet en vue d\u2019une comparution imm\u00e9diate.<\/p>\n","protected":false},"excerpt":{"rendered":"Lundi 26\u00a0mai vers une heure du matin un habitant de l\u2019avenue des Fr\u00e8res Lumi\u00e8re \u00e0 Lyon (8e) a&hellip;\n","protected":false},"author":2,"featured_media":132375,"comment_status":"","ping_status":"","sticky":false,"template":"","format":"standard","meta":{"footnotes":""},"categories":[1889],"tags":[1111,11,2430,271,272,2757,1777,674,274,1011,27,2428,9744,9743,12,25,2429],"class_list":{"0":"post-132374","1":"post","2":"type-post","3":"status-publish","4":"format-standard","5":"has-post-thumbnail","7":"category-lyon","8":"tag-actu","9":"tag-actualites","10":"tag-auvergne-rhone-alpes","11":"tag-crime","12":"tag-delit-et-contravention","13":"tag-edition-lyon-villeurbanne","14":"tag-eu","15":"tag-europe","16":"tag-faits-divers-justice","17":"tag-fr","18":"tag-france","19":"tag-lyon","20":"tag-lyon-8e","21":"tag-lyon-8e-arrondissement","22":"tag-news","23":"tag-republique-francaise","24":"tag-rhone"},"share_on_mastodon":{"url":"https:\/\/pubeurope.com\/@fr\/114581156961319628","error":""},"_links":{"self":[{"href":"https:\/\/www.europesays.com\/fr\/wp-json\/wp\/v2\/posts\/132374","targetHints":{"allow":["GET"]}}],"collection":[{"href":"https:\/\/www.europesays.com\/fr\/wp-json\/wp\/v2\/posts"}],"about":[{"href":"https:\/\/www.europesays.com\/fr\/wp-json\/wp\/v2\/types\/post"}],"author":[{"embeddable":true,"href":"https:\/\/www.europesays.com\/fr\/wp-json\/wp\/v2\/users\/2"}],"replies":[{"embeddable":true,"href":"https:\/\/www.europesays.com\/fr\/wp-json\/wp\/v2\/comments?post=132374"}],"version-history":[{"count":0,"href":"https:\/\/www.europesays.com\/fr\/wp-json\/wp\/v2\/posts\/132374\/revisions"}],"wp:featuredmedia":[{"embeddable":true,"href":"https:\/\/www.europesays.com\/fr\/wp-json\/wp\/v2\/media\/132375"}],"wp:attachment":[{"href":"https:\/\/www.europesays.com\/fr\/wp-json\/wp\/v2\/media?parent=132374"}],"wp:term":[{"taxonomy":"category","embeddable":true,"href":"https:\/\/www.europesays.com\/fr\/wp-json\/wp\/v2\/categories?post=132374"},{"taxonomy":"post_tag","embeddable":true,"href":"https:\/\/www.europesays.com\/fr\/wp-json\/wp\/v2\/tags?post=132374"}],"curies":[{"name":"wp","href":"https:\/\/api.w.org\/{rel}","templated":true}]}}