{"id":13238,"date":"2025-04-09T18:04:14","date_gmt":"2025-04-09T18:04:14","guid":{"rendered":"https:\/\/www.europesays.com\/fr\/13238\/"},"modified":"2025-04-09T18:04:14","modified_gmt":"2025-04-09T18:04:14","slug":"lyon-un-homme-entre-la-vie-et-la-mort-apres-une-violente-agression-en-pleine-rue","status":"publish","type":"post","link":"https:\/\/www.europesays.com\/fr\/13238\/","title":{"rendered":"Lyon. Un homme entre la vie et la mort apr\u00e8s une violente agression en pleine rue"},"content":{"rendered":"<p>Un homme a \u00e9t\u00e9 gri\u00e8vement bless\u00e9 lors d\u2019un vol avec violences, au cours de la nuit de lundi \u00e0 mardi \u00e0 Lyon (3e). Selon les informations du Progr\u00e8s, vers 1 heure du matin, alors qu\u2019il se trouvait rue Saint-Antoine, dans le quartier de la Villette \u00e0 Lyon (3e), deux individus l\u2019ont violemment agress\u00e9 pour lui voler son t\u00e9l\u00e9phone et sa cha\u00eene en or. Comme il tentait de r\u00e9sister, les individus l\u2019ont frapp\u00e9 \u00e0 plusieurs reprises avant de prendre la fuite.<\/p>\n<p>Quand la victime a \u00e9t\u00e9 prise en charge par les secours, son \u00e9tat n\u2019inspirait pas d\u2019inqui\u00e9tudes particuli\u00e8res mais il s\u2019est d\u00e9grad\u00e9 au point que le trentenaire a \u00e9t\u00e9 admis en d\u00e9choquage avec un pronostic vital engag\u00e9.\u00a0On a appris ce mardi en fin de journ\u00e9e, que son \u00e9tat s\u2019est stabilis\u00e9.\u00a0<\/p>\n<p>  Deux arrestations<\/p>\n<p>Plus tard dans la nuit, vers 5 heures du matin, un \u00e9quipage de la BAC a interpell\u00e9 deux suspects, dont le signalement correspond \u00e0 celui des agresseurs. Ils ont \u00e9t\u00e9 plac\u00e9s en garde \u00e0 vue.<\/p>\n<p>Ce contenu est bloqu\u00e9 car vous n&rsquo;avez pas accept\u00e9 les cookies et autres traceurs.<\/p>\n<p>En cliquant sur \u00ab J\u2019accepte \u00bb, les cookies et autres traceurs seront d\u00e9pos\u00e9s et vous pourrez visualiser les contenus  (<a href=\"\" class=\"consentModule_policy\" target=\"_blank\" title=\"Consulter la politique de protection des donn\u00e9es du fournisseur\">plus d&rsquo;informations<\/a>).<\/p>\n<p>En cliquant sur \u00ab J\u2019accepte tous les cookies \u00bb, vous autorisez des d\u00e9p\u00f4ts de cookies et autres traceurs pour le stockage de vos donn\u00e9es sur nos sites et applications \u00e0 des fins de personnalisation et de ciblage publicitaire.<\/p>\n<p class=\"consentModule_secondaryText\">Vous gardez la possibilit\u00e9 de retirer votre consentement \u00e0 tout moment en consultant notre <a href=\"https:\/\/www.leprogres.fr\/protection-des-donnees\" target=\"_blank\" title=\"Consulter notre politique de protection des donn\u00e9es\" rel=\"noopener\">politique de protection des donn\u00e9es<\/a>. <br \/>&#13;<br \/>\n            <a href=\"https:\/\/www.leprogres.fr\/faits-divers-justice\/2025\/04\/08\/javascript:Didomi.notice.show()\" class=\"consentModule_cmp\" target=\"_blank\" rel=\"noopener\">G\u00e9rer mes choix<\/a>&#13;\n        <\/p>\n<p>&#13;<br \/>\n                        J&rsquo;accepte&#13;<br \/>\n            J&rsquo;accepte tous les cookies&#13;\n        <\/p>\n<p>Une enqu\u00eate est en cours pour pr\u00e9ciser les circonstances de ce vol avec violences qui a mal tourn\u00e9.<\/p>\n","protected":false},"excerpt":{"rendered":"Un homme a \u00e9t\u00e9 gri\u00e8vement bless\u00e9 lors d\u2019un vol avec violences, au cours de la nuit de lundi&hellip;\n","protected":false},"author":2,"featured_media":13239,"comment_status":"","ping_status":"","sticky":false,"template":"","format":"standard","meta":{"footnotes":""},"categories":[1889],"tags":[1111,11,2430,271,272,2757,1777,674,274,107,1011,27,2428,4751,4750,12,25,2429],"class_list":{"0":"post-13238","1":"post","2":"type-post","3":"status-publish","4":"format-standard","5":"has-post-thumbnail","7":"category-lyon","8":"tag-actu","9":"tag-actualites","10":"tag-auvergne-rhone-alpes","11":"tag-crime","12":"tag-delit-et-contravention","13":"tag-edition-lyon-villeurbanne","14":"tag-eu","15":"tag-europe","16":"tag-faits-divers-justice","17":"tag-fil-info","18":"tag-fr","19":"tag-france","20":"tag-lyon","21":"tag-lyon-3e","22":"tag-lyon-3e-arrondissement","23":"tag-news","24":"tag-republique-francaise","25":"tag-rhone"},"share_on_mastodon":{"url":"https:\/\/pubeurope.com\/@fr\/114309330587384411","error":""},"_links":{"self":[{"href":"https:\/\/www.europesays.com\/fr\/wp-json\/wp\/v2\/posts\/13238","targetHints":{"allow":["GET"]}}],"collection":[{"href":"https:\/\/www.europesays.com\/fr\/wp-json\/wp\/v2\/posts"}],"about":[{"href":"https:\/\/www.europesays.com\/fr\/wp-json\/wp\/v2\/types\/post"}],"author":[{"embeddable":true,"href":"https:\/\/www.europesays.com\/fr\/wp-json\/wp\/v2\/users\/2"}],"replies":[{"embeddable":true,"href":"https:\/\/www.europesays.com\/fr\/wp-json\/wp\/v2\/comments?post=13238"}],"version-history":[{"count":0,"href":"https:\/\/www.europesays.com\/fr\/wp-json\/wp\/v2\/posts\/13238\/revisions"}],"wp:featuredmedia":[{"embeddable":true,"href":"https:\/\/www.europesays.com\/fr\/wp-json\/wp\/v2\/media\/13239"}],"wp:attachment":[{"href":"https:\/\/www.europesays.com\/fr\/wp-json\/wp\/v2\/media?parent=13238"}],"wp:term":[{"taxonomy":"category","embeddable":true,"href":"https:\/\/www.europesays.com\/fr\/wp-json\/wp\/v2\/categories?post=13238"},{"taxonomy":"post_tag","embeddable":true,"href":"https:\/\/www.europesays.com\/fr\/wp-json\/wp\/v2\/tags?post=13238"}],"curies":[{"name":"wp","href":"https:\/\/api.w.org\/{rel}","templated":true}]}}