{"id":132382,"date":"2025-05-27T18:17:08","date_gmt":"2025-05-27T18:17:08","guid":{"rendered":"https:\/\/www.europesays.com\/fr\/132382\/"},"modified":"2025-05-27T18:17:08","modified_gmt":"2025-05-27T18:17:08","slug":"a-80-ans-denise-echappe-a-lincendie-mortel-grace-au-sauvetage-heroique-dun-inconnu","status":"publish","type":"post","link":"https:\/\/www.europesays.com\/fr\/132382\/","title":{"rendered":"\u00e0 80 ans, Denise \u00e9chappe \u00e0 l&rsquo;incendie mortel gr\u00e2ce au sauvetage h\u00e9ro\u00efque d&rsquo;un inconnu"},"content":{"rendered":"<p>            Par<br \/>\n        <strong><br \/>\n            <a href=\"https:\/\/actu.fr\/auteur\/dorinegoth\" title=\"Consulter tous les articles de Dorine Goth\" target=\"_blank\" rel=\"noopener\">Dorine Goth<\/a><br \/>\n        <\/strong><\/p>\n<p>        Publi\u00e9 le<\/p>\n<p>            27 mai 2025 \u00e0 19h14        <\/p>\n<p>\u00ab\u2009Je reste subjugu\u00e9e par l\u2019\u00e9lan de solidarit\u00e9 qui est ressorti de ce drame\u2009\u00bb. Quatre jours apr\u00e8s <strong><a href=\"https:\/\/actu.fr\/ile-de-france\/boulogne-billancourt_92012\/hauts-de-seine-violent-incendie-dans-un-immeuble-de-15-etages-deux-personnes-extraites-des-flammes_62673966.html\" target=\"_blank\" rel=\"noopener\">l\u2019incendie mortel<\/a><\/strong> \u00e0 <strong>Boulogne-Billancourt,<\/strong> Nadia ne cache pas son \u00e9motion. Sa m\u00e8re Denise, 80\u00a0ans, a \u00e9chapp\u00e9 au pire gr\u00e2ce \u00e0 l\u2019action d\u2019un bon Samaritain\u2009: Romain. L\u2019homme, qui passait dans la rue, ce jeudi 22\u00a0mai 2025 au moment o\u00f9 l\u2019incendie s\u2019est d\u00e9clar\u00e9, n\u2019a \u00e9cout\u00e9 que son courage et est<strong> mont\u00e9 dans les \u00e9tages<\/strong> pour pr\u00e9venir les r\u00e9sidents. C\u2019est ainsi que Denise, <a href=\"https:\/\/actu.fr\/tag\/handicap\" target=\"_blank\" rel=\"noopener\">handicap\u00e9e<\/a> et souffrant de plusieurs pathologies, a pu descendre <strong>port\u00e9e sur son dos les neuf \u00e9tages<\/strong> qui la s\u00e9paraient de la sortie. Plus tard dans la matin\u00e9e, une femme sera retrouv\u00e9e morte au 11e \u00e9tage, dans son appartement. <a href=\"https:\/\/actu.fr\/tag\/brigade-de-sapeurs-pompiers-de-paris\" target=\"_blank\" rel=\"noopener\">Les pompiers<\/a> ont aussi proc\u00e9d\u00e9 \u00e0 deux sauvetages.<\/p>\n<p>Frapp\u00e9 \u00e0 toutes les portes<\/p>\n<p class=\" wall-content\">\u00ab\u2009Au d\u00e9but, maman n\u2019avait m\u00eame pas remarqu\u00e9 qu\u2019il y avait un incendie. En arrosant ses plantes sur le balcon elle a vu des gens en bas qui faisaient des signes, mais elle n\u2019a pas percut\u00e9\u2009\u00bb, rapporte Nadia aupr\u00e8s d\u2019actu Paris, ce mardi 27\u00a0mai 2025. C\u2019est un bout de feuille de papier volant en flamme qui finalement lui donne l\u2019alerte. Elle d\u00e9cide d\u2019ouvrir sa porte d\u2019entr\u00e9e pour s\u2019enqu\u00e9rir de ce qu\u2019il se passe. C\u2019est l\u00e0 qu\u2019elle tombe nez \u00e0 nez avec Romain, <strong><a href=\"https:\/\/actu.fr\/occitanie\/montpellier_34172\/ambulancier-un-metier-a-freins-en-recherche-d-attractivite-pour-dominique-hunault_60194924.html\" target=\"_blank\" rel=\"noopener\">ambulancier<\/a> \u00e0 Garches<\/strong>, qui s\u2019appr\u00eatait \u00e0 frapper \u00e0 sa porte.<\/p>\n<p class=\" wall-content\">L\u2019homme est<strong> mont\u00e9 dans tous les \u00e9tages<\/strong> de cette <a href=\"https:\/\/actu.fr\/tag\/logements-sociaux\" target=\"_blank\" rel=\"noopener\">r\u00e9sidence sociale<\/a> de <a href=\"https:\/\/actu.fr\/paris\/habitat\" target=\"_blank\" rel=\"noopener\">Paris Habitat<\/a> pour alerter les voisins. Il est aid\u00e9 par des jeunes du quartier ainsi que les gardiens de l\u2019immeuble pour parvenir au bout des quinze \u00e9tages de la tour. \u00ab\u2009Il avait d\u00e9j\u00e0 frapp\u00e9 une fois en montant dans les \u00e9tages, mais elle n\u2019avait pas entendu\u2009\u00bb, poursuit-elle.<\/p>\n<p class=\" wall-content\">Face \u00e0 la d\u00e9tresse de la dame \u00e2g\u00e9e, Romain n\u2019a pas h\u00e9sit\u00e9 \u00e0 la prendre sur son dos et la porter sur neuf \u00e9tages. \u00ab\u2009Elle n\u2019aurait jamais pu descendre toute seule.\u2009\u00bb Quelques minutes plus tard, son appartement qu\u2019elle occupait depuis 1977 sera d\u00e9truit par l\u2019incendie. \u00ab\u2009Il fait partie des <strong>cinq appartements sinistr\u00e9s<\/strong>. Si Romain n\u2019avait pas \u00e9t\u00e9 l\u00e0 ou si l\u2019incendie s\u2019\u00e9tait d\u00e9clar\u00e9 en pleine nuit, je n\u2019ose imaginer\u2026\u2009\u00bb, partage l\u00e9g\u00e8rement choqu\u00e9e Nadia.<\/p>\n<p>\u00ab\u2009Il ne cherche pas la reconnaissance\u2009\u00bb<\/p>\n<p class=\" wall-content\">Pour elle, l\u2019acte de Romain est \u00e0 l\u2019image de <strong>l\u2019entraide<\/strong> qui entoure depuis plusieurs jours les sinistr\u00e9s. \u00ab\u2009Des voisins sont all\u00e9s \u00e0 la pharmacie chercher les m\u00e9dicaments de ma maman, d\u2019autres proposent des v\u00eatements, une famille a fait un couscous\u2026 Tout le monde se plie en quatre\u2009\u00bb, souligne-t-elle.<\/p>\n<p class=\" wall-content\">Romain, lui ne veut pas \u00eatre qualifi\u00e9 de \u00ab\u2009h\u00e9ros\u2009\u00bb. Il refuse d\u2019ailleurs les sollicitations. Nadia a pu le retrouver gr\u00e2ce aux r\u00e9seaux sociaux. \u00ab\u2009On a discut\u00e9 1 heure au t\u00e9l\u00e9phone. C\u2019est quelqu\u2019un de tr\u00e8s humble, adorable, il ne cherche pas la reconnaissance\u2009\u00bb, confie-t-elle. Tous les trois ont convenu de se rencontrer prochainement.<\/p>\n<p class=\" wall-content\">Suivez toute l\u2019actualit\u00e9 de vos villes et m\u00e9dias favoris en vous inscrivant \u00e0 <a href=\"https:\/\/moncompte.actu.fr\" title=\"D\u00e9couvez Mon Actu\" rel=\"nofollow noopener\" data-trk=\"{&quot;cta&quot;:{&quot;action&quot;:&quot;https:\\\/\\\/moncompte.actu.fr&quot;,&quot;category&quot;:&quot;mon compte&quot;,&quot;from&quot;:&quot;article footer&quot;,&quot;name&quot;:&quot;Mon actu&quot;,&quot;type&quot;:&quot;cta&quot;}}\" target=\"_blank\">Mon Actu<\/a>.<\/p>\n","protected":false},"excerpt":{"rendered":"Par Dorine Goth Publi\u00e9 le 27 mai 2025 \u00e0 19h14 \u00ab\u2009Je reste subjugu\u00e9e par l\u2019\u00e9lan de solidarit\u00e9 qui&hellip;\n","protected":false},"author":2,"featured_media":132383,"comment_status":"","ping_status":"","sticky":false,"template":"","format":"standard","meta":{"footnotes":""},"categories":[1888],"tags":[1111,1928,11,1927,3056,1777,674,118,1011,27,1310,6459,12,1926,626,1925,25],"class_list":{"0":"post-132382","1":"post","2":"type-post","3":"status-publish","4":"format-standard","5":"has-post-thumbnail","7":"category-paris","8":"tag-actu","9":"tag-actu-paris","10":"tag-actualites","11":"tag-actualites-paris","12":"tag-brigade-de-sapeurs-pompiers-de-paris","13":"tag-eu","14":"tag-europe","15":"tag-faits-divers","16":"tag-fr","17":"tag-france","18":"tag-incendie","19":"tag-logements-sociaux","20":"tag-news","21":"tag-news-paris","22":"tag-paris","23":"tag-paris-news","24":"tag-republique-francaise"},"share_on_mastodon":{"url":"https:\/\/pubeurope.com\/@fr\/114581172674703597","error":""},"_links":{"self":[{"href":"https:\/\/www.europesays.com\/fr\/wp-json\/wp\/v2\/posts\/132382","targetHints":{"allow":["GET"]}}],"collection":[{"href":"https:\/\/www.europesays.com\/fr\/wp-json\/wp\/v2\/posts"}],"about":[{"href":"https:\/\/www.europesays.com\/fr\/wp-json\/wp\/v2\/types\/post"}],"author":[{"embeddable":true,"href":"https:\/\/www.europesays.com\/fr\/wp-json\/wp\/v2\/users\/2"}],"replies":[{"embeddable":true,"href":"https:\/\/www.europesays.com\/fr\/wp-json\/wp\/v2\/comments?post=132382"}],"version-history":[{"count":0,"href":"https:\/\/www.europesays.com\/fr\/wp-json\/wp\/v2\/posts\/132382\/revisions"}],"wp:featuredmedia":[{"embeddable":true,"href":"https:\/\/www.europesays.com\/fr\/wp-json\/wp\/v2\/media\/132383"}],"wp:attachment":[{"href":"https:\/\/www.europesays.com\/fr\/wp-json\/wp\/v2\/media?parent=132382"}],"wp:term":[{"taxonomy":"category","embeddable":true,"href":"https:\/\/www.europesays.com\/fr\/wp-json\/wp\/v2\/categories?post=132382"},{"taxonomy":"post_tag","embeddable":true,"href":"https:\/\/www.europesays.com\/fr\/wp-json\/wp\/v2\/tags?post=132382"}],"curies":[{"name":"wp","href":"https:\/\/api.w.org\/{rel}","templated":true}]}}