{"id":132384,"date":"2025-05-27T18:18:10","date_gmt":"2025-05-27T18:18:10","guid":{"rendered":"https:\/\/www.europesays.com\/fr\/132384\/"},"modified":"2025-05-27T18:18:10","modified_gmt":"2025-05-27T18:18:10","slug":"les-bourses-europeennes-terminent-dans-le-vert-sauf-paris-actualites","status":"publish","type":"post","link":"https:\/\/www.europesays.com\/fr\/132384\/","title":{"rendered":"Les Bourses europ\u00e9ennes terminent dans le vert, sauf Paris : Actualit\u00e9s"},"content":{"rendered":"<p class=\"lead \">Les march\u00e9s boursiers europ\u00e9ens ont majoritairement termin\u00e9 dans le vert mardi, port\u00e9s par de meilleures perspectives sur les n\u00e9gociations commerciales entre les \u00c9tats-Unis et l&rsquo;Union Europ\u00e9enne, en attendant la publication des r\u00e9sultats de Nvidia, deuxi\u00e8me capitalisation mondiale.<\/p>\n<p class=\"lead \">Francfort a pris 0,83%, apr\u00e8s avoir d\u00e9pass\u00e9 un nouveau record en s\u00e9ance, \u00e0 24.300,97 points. Londres a gagn\u00e9 0,69% et Milan 0,34%. Seule la Bourse de Paris est rest\u00e9e \u00e0 l&rsquo;\u00e9quilibre (-0,02%).<\/p>\n<p class=\"lead \"><a href=\"https:\/\/www.euronext.com\/fr\/products\/indices\/FR0003500008-XPAR\" target=\"_blank\" rel=\"noopener\">Euronext CAC40<\/a><\/p>\n<p class=\"small font-weight-bold text-gray3 \"> publi\u00e9 le 27 mai \u00e0 17h47, AFP<\/p>\n<p>                             Partager<\/p>\n","protected":false},"excerpt":{"rendered":"Les march\u00e9s boursiers europ\u00e9ens ont majoritairement termin\u00e9 dans le vert mardi, port\u00e9s par de meilleures perspectives sur les&hellip;\n","protected":false},"author":2,"featured_media":132385,"comment_status":"","ping_status":"","sticky":false,"template":"","format":"standard","meta":{"footnotes":""},"categories":[1888],"tags":[1111,1928,11,1927,340,1777,674,1011,27,6205,12,1926,626,1925,25],"class_list":{"0":"post-132384","1":"post","2":"type-post","3":"status-publish","4":"format-standard","5":"has-post-thumbnail","7":"category-paris","8":"tag-actu","9":"tag-actu-paris","10":"tag-actualites","11":"tag-actualites-paris","12":"tag-bourse","13":"tag-eu","14":"tag-europe","15":"tag-fr","16":"tag-france","17":"tag-marchs","18":"tag-news","19":"tag-news-paris","20":"tag-paris","21":"tag-paris-news","22":"tag-republique-francaise"},"share_on_mastodon":{"url":"https:\/\/pubeurope.com\/@fr\/114581176581986045","error":""},"_links":{"self":[{"href":"https:\/\/www.europesays.com\/fr\/wp-json\/wp\/v2\/posts\/132384","targetHints":{"allow":["GET"]}}],"collection":[{"href":"https:\/\/www.europesays.com\/fr\/wp-json\/wp\/v2\/posts"}],"about":[{"href":"https:\/\/www.europesays.com\/fr\/wp-json\/wp\/v2\/types\/post"}],"author":[{"embeddable":true,"href":"https:\/\/www.europesays.com\/fr\/wp-json\/wp\/v2\/users\/2"}],"replies":[{"embeddable":true,"href":"https:\/\/www.europesays.com\/fr\/wp-json\/wp\/v2\/comments?post=132384"}],"version-history":[{"count":0,"href":"https:\/\/www.europesays.com\/fr\/wp-json\/wp\/v2\/posts\/132384\/revisions"}],"wp:featuredmedia":[{"embeddable":true,"href":"https:\/\/www.europesays.com\/fr\/wp-json\/wp\/v2\/media\/132385"}],"wp:attachment":[{"href":"https:\/\/www.europesays.com\/fr\/wp-json\/wp\/v2\/media?parent=132384"}],"wp:term":[{"taxonomy":"category","embeddable":true,"href":"https:\/\/www.europesays.com\/fr\/wp-json\/wp\/v2\/categories?post=132384"},{"taxonomy":"post_tag","embeddable":true,"href":"https:\/\/www.europesays.com\/fr\/wp-json\/wp\/v2\/tags?post=132384"}],"curies":[{"name":"wp","href":"https:\/\/api.w.org\/{rel}","templated":true}]}}