{"id":132396,"date":"2025-05-27T18:24:09","date_gmt":"2025-05-27T18:24:09","guid":{"rendered":"https:\/\/www.europesays.com\/fr\/132396\/"},"modified":"2025-05-27T18:24:09","modified_gmt":"2025-05-27T18:24:09","slug":"exportations-de-viande-de-canard-francaise-le-royaume-uni-leve-son-embargo","status":"publish","type":"post","link":"https:\/\/www.europesays.com\/fr\/132396\/","title":{"rendered":"Exportations de viande de canard fran\u00e7aise\u00a0: le Royaume-Uni l\u00e8ve son embargo"},"content":{"rendered":"<p>\u00ab Les autorit\u00e9s britanniques ont annonc\u00e9 autoriser la reprise des exportations des viandes issues de canards \u00e9lev\u00e9s en France et vaccin\u00e9s contre l\u2019Influenza aviaire hautement pathog\u00e8ne (IAHP), \u00e0 compter du 22 mai 2025 \u00bb, a affirm\u00e9 le minist\u00e8re dans un communiqu\u00e9 publi\u00e9 mardi.<\/p>\n<p>Le march\u00e9 outre-Manche avait \u00e9t\u00e9 ferm\u00e9 en mars 2024 car \u00ab les autorit\u00e9s britanniques avaient alors questionn\u00e9 l\u2019efficacit\u00e9 de la surveillance post-vaccination appliqu\u00e9e en France \u00bb.<\/p>\n<p>Un audit britannique favorable<\/p>\n<p>Des \u00e9changes entre la ministre fran\u00e7aise Annie Genevard et le ministre britannique de l\u2019alimentation Daniel Zeichner \u00ab ont permis un rapprochement des points de vue, fond\u00e9s sur des informations d\u00e9taill\u00e9es transmises par la France \u00bb, pr\u00e9cise le minist\u00e8re dans son communiqu\u00e9.<\/p>\n<p>Les services sanitaires britanniques sont venus faire un audit en France entre le 2 et le 6 d\u00e9cembre 2024 pour \u00ab analyser les programmes de surveillance passive et active \u00bb <a href=\"https:\/\/www.letelegramme.fr\/economie\/agri-agro\/grippe-aviaire-le-gouvernement-va-baisser-sa-part-de-financement-pour-la-vaccination-des-canards-6778452.php\" target=\"_blank\" rel=\"noopener\">de la vaccination fran\u00e7aise.<\/a><\/p>\n<p>\u00ab Deux ans apr\u00e8s le d\u00e9but de notre campagne de vaccination, d\u2019ampleur in\u00e9dite au plan international, je me f\u00e9licite de la confiance que nous avons su maintenir avec nos partenaires commerciaux \u00bb, s\u2019est r\u00e9jouie Annie Genevard, cit\u00e9e dans le communiqu\u00e9, saluant \u00ab l\u2019engagement de tous les acteurs qui ont contribu\u00e9 \u00e0 ce succ\u00e8s \u00bb.<\/p>\n<p>Des milliers de tonnes en jeu<\/p>\n<p>Dans un communiqu\u00e9, les Interprofessions des volailles de chair (ANVOL), du canard \u00e0 foie gras (CIFOG) et du canard \u00e0 r\u00f4tir (CICAR) ont salu\u00e9 \u00ab cette d\u00e9cision favorable \u00bb qui t\u00e9moigne, selon elles, \u00ab de l\u2019efficacit\u00e9 de la strat\u00e9gie vaccinale \u00bb de la France contre la grippe aviaire.<\/p>\n<p>Selon ce m\u00eame communiqu\u00e9, le Royaume-Uni repr\u00e9sentait pour les \u00e9leveurs de canards \u00e0 r\u00f4tir un volume d\u2019exportations annuel de \u00ab pr\u00e8s de 2 000 tonnes \u00bb, soit \u00ab environ 10 % de la production nationale \u00bb et l\u2019embargo, une perte \u00ab d\u2019environ 650 000 euros de chiffre d\u2019affaires par mois \u00bb.<\/p>\n<p>D\u00e9but mai, le risque de grippe aviaire avait \u00e9t\u00e9 abaiss\u00e9 de \u00ab mod\u00e9r\u00e9 \u00bb \u00e0 \u00ab n\u00e9gligeable \u00bb sur l\u2019ensemble du territoire de France m\u00e9tropolitaine du fait d\u2019une \u00ab am\u00e9lioration de la situation sanitaire \u00bb chez les oiseaux, selon un arr\u00eat\u00e9 publi\u00e9 au Journal officiel.<\/p>\n<p>Le niveau \u00ab n\u00e9gligeable \u00bb est le plus faible des trois niveaux de risque (\u00e9lev\u00e9, mod\u00e9r\u00e9 et n\u00e9gligeable).<\/p>\n","protected":false},"excerpt":{"rendered":"\u00ab Les autorit\u00e9s britanniques ont annonc\u00e9 autoriser la reprise des exportations des viandes issues de canards \u00e9lev\u00e9s en&hellip;\n","protected":false},"author":2,"featured_media":132397,"comment_status":"","ping_status":"","sticky":false,"template":"","format":"standard","meta":{"footnotes":""},"categories":[1588],"tags":[11,5825,33,765,1777,674,27,12,473,1853,1851,1850,1852],"class_list":{"0":"post-132396","1":"post","2":"type-post","3":"status-publish","4":"format-standard","5":"has-post-thumbnail","7":"category-royaume-uni","8":"tag-actualites","9":"tag-agroalimentaire","10":"tag-economie","11":"tag-en-continu","12":"tag-eu","13":"tag-europe","14":"tag-france","15":"tag-news","16":"tag-royaume-uni","17":"tag-royaume-uni-de-grande-bretagne-et-dirlande-du-nord","18":"tag-uk","19":"tag-united-kingdom","20":"tag-united-kingdom-of-great-britain-and-northern-ireland"},"share_on_mastodon":{"url":"https:\/\/pubeurope.com\/@fr\/114581200145480373","error":""},"_links":{"self":[{"href":"https:\/\/www.europesays.com\/fr\/wp-json\/wp\/v2\/posts\/132396","targetHints":{"allow":["GET"]}}],"collection":[{"href":"https:\/\/www.europesays.com\/fr\/wp-json\/wp\/v2\/posts"}],"about":[{"href":"https:\/\/www.europesays.com\/fr\/wp-json\/wp\/v2\/types\/post"}],"author":[{"embeddable":true,"href":"https:\/\/www.europesays.com\/fr\/wp-json\/wp\/v2\/users\/2"}],"replies":[{"embeddable":true,"href":"https:\/\/www.europesays.com\/fr\/wp-json\/wp\/v2\/comments?post=132396"}],"version-history":[{"count":0,"href":"https:\/\/www.europesays.com\/fr\/wp-json\/wp\/v2\/posts\/132396\/revisions"}],"wp:featuredmedia":[{"embeddable":true,"href":"https:\/\/www.europesays.com\/fr\/wp-json\/wp\/v2\/media\/132397"}],"wp:attachment":[{"href":"https:\/\/www.europesays.com\/fr\/wp-json\/wp\/v2\/media?parent=132396"}],"wp:term":[{"taxonomy":"category","embeddable":true,"href":"https:\/\/www.europesays.com\/fr\/wp-json\/wp\/v2\/categories?post=132396"},{"taxonomy":"post_tag","embeddable":true,"href":"https:\/\/www.europesays.com\/fr\/wp-json\/wp\/v2\/tags?post=132396"}],"curies":[{"name":"wp","href":"https:\/\/api.w.org\/{rel}","templated":true}]}}