{"id":132400,"date":"2025-05-27T18:26:13","date_gmt":"2025-05-27T18:26:13","guid":{"rendered":"https:\/\/www.europesays.com\/fr\/132400\/"},"modified":"2025-05-27T18:26:13","modified_gmt":"2025-05-27T18:26:13","slug":"trump-se-cherche-des-allies-en-europe-pour-essayer-de-demanteler-lunion-europeenne-de-linterieur-lalerte-dun-politologue-francais","status":"publish","type":"post","link":"https:\/\/www.europesays.com\/fr\/132400\/","title":{"rendered":"\u00ab\u00a0Trump se cherche des alli\u00e9s en Europe pour essayer de d\u00e9manteler l&rsquo;Union europ\u00e9enne de l&rsquo;int\u00e9rieur\u00a0\u00bb: l&rsquo;alerte d&rsquo;un politologue fran\u00e7ais"},"content":{"rendered":"<p>Bucarest, Varsovie, Lisbonne : les r\u00e9sultats des derni\u00e8res \u00e9lections tenues aux quatre coins de l&rsquo;Union europ\u00e9enne sonnent comme un avertissement. En <a href=\"https:\/\/www.geo.fr\/geopolitique\/roumanie-la-victoire-du-centriste-nicusor-dan-face-a-lextreme-droite-confirme-lancrage-europeen-226603\" rel=\"nofollow noopener\" target=\"_blank\">Roumanie<\/a>, apr\u00e8s une campagne chaotique marqu\u00e9e par l&rsquo;annulation du premier tour tenu en novembre de 2024, le parti d&rsquo;extr\u00eame droite de George Simion a fr\u00f4l\u00e9 la victoire, obtenant 46,40\u202f% des voix au second tour de la pr\u00e9sidentielle. La Pologne, elle, retient son souffle pour le deuxi\u00e8me tour de sa propre \u00e9lection pr\u00e9sidentielle entre le nationaliste Karol Nawrocki et l&rsquo;europhile <a href=\"https:\/\/www.geo.fr\/geopolitique\/qui-est-rafal-trzaskowski-le-pro-europeen-qui-veut-liberaliser-la-pologne-226475\" rel=\"nofollow noopener\" target=\"_blank\">Rafa\u0142 Trzaskowski<\/a>, arriv\u00e9s au coude-\u00e0-coude le 18 mai 2025.<\/p>\n<p>Le m\u00eame jour, les \u00e9lections l\u00e9gislatives anticip\u00e9es portugaises fracturaient le syst\u00e8me politique en place depuis la chute de <a href=\"https:\/\/www.geo.fr\/histoire\/qui-etait-antonio-de-oliveira-salazar-dictateur-inclassable-et-enigmatique-212632\" rel=\"nofollow noopener\" target=\"_blank\">Salazar<\/a>. Si le centre droit s&rsquo;est maintenu au pouvoir, la gauche est arriv\u00e9e \u00e0 quasi-\u00e9galit\u00e9 avec la Chega (\u00ab\u00a0\u00c7a suffit\u00a0\u00bb), formation d&rsquo;extr\u00eame droite pouvant revendiquer 22,5 % des suffrages, contre \u00e0 peine plus d&rsquo;1% aux \u00e9lections de 2019. Le bipartisme et la l\u00e9thargie \u00e9lectorale de l&rsquo;extr\u00eame droite caract\u00e9risant les cinquante derni\u00e8res ann\u00e9es de vie politique portugaise semblent bel et bien enterr\u00e9s, comme l&rsquo;a proclam\u00e9 le chef de la Chega, Andr\u00e9 Ventura : \u00ab\u00a0Nous n\u2019avons pas gagn\u00e9 les \u00e9lections, mais nous avons fait l\u2019histoire\u00a0\u00bb.<\/p>\n<p>\t\t\t\t Une extr\u00eame droite qui se veut proche du pr\u00e9sident am\u00e9ricain<\/p>\n<p>Mais ces derni\u00e8res \u00e9lections ne se distinguent pas que par les perc\u00e9es de formations politiques longtemps marginales : Andr\u00e9 Ventura, George Simion et Karol Nawrocki ont tous affirm\u00e9 \u00e0 plusieurs reprises au cours de leur campagne leur soutien \u00e0 <a href=\"https:\/\/www.geo.fr\/geopolitique\/jour-86-de-presidence-comment-donald-trump-gere-t-il-la-guerre-en-ukraine-226098\" rel=\"nofollow noopener\" target=\"_blank\">Donald Trump<\/a>. Le Polonais a m\u00eame rencontr\u00e9 le pr\u00e9sident am\u00e9ricain quelques jours avant le scrutin de mai 2025, tandis qu&rsquo;Andr\u00e9 Ventura s&rsquo;\u00e9tait rendu \u00e0 l&rsquo;inauguration de Donald Trump. George Simion, lui, n&rsquo;h\u00e9site pas \u00e0 s&rsquo;afficher avec une casquette Make America Great Again (\u00ab\u00a0Rendre sa grandeur \u00e0 l&rsquo;Am\u00e9rique\u00a0\u00bb) et r\u00e9sumait en ces termes sa vision avant le premier tour : \u00ab\u00a0tout comme MAGA a gagn\u00e9 le pouvoir aux \u00c9tats-Unis, le mouvement Make Europe Great Again sera majoritaire dans les institutions europ\u00e9ennes\u00a0\u00bb.<\/p>\n<p><img decoding=\"async\" src=\"https:\/\/www.europesays.com\/fr\/wp-content\/uploads\/2025\/05\/1748370373_541_picture.jpg\"  class=\"apply-ratio\"\/>George Simion avec une casquette Trump le 15 novembre 2024. \u00a0 Photo by Daniel MIHAILESCU \/ AFP\t\t\t\t\t<\/p>\n<p>Cet alignement id\u00e9ologique sur les \u00c9tats-Unis de Trump soul\u00e8ve de nombreuses interrogations, alors que les sujets chers au pr\u00e9sident am\u00e9ricain sont loin d&rsquo;\u00eatre au c\u0153ur du combat de toutes les extr\u00eames droites europ\u00e9ennes. Si le RN et la Maison Blanche peuvent par exemple se retrouver sur le terrain de l&rsquo;immigration, \u00ab\u00a0les Europ\u00e9ens n&rsquo;ont pas la m\u00eame probl\u00e9matique que les Am\u00e9ricains dans leur rapport avec la Chine\u00a0\u00bb, rappelle ainsi Olivier Costa.<\/p>\n<p>Vision du monde commune<\/p>\n<p>\u00ab\u00a0Les uns comme les autres sont lanc\u00e9s dans une guerre id\u00e9ologique et culturelle contre les principes du lib\u00e9ralisme politique, de l&rsquo;\u00e9conomie sociale de march\u00e9\u00a0\u00bb, pointe en revanche Thierry Chopin, docteur en science politique et professeur invit\u00e9 au Coll\u00e8ge d\u2019Europe. La d\u00e9testation du progressisme commune aux extr\u00eames droites des deux c\u00f4t\u00e9s de l&rsquo;Atlantique gomme ainsi les diff\u00e9rences nationales, alors que le retour au pouvoir du pr\u00e9sident am\u00e9ricain donne de l&rsquo;\u00e9lan \u00e0 des formations longtemps rest\u00e9es tr\u00e8s minoritaires.<\/p>\n<p>Washington, de son c\u00f4t\u00e9, fournit un soutien d&rsquo;autant plus appuy\u00e9 aux extr\u00eames droites qu&rsquo;elles peuvent l&rsquo;aider \u00e0 assouvir un de ses grands objectifs, le d\u00e9mant\u00e8lement du projet europ\u00e9en. \u00ab\u00a0Trump n&rsquo;a pas cach\u00e9 sa d\u00e9testation pour l&rsquo;Union europ\u00e9enne qu&rsquo;il voit comme un projet contre les \u00c9tats-Unis\u00a0\u00bb,<strong> <\/strong>remarque Olivier Costa, directeur de recherche CNRS au centre de recherches politiques (CEVIPOF) :<strong> <\/strong>\u00ab\u00a0de la m\u00eame mani\u00e8re que les Sovi\u00e9tiques le faisaient dans les ann\u00e9es 70, Trump se cherche des alli\u00e9s en Europe pour essayer de d\u00e9manteler l&rsquo;Union europ\u00e9enne de l&rsquo;int\u00e9rieur\u00a0\u00bb.<\/p>\n<p>Un soutien parfois g\u00eanant pour la droite populiste<\/p>\n<p>Cette aide am\u00e9ricaine, pour autant, est loin d&rsquo;\u00eatre unanimement appr\u00e9ci\u00e9e par toutes les formations politiques. \u00ab\u00a0Je dirais que les partis d&rsquo;extr\u00eame droite sont un peu embarrass\u00e9s par Donald Trump\u00a0\u00bb, souligne Olivier Costa : \u00ab\u00a0des partis d&rsquo;extr\u00eame droite qui sont fondamentalement antisyst\u00e8me sont contents de b\u00e9n\u00e9ficier de l&rsquo;appui de Donald Trump, qui leur permet d&rsquo;exister davantage m\u00e9diatiquement, et leur donne une forme de cr\u00e9dibilit\u00e9 internationale\u00a0\u00bb.<\/p>\n<p>En revanche, \u00ab\u00a0pour les partis qui sont proches du pouvoir, comme le Rassemblement National, ou qui sont au pouvoir comme [le parti Fratelli d&rsquo;Italia de] Madame Meloni, \u00e7a devient un peu embarrassant, parce que Trump est trop extr\u00eame dans certaines prises de position\u00a0\u00bb, juge le chercheur.<\/p>\n<p>Cette ambigu\u00eft\u00e9 a rarement \u00e9t\u00e9 aussi perceptible qu&rsquo;en f\u00e9vrier dernier : Jordan Bardella, invit\u00e9 pour prononcer un discours lors de la Conservative Political Action Conference, a finalement annul\u00e9 sa participation apr\u00e8s un geste assimil\u00e9 \u00e0 un salut nazi effectu\u00e9 sur sc\u00e8ne par Steve Bannon, ex-conseiller du pr\u00e9sident am\u00e9ricain.<\/p>\n<p>Une Europe revitalis\u00e9e par la crise ?<\/p>\n<p>D&rsquo;autant que le soutien am\u00e9ricain, en plus d&#8217;embarrasser certains partis plus mod\u00e9r\u00e9s, a jusqu&rsquo;\u00e0 pr\u00e9sent eu des r\u00e9sultats contrast\u00e9s : les alli\u00e9s de la Maison Blanche ne parviennent pour l&rsquo;instant pas \u00e0 s&#8217;emparer du pouvoir supr\u00eame, que ce soit l&rsquo;Alternative F\u00fcr Deutschland (AFD) en Allemagne ou George Simion en Roumanie. Et les propos de ses collaborateurs peuvent causer des controverses nationales, comme lorsqu&rsquo;Elon Musk a apport\u00e9 un soutien appuy\u00e9 \u00e0 l&rsquo;<a href=\"https:\/\/www.geo.fr\/geopolitique\/boucle-fatale-demographique-la-percee-de-l-extreme-droite-en-allemagne-aurait-pu-etre-predite-des-1990-224835\" rel=\"nofollow noopener\" target=\"_blank\">AFD<\/a>, provoquant l&rsquo;indignation du reste de la classe politique allemande.<\/p>\n<p>\u00ab\u00a0Je pense que Poutine et Trump en ont fait plus pour le projet europ\u00e9en en 3 ans que 20 ans de n\u00e9gociation\u00a0\u00bb, juge \u00e0 ce propos Olivier Costa. Preuve en est le dernier <a href=\"https:\/\/europa.eu\/eurobarometer\/surveys\/detail\/3492?etrans=fr\" target=\"_blank\" rel=\"nofollow noopener\">Eurobarom\u00e8tre<\/a>, conduit entre janvier et f\u00e9vrier 2025, qui pointe vers un regain d&rsquo;adh\u00e9sion au projet europ\u00e9en. Selon ce dernier, 74 % des personnes interrog\u00e9es pensent que leur pays b\u00e9n\u00e9ficie de l&rsquo;appartenance \u00e0 l&rsquo;UE &#8211; \u00ab\u00a0le meilleur r\u00e9sultat jamais enregistr\u00e9 depuis que cette question a \u00e9t\u00e9 pos\u00e9e pour la premi\u00e8re fois en 1983\u00a0\u00bb, souligne le rapport.<\/p>\n<p>\u00ab\u00a0Depuis une petite dizaine d&rsquo;ann\u00e9es maintenant, chaque choc ext\u00e9rieur auquel est confront\u00e9e l&rsquo;Union europ\u00e9enne, que ce soit le Brexit, la crise sanitaire ou la guerre en Ukraine, n&rsquo;a pas favoris\u00e9 une implosion de l&rsquo;Union europ\u00e9enne : au contraire la coh\u00e9sion europ\u00e9enne a \u00e9t\u00e9 renforc\u00e9e\u00a0\u00bb, pointe Thierry Chopin. Avec un risque : si l&rsquo;extr\u00eame droite soutenue par Trump parvient \u00e0 percer le plafond de verre, \u00ab\u00a0les politiciens qui arriveront au pouvoir seront excessivement antieurop\u00e9ens\u00a0\u00bb, alerte Olivier Costa.<\/p>\n","protected":false},"excerpt":{"rendered":"Bucarest, Varsovie, Lisbonne : les r\u00e9sultats des derni\u00e8res \u00e9lections tenues aux quatre coins de l&rsquo;Union europ\u00e9enne sonnent comme&hellip;\n","protected":false},"author":2,"featured_media":132401,"comment_status":"","ping_status":"","sticky":false,"template":"","format":"standard","meta":{"footnotes":""},"categories":[1586],"tags":[11,1777,674,6429,1011,27,12,316,25,1778,2475],"class_list":{"0":"post-132400","1":"post","2":"type-post","3":"status-publish","4":"format-standard","5":"has-post-thumbnail","7":"category-europe","8":"tag-actualites","9":"tag-eu","10":"tag-europe","11":"tag-extru00eame-droite","12":"tag-fr","13":"tag-france","14":"tag-news","15":"tag-politique","16":"tag-republique-francaise","17":"tag-ue","18":"tag-union-europu00e9enne"},"share_on_mastodon":{"url":"https:\/\/pubeurope.com\/@fr\/114581208150447988","error":""},"_links":{"self":[{"href":"https:\/\/www.europesays.com\/fr\/wp-json\/wp\/v2\/posts\/132400","targetHints":{"allow":["GET"]}}],"collection":[{"href":"https:\/\/www.europesays.com\/fr\/wp-json\/wp\/v2\/posts"}],"about":[{"href":"https:\/\/www.europesays.com\/fr\/wp-json\/wp\/v2\/types\/post"}],"author":[{"embeddable":true,"href":"https:\/\/www.europesays.com\/fr\/wp-json\/wp\/v2\/users\/2"}],"replies":[{"embeddable":true,"href":"https:\/\/www.europesays.com\/fr\/wp-json\/wp\/v2\/comments?post=132400"}],"version-history":[{"count":0,"href":"https:\/\/www.europesays.com\/fr\/wp-json\/wp\/v2\/posts\/132400\/revisions"}],"wp:featuredmedia":[{"embeddable":true,"href":"https:\/\/www.europesays.com\/fr\/wp-json\/wp\/v2\/media\/132401"}],"wp:attachment":[{"href":"https:\/\/www.europesays.com\/fr\/wp-json\/wp\/v2\/media?parent=132400"}],"wp:term":[{"taxonomy":"category","embeddable":true,"href":"https:\/\/www.europesays.com\/fr\/wp-json\/wp\/v2\/categories?post=132400"},{"taxonomy":"post_tag","embeddable":true,"href":"https:\/\/www.europesays.com\/fr\/wp-json\/wp\/v2\/tags?post=132400"}],"curies":[{"name":"wp","href":"https:\/\/api.w.org\/{rel}","templated":true}]}}