{"id":132408,"date":"2025-05-27T18:30:18","date_gmt":"2025-05-27T18:30:18","guid":{"rendered":"https:\/\/www.europesays.com\/fr\/132408\/"},"modified":"2025-05-27T18:30:18","modified_gmt":"2025-05-27T18:30:18","slug":"lequipe-de-france-feminine-de-basket-ball-a-landerneau-vendredi","status":"publish","type":"post","link":"https:\/\/www.europesays.com\/fr\/132408\/","title":{"rendered":"L\u2019\u00e9quipe de France f\u00e9minine de basket-ball \u00e0 Landerneau vendredi"},"content":{"rendered":"<p>Avant de disputer, mardi 3 et mercredi 4 juin 2025 \u00e0 la Brest Arena, deux rencontres de pr\u00e9paration \u00e0 l\u2019Euro de basket face \u00e0 la Belgique, l\u2019\u00e9quipe de France f\u00e9minine de basket-ball, vice-championne olympique aux Jeux olympiques de Paris, s\u2019entra\u00eenera \u00e0 la Cimenterie, \u00e0 Landerneau, vendredi 30 mai en matin\u00e9e. La s\u00e9ance d\u00e9butera \u00e0 10 h 30 pour s\u2019achever aux alentours de 13 h. Elle sera ouverte au public, avec une ouverture des portes de la salle \u00e0 partir de 10 h. Apr\u00e8s avoir accueilli plusieurs fois l\u2019\u00e9quipe de France 3&#215;3, c\u2019est l\u2019\u00e9quipe 5&#215;5 qui prendra possession cette fois des installations du Landerneau Bretagne basket.<\/p>\n","protected":false},"excerpt":{"rendered":"Avant de disputer, mardi 3 et mercredi 4 juin 2025 \u00e0 la Brest Arena, deux rencontres de pr\u00e9paration&hellip;\n","protected":false},"author":2,"featured_media":132409,"comment_status":"","ping_status":"","sticky":false,"template":"","format":"standard","meta":{"footnotes":""},"categories":[4],"tags":[11,1791,1011,27,9815,12,25],"class_list":{"0":"post-132408","1":"post","2":"type-post","3":"status-publish","4":"format-standard","5":"has-post-thumbnail","7":"category-france","8":"tag-actualites","9":"tag-basket-ball","10":"tag-fr","11":"tag-france","12":"tag-landerneau","13":"tag-news","14":"tag-republique-francaise"},"share_on_mastodon":{"url":"https:\/\/pubeurope.com\/@fr\/114581223693340796","error":""},"_links":{"self":[{"href":"https:\/\/www.europesays.com\/fr\/wp-json\/wp\/v2\/posts\/132408","targetHints":{"allow":["GET"]}}],"collection":[{"href":"https:\/\/www.europesays.com\/fr\/wp-json\/wp\/v2\/posts"}],"about":[{"href":"https:\/\/www.europesays.com\/fr\/wp-json\/wp\/v2\/types\/post"}],"author":[{"embeddable":true,"href":"https:\/\/www.europesays.com\/fr\/wp-json\/wp\/v2\/users\/2"}],"replies":[{"embeddable":true,"href":"https:\/\/www.europesays.com\/fr\/wp-json\/wp\/v2\/comments?post=132408"}],"version-history":[{"count":0,"href":"https:\/\/www.europesays.com\/fr\/wp-json\/wp\/v2\/posts\/132408\/revisions"}],"wp:featuredmedia":[{"embeddable":true,"href":"https:\/\/www.europesays.com\/fr\/wp-json\/wp\/v2\/media\/132409"}],"wp:attachment":[{"href":"https:\/\/www.europesays.com\/fr\/wp-json\/wp\/v2\/media?parent=132408"}],"wp:term":[{"taxonomy":"category","embeddable":true,"href":"https:\/\/www.europesays.com\/fr\/wp-json\/wp\/v2\/categories?post=132408"},{"taxonomy":"post_tag","embeddable":true,"href":"https:\/\/www.europesays.com\/fr\/wp-json\/wp\/v2\/tags?post=132408"}],"curies":[{"name":"wp","href":"https:\/\/api.w.org\/{rel}","templated":true}]}}