{"id":132414,"date":"2025-05-27T18:35:06","date_gmt":"2025-05-27T18:35:06","guid":{"rendered":"https:\/\/www.europesays.com\/fr\/132414\/"},"modified":"2025-05-27T18:35:06","modified_gmt":"2025-05-27T18:35:06","slug":"finaliste-de-la-boulangere-wonderligue-tarbes-retrograde-en-ligue-regionale-par-la-commission-de-controle-de-gestion-lequipe","status":"publish","type":"post","link":"https:\/\/www.europesays.com\/fr\/132414\/","title":{"rendered":"Finaliste de La Boulang\u00e8re Wonderligue, Tarbes r\u00e9trograd\u00e9 en Ligue r\u00e9gionale par la Commission de Contr\u00f4le de Gestion &#8211; L&#039;\u00c9quipe"},"content":{"rendered":"<ol>\n<li><a href=\"https:\/\/news.google.com\/rss\/articles\/CBMi-AFBVV95cUxNRHNCYWF1YnpvVDAzNzBSQjJwc0FoRk1ZbFVEMWhRb2tEaGZTeU9XdU5UdERsX3o5S3JNTnZsRVgtR012Y3p4OVNjSDhJOGV5eHMtdms1Nm5lZUVqaXp4c1RUMVNXNEl1V0E1NVR3Nm9Nb2xuSi00TDlnMTgwMzdPTHBFUW5LSjBPNG5uWGJHa18wR1dtLV9xQ21FVEJ1R1lIX0oyNlNhM2Vvdm5IRFpiS3ZSdFFuTWJid3lGanI5d3BwSjhwTDhrSGNSeFlrNFRBU3EydzRsYkxFbXlqLXU4d2g3TXJZWXdVTTdpVDJkOEEwSWctclpjXw?oc=5\" target=\"_blank\" rel=\"noopener\">Finaliste de La Boulang\u00e8re Wonderligue, Tarbes r\u00e9trograd\u00e9 en Ligue r\u00e9gionale par la Commission de Contr\u00f4le de Gestion<\/a>&nbsp;&nbsp;L&rsquo;\u00c9quipe<\/li>\n<li><a href=\"https:\/\/news.google.com\/rss\/articles\/CBMi-wFBVV95cUxNMkJOV2pKVV9kd0pQU0lVQzZaQ2F2UVowbFdsdFl6aWFvSm1XZlBRX2lYck1mSDRZTFNOa3pMT0R0WWQ1cUlqTWRoZ1BJVW9oOVcxYTFKUG5lQk1rYnV4OV9XUWF2TGxtQjdUWFgyNHNGMW56WUg4MUdLeWNwWFFlek5ZWWUxd0FTNDV5aEdvMmdiMmlpZTBtZkJVcUJsNERhVFEwTHZKMVBBczVtWERscmUwaDNnSWxvV2xYQ1FUejB6bFpBM0FCMEwxdlhUSFdIUlkyb3BVVDB1S0szQjlfTmEyaGRHYjMzbWxKeS1zNTd2MF9zcE94ZVA3TQ?oc=5\" target=\"_blank\" rel=\"noopener\">La F\u00e9d\u00e9ration fran\u00e7aise de basket r\u00e9trograde le vice-champion de France Tarbes et Roche Vend\u00e9e au niveau r\u00e9gional<\/a>&nbsp;&nbsp;Le Berry R\u00e9publicain<\/li>\n<li><a href=\"https:\/\/news.google.com\/rss\/articles\/CBMi-gFBVV95cUxOOVJQVlVjUk15RFJ1MzBJV2hZYXA2bWt4OU4yakFmTDI1N2wyWWJRMUF2cXc1TVNGRmcwNDgtZEU3ZndxajhMVS12MkpsUkNCeU5sSnZJdUVlX2NwNHIxQmhlb0ZLaDVVWm5zbmdlT3hZb1diM3d3NVBKTlFfT0JmcVVEN2w1aXFPa1k1NjkycXkzajluMWlBek0zRDdKaDdhZHNJUU1Tamxwd2lOYzhuLThnMFNNZmFPX1lxMjFCVG1hLV9TSW1HWmZnalZ0X0lLcGREc1NjNW9hMWt2TTJYUmU5ekNrZEhEUVd2WVg0S2JMbmVmZlNPa2t3?oc=5\" target=\"_blank\" rel=\"noopener\">Basket\/Wonderligue : La Roche Vend\u00e9e et Tarbes r\u00e9trograd\u00e9s, une chance de maintien pour le C&rsquo;Chartres MBF<\/a>&nbsp;&nbsp;L&rsquo;Echo R\u00e9publicain<\/li>\n<li><a href=\"https:\/\/news.google.com\/rss\/articles\/CBMiugFBVV95cUxPWnl6VTQ1Qlo3dFBMOG5nNVZzUTRZcDBVRTNseFlFX2kyeGVsaVlpbjRJbEhRVGg3QlVrVG1iZmE2Zml6OVlPazVYZENsRE9KeFpRdjUtMmRrWDZpZjk3MFJDMlZfcUFYZHZtZ250cEZfUEFjNjJZUlNTVWRhSG43V2xxcmV3QkZNQlVTbFJJYllnQzFvWlVndVM5bEdJRnpiaFIzSGdfcmV0Y2lUMW03ZV9odHRBRjVNZGc?oc=5\" target=\"_blank\" rel=\"noopener\">Basket N1M : l\u2019Aurore Vitr\u00e9 r\u00e9trograd\u00e9e en r\u00e9gional, le club fait appel<\/a>&nbsp;&nbsp;Actu.fr<\/li>\n<li><a href=\"https:\/\/news.google.com\/rss\/articles\/CBMi9gFBVV95cUxNOGwxS05jbkV4N29zSmh0d2RFcWl6dk81RWZLcW5xZ05vaEszcDgwWk5lR0tkRUYzank1V2phRjB5NVk3LUUwVkxSZHVDYzg1c09hQ1RjY21LZmZuQUFROU16V1FWQkNPTm9zSFMtWjQxU0dsZTBVQTdaVGlEZEpZejNQYzViTXIzVmhjNlgxZ3lYUFBJVmtQenRZY0lWS0ZQcFhrLXJpaVRVaEsySzYzQjRXczl0Y3lpaGlnTmRBb3VmeVUwYWwtUzkyVU9YMWM0ekkyenVSWXpFY3d3cWVtandIYkFVOGduNzJEV3pxeWdrTU9SQ3c?oc=5\" target=\"_blank\" rel=\"noopener\">Basket. La Roche Vend\u00e9e provisoirement r\u00e9trograd\u00e9e au niveau r\u00e9gional !<\/a>&nbsp;&nbsp;Ouest-France<\/li>\n<\/ol>\n","protected":false},"excerpt":{"rendered":"Finaliste de La Boulang\u00e8re Wonderligue, Tarbes r\u00e9trograd\u00e9 en Ligue r\u00e9gionale par la Commission de Contr\u00f4le de Gestion&nbsp;&nbsp;L&rsquo;\u00c9quipe La&hellip;\n","protected":false},"author":2,"featured_media":1445,"comment_status":"","ping_status":"","sticky":false,"template":"","format":"standard","meta":{"footnotes":""},"categories":[1414],"tags":[1465,1464,1011,27,60],"class_list":{"0":"post-132414","1":"post","2":"type-post","3":"status-publish","4":"format-standard","5":"has-post-thumbnail","7":"category-basket","8":"tag-basket","9":"tag-basketball","10":"tag-fr","11":"tag-france","12":"tag-sports"},"share_on_mastodon":{"url":"https:\/\/pubeurope.com\/@fr\/114581243399318529","error":""},"_links":{"self":[{"href":"https:\/\/www.europesays.com\/fr\/wp-json\/wp\/v2\/posts\/132414","targetHints":{"allow":["GET"]}}],"collection":[{"href":"https:\/\/www.europesays.com\/fr\/wp-json\/wp\/v2\/posts"}],"about":[{"href":"https:\/\/www.europesays.com\/fr\/wp-json\/wp\/v2\/types\/post"}],"author":[{"embeddable":true,"href":"https:\/\/www.europesays.com\/fr\/wp-json\/wp\/v2\/users\/2"}],"replies":[{"embeddable":true,"href":"https:\/\/www.europesays.com\/fr\/wp-json\/wp\/v2\/comments?post=132414"}],"version-history":[{"count":0,"href":"https:\/\/www.europesays.com\/fr\/wp-json\/wp\/v2\/posts\/132414\/revisions"}],"wp:featuredmedia":[{"embeddable":true,"href":"https:\/\/www.europesays.com\/fr\/wp-json\/wp\/v2\/media\/1445"}],"wp:attachment":[{"href":"https:\/\/www.europesays.com\/fr\/wp-json\/wp\/v2\/media?parent=132414"}],"wp:term":[{"taxonomy":"category","embeddable":true,"href":"https:\/\/www.europesays.com\/fr\/wp-json\/wp\/v2\/categories?post=132414"},{"taxonomy":"post_tag","embeddable":true,"href":"https:\/\/www.europesays.com\/fr\/wp-json\/wp\/v2\/tags?post=132414"}],"curies":[{"name":"wp","href":"https:\/\/api.w.org\/{rel}","templated":true}]}}